{"id":239098,"date":"2024-10-07T14:00:00","date_gmt":"2024-10-07T12:00:00","guid":{"rendered":"https:\/\/www.tucomarca.com\/wordpress\/segunda\/?p=239098"},"modified":"2024-10-07T19:02:09","modified_gmt":"2024-10-07T17:02:09","slug":"el-psoe-reclama-lampliacio-del-servei-dautobusos-utiel-valencia-amb-la-iniciativa-autobusos-x-setaigues","status":"publish","type":"post","link":"https:\/\/tucomarca.whitekongsoftware.com\/ca\/el-psoe-reclama-lampliacio-del-servei-dautobusos-utiel-valencia-amb-la-iniciativa-autobusos-x-setaigues\/","title":{"rendered":"El PSOE reclama l&#8217;ampliaci\u00f3 del servei d&#8217;autobusos Utiel-Val\u00e8ncia amb la iniciativa \u201c+ autobusos X Setaig\u00fces\u201d"},"content":{"rendered":"\n<p class=\"wp-block-paragraph\">&#8220;El mes d&#8217;agost passat, els ve\u00efns i ve\u00efnes de Setaig\u00fces vam ser informats que l&#8217;empresa concession\u00e0ria del servei d&#8217;autobusos que cobreix la ruta Utiel-Val\u00e8ncia canviava a Autobusos Bunyol, S.L, despr\u00e9s d&#8217;haver sigut aquesta la seleccionada per la Generalitat. Per\u00f2 no sols l&#8217;empresa canviava, si no que el canvi ha suposat l&#8217;eliminaci\u00f3 d&#8217;un servei d&#8217;anada i un altre de tornada. A m\u00e9s, els nous horaris informats s\u00f3n completament inadequats i incompatibles per a poder viatjar a Val\u00e8ncia i tornar al nostre poble el mateix dia&#8221;, tal com han manifestat des del Partit Socialista de Setaig\u00fces.<\/p>\n\n\n\n<p class=\"wp-block-paragraph\">&#8220;Davant tal situaci\u00f3, des de l&#8217;Equip de Govern de l&#8217;Ajuntament de Setaig\u00fces es va acudir a l&#8217;acte de presentaci\u00f3 del nou servei i, a m\u00e9s, es va reclamar a l&#8217;empresa i a la Conselleria perqu\u00e8 contemplaren una ampliaci\u00f3 de freq\u00fc\u00e8ncies, per\u00f2 no s&#8217;ha rebut cap contestaci\u00f3. \u00c9s per aix\u00f2 que des de l&#8217;Agrupaci\u00f3 Local Socialista de Setaig\u00fces hem impulsat aquesta iniciativa per a arreplegar signatures i aix\u00ed instar la Conselleria de Medi Ambient, Infraestructura i Transport a augmentar i millorar aquest servei deficient, imprescindible per al dia a dia dels i les sieteag\u00fcenses&#8221;.<\/p>\n\n\n\n<p class=\"wp-block-paragraph\">&#8220;Ara, m\u00e9s que mai, necessitem del suport de la majoria social del nostre municipi perqu\u00e8 les nostres reclamacions arriben a les institucions competents i aix\u00ed aconseguir el nostre objectiu: m\u00e9s autobusos per a Setaig\u00fces&#8221;.<\/p>\n\n\n\n<p class=\"wp-block-paragraph\">&#8220;Amb aquesta iniciativa s&#8217;estan arreplegant signatures per a millorar el servei d&#8217;autobusos i sol\u00b7licitar a la Conselleria que ens amplien les freq\u00fc\u00e8ncies, ja han sigut 300 ve\u00efns i ve\u00efnes els que han donat suport a aquesta acci\u00f3 amb les seues signatures, esperem que la nostra petici\u00f3 de suport augmente i siga escoltada pel Consell&#8221;, expliquen des de la formaci\u00f3 pol\u00edtica.<\/p>\n","protected":false},"excerpt":{"rendered":"<div class=\"mh-excerpt\">&#8220;El mes d&#8217;agost passat, els ve\u00efns i ve\u00efnes de Setaig\u00fces vam ser informats que l&#8217;empresa concession\u00e0ria del servei d&#8217;autobusos que cobreix la ruta Utiel-Val\u00e8ncia canviava a Autobusos Bunyol, S.L, despr\u00e9s d&#8217;haver sigut aquesta la seleccionada <a class=\"mh-excerpt-more\" href=\"https:\/\/tucomarca.whitekongsoftware.com\/ca\/el-psoe-reclama-lampliacio-del-servei-dautobusos-utiel-valencia-amb-la-iniciativa-autobusos-x-setaigues\/\" title=\"El PSOE reclama l&#8217;ampliaci\u00f3 del servei d&#8217;autobusos Utiel-Val\u00e8ncia amb la iniciativa \u201c+ autobusos X Setaig\u00fces\u201d\">[+] <\/a><\/div>\n","protected":false},"author":12,"featured_media":239097,"comment_status":"open","ping_status":"open","sticky":false,"template":"","format":"standard","meta":{"footnotes":""},"categories":[10948,10894,10912,10947,10896,10979],"tags":[10914,21311,11157],"class_list":["post-239098","post","type-post","status-publish","format-standard","has-post-thumbnail","category-infraestructuras-ca","category-la-comarca-ca","category-la-hoya-ca","category-politica","category-seccion-ca","category-siete-aguas-ca","tag-la-hoya-de-bunol-chiva-ca","tag-pspv-psoe-siete-aguas-ca","tag-siete-aguas-ca"],"_links":{"self":[{"href":"https:\/\/tucomarca.whitekongsoftware.com\/ca\/wp-json\/wp\/v2\/posts\/239098","targetHints":{"allow":["GET"]}}],"collection":[{"href":"https:\/\/tucomarca.whitekongsoftware.com\/ca\/wp-json\/wp\/v2\/posts"}],"about":[{"href":"https:\/\/tucomarca.whitekongsoftware.com\/ca\/wp-json\/wp\/v2\/types\/post"}],"author":[{"embeddable":true,"href":"https:\/\/tucomarca.whitekongsoftware.com\/ca\/wp-json\/wp\/v2\/users\/12"}],"replies":[{"embeddable":true,"href":"https:\/\/tucomarca.whitekongsoftware.com\/ca\/wp-json\/wp\/v2\/comments?post=239098"}],"version-history":[{"count":0,"href":"https:\/\/tucomarca.whitekongsoftware.com\/ca\/wp-json\/wp\/v2\/posts\/239098\/revisions"}],"wp:featuredmedia":[{"embeddable":true,"href":"https:\/\/tucomarca.whitekongsoftware.com\/ca\/wp-json\/wp\/v2\/media\/239097"}],"wp:attachment":[{"href":"https:\/\/tucomarca.whitekongsoftware.com\/ca\/wp-json\/wp\/v2\/media?parent=239098"}],"wp:term":[{"taxonomy":"category","embeddable":true,"href":"https:\/\/tucomarca.whitekongsoftware.com\/ca\/wp-json\/wp\/v2\/categories?post=239098"},{"taxonomy":"post_tag","embeddable":true,"href":"https:\/\/tucomarca.whitekongsoftware.com\/ca\/wp-json\/wp\/v2\/tags?post=239098"}],"curies":[{"name":"wp","href":"https:\/\/api.w.org\/{rel}","templated":true}]}}