{"id":239065,"date":"2024-10-05T09:45:00","date_gmt":"2024-10-05T07:45:00","guid":{"rendered":"https:\/\/www.tucomarca.com\/wordpress\/segunda\/?p=239065"},"modified":"2024-10-05T13:00:40","modified_gmt":"2024-10-05T11:00:40","slug":"natalia-enguix-celebra-el-25-aniversari-de-la-fira-de-meliana-destacant-la-combinacio-perfecta-dhorta-i-comerc","status":"publish","type":"post","link":"https:\/\/tucomarca.whitekongsoftware.com\/ca\/natalia-enguix-celebra-el-25-aniversari-de-la-fira-de-meliana-destacant-la-combinacio-perfecta-dhorta-i-comerc\/","title":{"rendered":"Nat\u00e0lia Enguix celebra el 25 aniversari de la Fira de Meliana destacant la \u201ccombinaci\u00f3 perfecta d&#8217;horta i comer\u00e7\u201d"},"content":{"rendered":"\n<h3 class=\"wp-block-heading\">La vicepresidenta primera de la Diputaci\u00f3 de Val\u00e8ncia visita la Fira Agr\u00edcola i Comercial de Meliana (FIMEL) junt amb el diputat de Turisme, Pedro Cuesta.<\/h3>\n\n\n\n<p class=\"wp-block-paragraph\">La vicepresidenta primera de la Diputaci\u00f3 de Val\u00e8ncia, Nat\u00e0lia Enguix, va visitar este divendres la Fira Agr\u00edcola i Comercial de Meliana (FIMEL) al junt amb el diputat provincial de Turisme, Pedro Cuesta. Enguix i Cuesta van acompanyar a l&#8217;alcaldessa, Trini Monta\u00f1ana, en el recorregut pel recinte firal localitzat al carrer Rei en Jaume I, on un any m\u00e9s s&#8217;han situat les casetes de la Fira de Meliana, la m\u00e9s antiga de l&#8217;Horta Nord.<\/p>\n\n\n\n<p class=\"wp-block-paragraph\">La vicepresidenta Enguix va felicitar a Meliana per \u201cestos 25 anys d&#8217;una fira que \u00e9s tota una refer\u00e8ncia a la comarca i que posa de manifest la perfecta combinaci\u00f3 entre l&#8217;horta i el comer\u00e7\u201d. Durant el recorregut per FIMEL, que inclou activitats, tallers, exposicions i una zona gastron\u00f2mica, Nat\u00e0lia Enguix va destacar \u201cl&#8217;extraordin\u00e0ria qualitat de la mat\u00e8ria primera que es cultiva en l&#8217;horta valenciana\u201d.<\/p>\n\n\n\n<figure class=\"wp-block-gallery has-nested-images columns-default is-cropped wp-block-gallery-1 is-layout-flex wp-block-gallery-is-layout-flex\">\n<figure class=\"wp-block-image size-large\"><img loading=\"lazy\" decoding=\"async\" width=\"886\" height=\"526\" data-id=\"239062\" src=\"https:\/\/www.tucomarca.com\/wordpress\/segunda\/wp-content\/uploads\/2024\/10\/EnguixFiraMeliana3.jpg\" alt=\"\" class=\"wp-image-239062\" srcset=\"https:\/\/tucomarca.whitekongsoftware.com\/wp-content\/uploads\/2024\/10\/EnguixFiraMeliana3.jpg 886w, https:\/\/tucomarca.whitekongsoftware.com\/wp-content\/uploads\/2024\/10\/EnguixFiraMeliana3-300x178.jpg 300w, https:\/\/tucomarca.whitekongsoftware.com\/wp-content\/uploads\/2024\/10\/EnguixFiraMeliana3-768x456.jpg 768w\" sizes=\"auto, (max-width: 886px) 100vw, 886px\" \/><\/figure>\n\n\n\n<figure class=\"wp-block-image size-large\"><img loading=\"lazy\" decoding=\"async\" width=\"886\" height=\"554\" data-id=\"239060\" src=\"https:\/\/www.tucomarca.com\/wordpress\/segunda\/wp-content\/uploads\/2024\/10\/EnguixFiraMeliana2.jpg\" alt=\"\" class=\"wp-image-239060\" srcset=\"https:\/\/tucomarca.whitekongsoftware.com\/wp-content\/uploads\/2024\/10\/EnguixFiraMeliana2.jpg 886w, https:\/\/tucomarca.whitekongsoftware.com\/wp-content\/uploads\/2024\/10\/EnguixFiraMeliana2-300x188.jpg 300w, https:\/\/tucomarca.whitekongsoftware.com\/wp-content\/uploads\/2024\/10\/EnguixFiraMeliana2-768x480.jpg 768w\" sizes=\"auto, (max-width: 886px) 100vw, 886px\" \/><\/figure>\n<\/figure>\n\n\n\n<p class=\"wp-block-paragraph\">Els responsables provincials van participar, al costat de la corporaci\u00f3 local, en l&#8217;homenatge a Blas Dev\u00eds, reconegut per l&#8217;ajuntament com a pioner en la creaci\u00f3 de FIMEL; Baltasar Tatay, reconegut pel Consell Agrari per la seua traject\u00f2ria en el sector agr\u00edcola; i Josep Romero, impulsor del comer\u00e7 local i fundador de l&#8217;Associaci\u00f3 de Comerciants de Meliana (MAC). En paraules d&#8217;Enguix, \u201cla millor her\u00e8ncia que pot tindre Meliana i qualsevol municipi \u00e9s gent treballadora que ha fet i fa tant pel seu poble\u201d.<\/p>\n\n\n\n<p class=\"wp-block-paragraph\">La Fira de Meliana se celebra entre el divendres 4 i el diumenge 6 d&#8217;octubre, amb una gran oferta d&#8217;activitats infantils, l\u00fadiques i culturals, incloent-hi exposicions, zona de fotoreclam, glitter bar i maquillatge, tallers i firma de llibres. El Espai Tasta Meliana oferix tapes elaborades i un men\u00fa de fira a preus populars, amb restaurants de la zona. FIMEL, amb m\u00e9s de 90 estands, pot visitar-se este dissabte i el diumenge de 10.00 a 14.00 i de 17.00 a 22.00 hores.<\/p>\n","protected":false},"excerpt":{"rendered":"<div class=\"mh-excerpt\">La vicepresidenta primera de la Diputaci\u00f3 de Val\u00e8ncia visita la Fira Agr\u00edcola i Comercial de Meliana (FIMEL) junt amb el diputat de Turisme, Pedro Cuesta. La vicepresidenta primera de la Diputaci\u00f3 de Val\u00e8ncia, Nat\u00e0lia Enguix, <a class=\"mh-excerpt-more\" href=\"https:\/\/tucomarca.whitekongsoftware.com\/ca\/natalia-enguix-celebra-el-25-aniversari-de-la-fira-de-meliana-destacant-la-combinacio-perfecta-dhorta-i-comerc\/\" title=\"Nat\u00e0lia Enguix celebra el 25 aniversari de la Fira de Meliana destacant la \u201ccombinaci\u00f3 perfecta d&#8217;horta i comer\u00e7\u201d\">[+] <\/a><\/div>\n","protected":false},"author":12,"featured_media":239059,"comment_status":"open","ping_status":"open","sticky":false,"template":"","format":"gallery","meta":{"footnotes":""},"categories":[20520,10898,10904,20456,11007,10896],"tags":[11246,21309,20404,20742],"class_list":["post-239065","post","type-post","status-publish","format-gallery","has-post-thumbnail","category-cooperacio-municipal","category-ventana-ca","category-sin-categorizar-ca","category-la-diputacio-de-valencia-informa-ca","category-ocio-y-cultura-ca","category-seccion-ca","tag-diputacio-de-valencia-ca","tag-feria-agricola-meliana-ca","tag-natalia-enguix-2-ca","tag-pedro-cuesta-ca","post_format-post-format-gallery"],"_links":{"self":[{"href":"https:\/\/tucomarca.whitekongsoftware.com\/ca\/wp-json\/wp\/v2\/posts\/239065","targetHints":{"allow":["GET"]}}],"collection":[{"href":"https:\/\/tucomarca.whitekongsoftware.com\/ca\/wp-json\/wp\/v2\/posts"}],"about":[{"href":"https:\/\/tucomarca.whitekongsoftware.com\/ca\/wp-json\/wp\/v2\/types\/post"}],"author":[{"embeddable":true,"href":"https:\/\/tucomarca.whitekongsoftware.com\/ca\/wp-json\/wp\/v2\/users\/12"}],"replies":[{"embeddable":true,"href":"https:\/\/tucomarca.whitekongsoftware.com\/ca\/wp-json\/wp\/v2\/comments?post=239065"}],"version-history":[{"count":0,"href":"https:\/\/tucomarca.whitekongsoftware.com\/ca\/wp-json\/wp\/v2\/posts\/239065\/revisions"}],"wp:featuredmedia":[{"embeddable":true,"href":"https:\/\/tucomarca.whitekongsoftware.com\/ca\/wp-json\/wp\/v2\/media\/239059"}],"wp:attachment":[{"href":"https:\/\/tucomarca.whitekongsoftware.com\/ca\/wp-json\/wp\/v2\/media?parent=239065"}],"wp:term":[{"taxonomy":"category","embeddable":true,"href":"https:\/\/tucomarca.whitekongsoftware.com\/ca\/wp-json\/wp\/v2\/categories?post=239065"},{"taxonomy":"post_tag","embeddable":true,"href":"https:\/\/tucomarca.whitekongsoftware.com\/ca\/wp-json\/wp\/v2\/tags?post=239065"}],"curies":[{"name":"wp","href":"https:\/\/api.w.org\/{rel}","templated":true}]}}