{"id":239017,"date":"2024-10-04T10:01:00","date_gmt":"2024-10-04T08:01:00","guid":{"rendered":"https:\/\/www.tucomarca.com\/wordpress\/segunda\/?p=239017"},"modified":"2024-10-04T17:38:56","modified_gmt":"2024-10-04T15:38:56","slug":"aras-de-los-olmos-ultima-la-programacio-de-les-v-jornades-de-la-dona-rural","status":"publish","type":"post","link":"https:\/\/tucomarca.whitekongsoftware.com\/ca\/aras-de-los-olmos-ultima-la-programacio-de-les-v-jornades-de-la-dona-rural\/","title":{"rendered":"Aras de los Olmos ultima la programaci\u00f3 de les V Jornades de la Dona Rural"},"content":{"rendered":"\n<p class=\"wp-block-paragraph\">Aras de los Olmos ultima els preparatius de les activitats previstes per a les seues Jornades de la Dona Rural dins del Festival de Tardor de l&#8217;Alt T\u00faria, un conjunt d&#8217;esdeveniments dirigits a totes les edats que transformaran Aras de los Olmos, durant els dies 11, 12 i 13 en l&#8217;epicentre de la gastronomia, artesania o folklore de la prov\u00edncia.<\/p>\n\n\n\n<p class=\"wp-block-paragraph\">El Festival de Tardor de l&#8217;Alt T\u00faria, que Aras de los Olmos focalitza en el paper de la dona rural, pret\u00e9n posar en valor la riquesa gastron\u00f2mica i cultural d&#8217;aquesta regi\u00f3 \u00fanica de la prov\u00edncia de Val\u00e8ncia.&nbsp;<\/p>\n\n\n\n<p class=\"wp-block-paragraph\">Durant tres dies i especialment el 12 d&#8217;Octubre, nombroses activitats culturals, tastos de vi, degustacions de productes t\u00edpics, m\u00fasica amb arrels aut\u00f2ctones, mercat de productes t\u00edpics i activitats infantils, oferiran al visitant un ampli ventall de possibilitats que converteix a aquest municipi, situat a menys de 100 km de Val\u00e8ncia, en un dest\u00ed \u00f2ptim per a un cap de setmana diferent.<\/p>\n\n\n\n<p class=\"wp-block-paragraph\">El Festival de Tardor de l&#8217;Alt T\u00faria forma part de les activitats programades per la Mancomunitat i la Diputaci\u00f3 de Val\u00e8ncia.<\/p>\n","protected":false},"excerpt":{"rendered":"<div class=\"mh-excerpt\">Aras de los Olmos ultima els preparatius de les activitats previstes per a les seues Jornades de la Dona Rural dins del Festival de Tardor de l&#8217;Alt T\u00faria, un conjunt d&#8217;esdeveniments dirigits a totes les <a class=\"mh-excerpt-more\" href=\"https:\/\/tucomarca.whitekongsoftware.com\/ca\/aras-de-los-olmos-ultima-la-programacio-de-les-v-jornades-de-la-dona-rural\/\" title=\"Aras de los Olmos ultima la programaci\u00f3 de les V Jornades de la Dona Rural\">[+] <\/a><\/div>\n","protected":false},"author":13,"featured_media":239015,"comment_status":"open","ping_status":"open","sticky":false,"template":"","format":"standard","meta":{"footnotes":""},"categories":[11019,11042,11046,11007,10896],"tags":[11201,11928,15856],"class_list":["post-239017","post","type-post","status-publish","format-standard","has-post-thumbnail","category-agenda-ca","category-aras-de-olmos-ca","category-los-serranos-ca","category-ocio-y-cultura-ca","category-seccion-ca","tag-aras-de-olmos-ca","tag-la-serrania-ca","tag-ocio-y-cultura-ca"],"_links":{"self":[{"href":"https:\/\/tucomarca.whitekongsoftware.com\/ca\/wp-json\/wp\/v2\/posts\/239017","targetHints":{"allow":["GET"]}}],"collection":[{"href":"https:\/\/tucomarca.whitekongsoftware.com\/ca\/wp-json\/wp\/v2\/posts"}],"about":[{"href":"https:\/\/tucomarca.whitekongsoftware.com\/ca\/wp-json\/wp\/v2\/types\/post"}],"author":[{"embeddable":true,"href":"https:\/\/tucomarca.whitekongsoftware.com\/ca\/wp-json\/wp\/v2\/users\/13"}],"replies":[{"embeddable":true,"href":"https:\/\/tucomarca.whitekongsoftware.com\/ca\/wp-json\/wp\/v2\/comments?post=239017"}],"version-history":[{"count":0,"href":"https:\/\/tucomarca.whitekongsoftware.com\/ca\/wp-json\/wp\/v2\/posts\/239017\/revisions"}],"wp:featuredmedia":[{"embeddable":true,"href":"https:\/\/tucomarca.whitekongsoftware.com\/ca\/wp-json\/wp\/v2\/media\/239015"}],"wp:attachment":[{"href":"https:\/\/tucomarca.whitekongsoftware.com\/ca\/wp-json\/wp\/v2\/media?parent=239017"}],"wp:term":[{"taxonomy":"category","embeddable":true,"href":"https:\/\/tucomarca.whitekongsoftware.com\/ca\/wp-json\/wp\/v2\/categories?post=239017"},{"taxonomy":"post_tag","embeddable":true,"href":"https:\/\/tucomarca.whitekongsoftware.com\/ca\/wp-json\/wp\/v2\/tags?post=239017"}],"curies":[{"name":"wp","href":"https:\/\/api.w.org\/{rel}","templated":true}]}}