{"id":239011,"date":"2024-10-04T10:45:00","date_gmt":"2024-10-04T08:45:00","guid":{"rendered":"https:\/\/www.tucomarca.com\/wordpress\/segunda\/?p=239011"},"modified":"2024-10-04T17:41:48","modified_gmt":"2024-10-04T15:41:48","slug":"godelleta-celebra-aquest-cap-de-setmana-a-la-seua-patrona-la-santissima-verge-del-rosari","status":"publish","type":"post","link":"https:\/\/tucomarca.whitekongsoftware.com\/ca\/godelleta-celebra-aquest-cap-de-setmana-a-la-seua-patrona-la-santissima-verge-del-rosari\/","title":{"rendered":"Godelleta celebra aquest cap de setmana a la seua patrona, la Sant\u00edssima Verge del Rosari"},"content":{"rendered":"\n<p class=\"wp-block-paragraph\">Aquest cap de setmana, Godelleta ret homenatge a la seua patrona, la Sant\u00edssima Verge del Rosari, amb la celebraci\u00f3 de la seua festivitat tradicional, que t\u00e9 lloc el primer diumenge d&#8217;octubre. <\/p>\n\n\n\n<p class=\"wp-block-paragraph\">Els actes comen\u00e7aran el diumenge a les 7,00 hores amb el Rosari de l&#8217;Aurora i la Solemne Eucaristia, en la qual participaran la confraria de la Verge del Rosari, clavaries, la Falla Godayla, l&#8217;agrupaci\u00f3 infantil de la primera comuni\u00f3 i la Uni\u00f3 Musical de Godelleta. El mat\u00ed conclour\u00e0 amb una masclet\u00e1, patrocinada per la Clavaria de la Verge del Carmen 2024.<\/p>\n\n\n\n<p class=\"wp-block-paragraph\">A la vesprada, els ve\u00efns participaran en la tradicional process\u00f3 i l&#8217;ofrena de llorer en honor al Pare Tar\u00edn. La jornada finalitzar\u00e0 amb un castell de focs artificials, tamb\u00e9 patrocinat per la Clavaria de la Verge del Carmen 2024, que il\u00b7luminar\u00e0 el cel de Godelleta en honor a la seua patrona.<\/p>\n","protected":false},"excerpt":{"rendered":"<div class=\"mh-excerpt\">Aquest cap de setmana, Godelleta ret homenatge a la seua patrona, la Sant\u00edssima Verge del Rosari, amb la celebraci\u00f3 de la seua festivitat tradicional, que t\u00e9 lloc el primer diumenge d&#8217;octubre. Els actes comen\u00e7aran el <a class=\"mh-excerpt-more\" href=\"https:\/\/tucomarca.whitekongsoftware.com\/ca\/godelleta-celebra-aquest-cap-de-setmana-a-la-seua-patrona-la-santissima-verge-del-rosari\/\" title=\"Godelleta celebra aquest cap de setmana a la seua patrona, la Sant\u00edssima Verge del Rosari\">[+] <\/a><\/div>\n","protected":false},"author":12,"featured_media":239010,"comment_status":"open","ping_status":"open","sticky":false,"template":"","format":"standard","meta":{"footnotes":""},"categories":[11019,10977,10894,10912,11007,10896],"tags":[11087,10914,21303],"class_list":["post-239011","post","type-post","status-publish","format-standard","has-post-thumbnail","category-agenda-ca","category-godelleta-ca","category-la-comarca-ca","category-la-hoya-ca","category-ocio-y-cultura-ca","category-seccion-ca","tag-godelleta-ca","tag-la-hoya-de-bunol-chiva-ca","tag-virgen-del-rosario-ca"],"_links":{"self":[{"href":"https:\/\/tucomarca.whitekongsoftware.com\/ca\/wp-json\/wp\/v2\/posts\/239011","targetHints":{"allow":["GET"]}}],"collection":[{"href":"https:\/\/tucomarca.whitekongsoftware.com\/ca\/wp-json\/wp\/v2\/posts"}],"about":[{"href":"https:\/\/tucomarca.whitekongsoftware.com\/ca\/wp-json\/wp\/v2\/types\/post"}],"author":[{"embeddable":true,"href":"https:\/\/tucomarca.whitekongsoftware.com\/ca\/wp-json\/wp\/v2\/users\/12"}],"replies":[{"embeddable":true,"href":"https:\/\/tucomarca.whitekongsoftware.com\/ca\/wp-json\/wp\/v2\/comments?post=239011"}],"version-history":[{"count":0,"href":"https:\/\/tucomarca.whitekongsoftware.com\/ca\/wp-json\/wp\/v2\/posts\/239011\/revisions"}],"wp:featuredmedia":[{"embeddable":true,"href":"https:\/\/tucomarca.whitekongsoftware.com\/ca\/wp-json\/wp\/v2\/media\/239010"}],"wp:attachment":[{"href":"https:\/\/tucomarca.whitekongsoftware.com\/ca\/wp-json\/wp\/v2\/media?parent=239011"}],"wp:term":[{"taxonomy":"category","embeddable":true,"href":"https:\/\/tucomarca.whitekongsoftware.com\/ca\/wp-json\/wp\/v2\/categories?post=239011"},{"taxonomy":"post_tag","embeddable":true,"href":"https:\/\/tucomarca.whitekongsoftware.com\/ca\/wp-json\/wp\/v2\/tags?post=239011"}],"curies":[{"name":"wp","href":"https:\/\/api.w.org\/{rel}","templated":true}]}}