{"id":238855,"date":"2024-10-03T11:15:00","date_gmt":"2024-10-03T09:15:00","guid":{"rendered":"https:\/\/www.tucomarca.com\/wordpress\/segunda\/?p=238855"},"modified":"2024-10-03T12:37:18","modified_gmt":"2024-10-03T10:37:18","slug":"xest-celebrara-lesdeveniment-party-remember-2024-amb-raul-platero-dj-poyo-i-isaac-rubio","status":"publish","type":"post","link":"https:\/\/tucomarca.whitekongsoftware.com\/ca\/xest-celebrara-lesdeveniment-party-remember-2024-amb-raul-platero-dj-poyo-i-isaac-rubio\/","title":{"rendered":"Xest celebrar\u00e0 l&#8217;esdeveniment \u201cParty Remember 2024\u201d amb Ra\u00fal Platero, DJ Poyo i Isaac Rubio"},"content":{"rendered":"\n<p class=\"wp-block-paragraph\">Aquest dissabte, 5 d&#8217;octubre, la pla\u00e7a II Rep\u00fablica de Xest acollir\u00e0 l&#8217;esdeveniment \u201cParty remember 2024\u201d amb motiu de la celebraci\u00f3 de la 51a edici\u00f3 de la Festa de la Verema.<\/p>\n\n\n\n<p class=\"wp-block-paragraph\">La discom\u00f3vil, organitzada per Green Cave Events, comptar\u00e0 amb Ra\u00fal Platero, DJ valenci\u00e0 de reconeguda traject\u00f2ria en el panorama remember, amb un repertori amb els temes m\u00e9s famosos dels anys 90 i 2000. El cartell tamb\u00e9 contempla l&#8217;actuaci\u00f3 de l&#8217;artista turolense DJ Poyo, tamb\u00e9 capdavanter en el panorama de m\u00fasica tecno nacional. De nou, no faltar\u00e0 la participaci\u00f3 local en l&#8217;esdeveniment, de la m\u00e0 d&#8217;Isaac DJ Rubio.<\/p>\n\n\n\n<p class=\"wp-block-paragraph\">La discom\u00f3vil se celebrar\u00e0 a partir de les 23.30 i l&#8217;entrada ser\u00e0 gratu\u00efta.<\/p>\n","protected":false},"excerpt":{"rendered":"<div class=\"mh-excerpt\">Aquest dissabte, 5 d&#8217;octubre, la pla\u00e7a II Rep\u00fablica de Xest acollir\u00e0 l&#8217;esdeveniment \u201cParty remember 2024\u201d amb motiu de la celebraci\u00f3 de la 51a edici\u00f3 de la Festa de la Verema. La discom\u00f3vil, organitzada per Green <a class=\"mh-excerpt-more\" href=\"https:\/\/tucomarca.whitekongsoftware.com\/ca\/xest-celebrara-lesdeveniment-party-remember-2024-amb-raul-platero-dj-poyo-i-isaac-rubio\/\" title=\"Xest celebrar\u00e0 l&#8217;esdeveniment \u201cParty Remember 2024\u201d amb Ra\u00fal Platero, DJ Poyo i Isaac Rubio\">[+] <\/a><\/div>\n","protected":false},"author":13,"featured_media":238853,"comment_status":"open","ping_status":"open","sticky":false,"template":"","format":"standard","meta":{"footnotes":""},"categories":[11019,11005,10894,10912,11007,10896,10974],"tags":[11071,10914,15856],"class_list":["post-238855","post","type-post","status-publish","format-standard","has-post-thumbnail","category-agenda-ca","category-canal-musica","category-la-comarca-ca","category-la-hoya-ca","category-ocio-y-cultura-ca","category-seccion-ca","category-cheste-ca","tag-cheste","tag-la-hoya-de-bunol-chiva-ca","tag-ocio-y-cultura-ca"],"_links":{"self":[{"href":"https:\/\/tucomarca.whitekongsoftware.com\/ca\/wp-json\/wp\/v2\/posts\/238855","targetHints":{"allow":["GET"]}}],"collection":[{"href":"https:\/\/tucomarca.whitekongsoftware.com\/ca\/wp-json\/wp\/v2\/posts"}],"about":[{"href":"https:\/\/tucomarca.whitekongsoftware.com\/ca\/wp-json\/wp\/v2\/types\/post"}],"author":[{"embeddable":true,"href":"https:\/\/tucomarca.whitekongsoftware.com\/ca\/wp-json\/wp\/v2\/users\/13"}],"replies":[{"embeddable":true,"href":"https:\/\/tucomarca.whitekongsoftware.com\/ca\/wp-json\/wp\/v2\/comments?post=238855"}],"version-history":[{"count":0,"href":"https:\/\/tucomarca.whitekongsoftware.com\/ca\/wp-json\/wp\/v2\/posts\/238855\/revisions"}],"wp:featuredmedia":[{"embeddable":true,"href":"https:\/\/tucomarca.whitekongsoftware.com\/ca\/wp-json\/wp\/v2\/media\/238853"}],"wp:attachment":[{"href":"https:\/\/tucomarca.whitekongsoftware.com\/ca\/wp-json\/wp\/v2\/media?parent=238855"}],"wp:term":[{"taxonomy":"category","embeddable":true,"href":"https:\/\/tucomarca.whitekongsoftware.com\/ca\/wp-json\/wp\/v2\/categories?post=238855"},{"taxonomy":"post_tag","embeddable":true,"href":"https:\/\/tucomarca.whitekongsoftware.com\/ca\/wp-json\/wp\/v2\/tags?post=238855"}],"curies":[{"name":"wp","href":"https:\/\/api.w.org\/{rel}","templated":true}]}}