{"id":238826,"date":"2024-10-03T09:30:00","date_gmt":"2024-10-03T07:30:00","guid":{"rendered":"https:\/\/www.tucomarca.com\/wordpress\/segunda\/?p=238826"},"modified":"2024-10-03T12:33:47","modified_gmt":"2024-10-03T10:33:47","slug":"torna-la-tradicional-monta-de-entablaus-de-xest","status":"publish","type":"post","link":"https:\/\/tucomarca.whitekongsoftware.com\/ca\/torna-la-tradicional-monta-de-entablaus-de-xest\/","title":{"rendered":"Torna la tradicional \u201cMont\u00e1 de entablaus\u201d de Xest"},"content":{"rendered":"\n<p class=\"wp-block-paragraph\">Com cada any, el programa de la Festa de la Verema contempla actes taurins que, en aquesta ocasi\u00f3, se celebraran del 23 al 27 d&#8217;octubre.<\/p>\n\n\n\n<p class=\"wp-block-paragraph\">El dia 10 d&#8217;octubre es far\u00e0 el sorteig d&#8217;entauleu-vos en el sal\u00f3 de plens de l&#8217;Ajuntament, a les 19.00, i el muntatge de la pla\u00e7a comen\u00e7ar\u00e0 el 21 d&#8217;octubre.<\/p>\n\n\n\n<p class=\"wp-block-paragraph\">\u201cLa Regidoria de Festes desitjaria tornar a veure la pla\u00e7a plena de chestanos celebrant una de les tradicions m\u00e9s antigues, la mont\u00e1 de entablaus\u201d, ha declarat el regidor de Festes, \u00d3scar Gald\u00f3n. \u201cEnguany, com a novetat, el muntatge de cadafales particulars ser\u00e0 gratu\u00eft; esperem veure a les nostres penyes amb una bona indument\u00e0ria i un bon berenar, gaudint de les nostres festes. A m\u00e9s, esperem que el dia 10 el sorteig de cadafales siga tota una festa, com era abans\u201d.<\/p>\n\n\n\n<p class=\"wp-block-paragraph\"><strong>Programaci\u00f3 taurina<\/strong><br>El dimecres 23 d&#8217;octubre comen\u00e7ar\u00e0 la setmana taurina amb una entr\u00e1 de bous, pel carrer Xiva, a les 14.30. A les 18.00 hi haur\u00e0 tard de vaques, bou en puntes i vedell, i a les 21.30 ser\u00e0 l&#8217;eixida de bous i vaquillas de nou pel carrer Xiva. La programaci\u00f3 taurina ser\u00e0 la mateixa l&#8217;endem\u00e0, dijous. El divendres, 25 d&#8217;octubre, se celebrar\u00e0 una entr\u00e1 especial de bous, la vesprada de vaques i l&#8217;eixida de bous, com en els dies anteriors, i a les 23.30 bou de rotle, vaquillas i bou embolao. El dissabte arribar\u00e0 el moment del bou en corda, a les 8.00, pr\u00e8via a la celebraci\u00f3 de les tradicionals paelles. Els actes taurins acabaran el Dia de la Flor, el 27 d&#8217;octubre, \u00faltim dia de festes, amb una entr\u00e1 de bous amb cavalls, vesprada de vaques, bou en puntes i vedell, i bou embolao i eixida de vaquillas pel carrer Xiva.<\/p>\n","protected":false},"excerpt":{"rendered":"<div class=\"mh-excerpt\">Com cada any, el programa de la Festa de la Verema contempla actes taurins que, en aquesta ocasi\u00f3, se celebraran del 23 al 27 d&#8217;octubre. El dia 10 d&#8217;octubre es far\u00e0 el sorteig d&#8217;entauleu-vos en <a class=\"mh-excerpt-more\" href=\"https:\/\/tucomarca.whitekongsoftware.com\/ca\/torna-la-tradicional-monta-de-entablaus-de-xest\/\" title=\"Torna la tradicional \u201cMont\u00e1 de entablaus\u201d de Xest\">[+] <\/a><\/div>\n","protected":false},"author":12,"featured_media":238824,"comment_status":"open","ping_status":"open","sticky":false,"template":"","format":"standard","meta":{"footnotes":""},"categories":[11019,10894,10912,11007,10896,10974],"tags":[11071,10914,21295],"class_list":["post-238826","post","type-post","status-publish","format-standard","has-post-thumbnail","category-agenda-ca","category-la-comarca-ca","category-la-hoya-ca","category-ocio-y-cultura-ca","category-seccion-ca","category-cheste-ca","tag-cheste","tag-la-hoya-de-bunol-chiva-ca","tag-semana-taurina-cheste-ca"],"_links":{"self":[{"href":"https:\/\/tucomarca.whitekongsoftware.com\/ca\/wp-json\/wp\/v2\/posts\/238826","targetHints":{"allow":["GET"]}}],"collection":[{"href":"https:\/\/tucomarca.whitekongsoftware.com\/ca\/wp-json\/wp\/v2\/posts"}],"about":[{"href":"https:\/\/tucomarca.whitekongsoftware.com\/ca\/wp-json\/wp\/v2\/types\/post"}],"author":[{"embeddable":true,"href":"https:\/\/tucomarca.whitekongsoftware.com\/ca\/wp-json\/wp\/v2\/users\/12"}],"replies":[{"embeddable":true,"href":"https:\/\/tucomarca.whitekongsoftware.com\/ca\/wp-json\/wp\/v2\/comments?post=238826"}],"version-history":[{"count":0,"href":"https:\/\/tucomarca.whitekongsoftware.com\/ca\/wp-json\/wp\/v2\/posts\/238826\/revisions"}],"wp:featuredmedia":[{"embeddable":true,"href":"https:\/\/tucomarca.whitekongsoftware.com\/ca\/wp-json\/wp\/v2\/media\/238824"}],"wp:attachment":[{"href":"https:\/\/tucomarca.whitekongsoftware.com\/ca\/wp-json\/wp\/v2\/media?parent=238826"}],"wp:term":[{"taxonomy":"category","embeddable":true,"href":"https:\/\/tucomarca.whitekongsoftware.com\/ca\/wp-json\/wp\/v2\/categories?post=238826"},{"taxonomy":"post_tag","embeddable":true,"href":"https:\/\/tucomarca.whitekongsoftware.com\/ca\/wp-json\/wp\/v2\/tags?post=238826"}],"curies":[{"name":"wp","href":"https:\/\/api.w.org\/{rel}","templated":true}]}}