{"id":238761,"date":"2024-10-02T09:30:00","date_gmt":"2024-10-02T07:30:00","guid":{"rendered":"https:\/\/www.tucomarca.com\/wordpress\/segunda\/?p=238761"},"modified":"2024-10-02T18:22:44","modified_gmt":"2024-10-02T16:22:44","slug":"la-diputacio-de-valencia-reforca-la-formacio-als-ajuntaments-en-la-gestio-de-colonies-felines","status":"publish","type":"post","link":"https:\/\/tucomarca.whitekongsoftware.com\/ca\/la-diputacio-de-valencia-reforca-la-formacio-als-ajuntaments-en-la-gestio-de-colonies-felines\/","title":{"rendered":"La Diputaci\u00f3 de Val\u00e8ncia refor\u00e7a la formaci\u00f3 als ajuntaments en la gesti\u00f3 de col\u00f2nies felines"},"content":{"rendered":"\n<h3 class=\"wp-block-heading\">L&#8217;\u00e0rea de Formaci\u00f3 que dirigix Ricardo Gabald\u00f3n ha impartit el curs \u2018Gesti\u00f3 municipal de col\u00f2nies felines\u2019, amb la col\u00b7laboraci\u00f3 del Col\u00b7legi Oficial de Veterinaris de Val\u00e8ncia.<\/h3>\n\n\n\n<h3 class=\"wp-block-heading\">A m\u00e9s del curs, la Diputaci\u00f3 posar\u00e0 a la disposici\u00f3 dels ajuntaments un manual especialitzat per a guiar als t\u00e8cnics municipals en el maneig de les col\u00f2nies felines.<\/h3>\n\n\n\n<p class=\"wp-block-paragraph\">La Diputaci\u00f3 de Val\u00e8ncia ha completat el curs \u2018Gesti\u00f3 municipal de col\u00f2nies felines\u2019, dirigit tant a personal t\u00e8cnic dels ajuntaments com a regidors i fins i tot alcaldes d&#8217;estos. Al llarg de dos jornades, el professorat expert en esta mat\u00e8ria ha orientat de manera pr\u00e0ctica als assistents sobre com complir correctament amb les obligacions que arreplega la nova legislaci\u00f3, i tamb\u00e9 la millor manera de controlar estes col\u00f2nies promovent el benestar animal i la conviv\u00e8ncia harm\u00f2nica entre els animals i els ve\u00efns.<\/p>\n\n\n\n<p class=\"wp-block-paragraph\">Este curs sorgix d&#8217;un mandat del ple de la Diputaci\u00f3 de Val\u00e8ncia, amb l&#8217;objectiu de fer costat als ajuntaments en la correcta aplicaci\u00f3 de la Llei 7\/2023, de 28 de mar\u00e7, de Protecci\u00f3 dels Drets i el Benestar dels Animals, at\u00e9s que moltes de les obligacions que s&#8217;arrepleguen en la legislaci\u00f3 recauen directament en els governs locals, i per aix\u00f2 \u00e9s necessari assegurar que els agents p\u00fablics estiguen adequadament preparats per a complir amb estes tasques. A m\u00e9s, els ajuntaments han expressat en repetides ocasions la necessitat de rebre orientaci\u00f3 per a aplicar la legislaci\u00f3 de manera efectiva.<\/p>\n\n\n\n<p class=\"wp-block-paragraph\">La gesti\u00f3 d&#8217;animals, especialment pel que fa a les col\u00f2nies felines, requerix un enfocament especialitzat i coneixements espec\u00edfics que molts municipis actualment no posse\u00efxen. Esta bretxa en la capacitaci\u00f3 i habilitats fa essencial l&#8217;organitzaci\u00f3 de jornades de formaci\u00f3 com esta, que proporcionen les ferramentes necess\u00e0ries per a una implementaci\u00f3 exitosa de la llei.<\/p>\n\n\n\n<p class=\"wp-block-paragraph\"><strong>Col\u00b7laboraci\u00f3 del Col\u00b7legi de Veterinaris<\/strong><\/p>\n\n\n\n<p class=\"wp-block-paragraph\">El curs ha comptat amb el suport del Col\u00b7legi de Veterinaris de Val\u00e8ncia, que ha col\u00b7laborat en el disseny i desenvolupament d&#8217;un manual que estar\u00e0 disponible per als ajuntaments, convertint-se en un recurs essencial per a la gesti\u00f3 de les col\u00f2nies felines en tota la prov\u00edncia.<\/p>\n\n\n\n<p class=\"wp-block-paragraph\">El diputat de Formaci\u00f3, Ricardo Gabald\u00f3n, ha agra\u00eft &#8220;la col\u00b7laboraci\u00f3 del Col\u00b7legi de Veterinaris i la implicaci\u00f3 del seu equip docent en l&#8217;elaboraci\u00f3 del manual, que ser\u00e0 de gran utilitat per als responsables municipals&#8221;.<\/p>\n\n\n\n<p class=\"wp-block-paragraph\">Gabald\u00f3n ha subratllat la gran demanda del curs, assegurant que s&#8217;organitzaran m\u00e9s edicions per a cobrir totes les sol\u00b7licituds. Aix\u00ed mateix, ha destacat que &#8220;els participants podran continuar interactuant amb el professorat a trav\u00e9s de la plataforma de formaci\u00f3 en l\u00ednia, on accediran a tota la documentaci\u00f3 disponible&#8221;.<\/p>\n\n\n\n<p class=\"wp-block-paragraph\">Per part seua, Julio M\u00e1\u00f1ez, vicepresident del Col\u00b7legi de Veterinaris de Val\u00e8ncia, ha assenyalat que \u201cl&#8217;adequada gesti\u00f3 de les col\u00f2nies felines no sols garantix la cura dels animals, sin\u00f3 tamb\u00e9 la salut p\u00fablica i l&#8217;equilibri entre la fauna urbana i la ciutadania. La col\u00b7laboraci\u00f3 de veterinaris \u00e9s fonamental per a abordar efica\u00e7ment tots els aspectes implicats en el seu maneig\u201d.<\/p>\n\n\n\n<p class=\"wp-block-paragraph\">Amb esta nova iniciativa, l&#8217;\u00e0rea de Formaci\u00f3 de la Diputaci\u00f3 de Val\u00e8ncia reafirma el seu comprom\u00eds de secundar i atendre els municipis de la prov\u00edncia, brindant-los els recursos necessaris perqu\u00e8 puguen enfrontar-se amb les millors garanties als reptes del dia a dia.<\/p>\n\n\n\n<p class=\"wp-block-paragraph\"><\/p>\n","protected":false},"excerpt":{"rendered":"<div class=\"mh-excerpt\">L&#8217;\u00e0rea de Formaci\u00f3 que dirigix Ricardo Gabald\u00f3n ha impartit el curs \u2018Gesti\u00f3 municipal de col\u00f2nies felines\u2019, amb la col\u00b7laboraci\u00f3 del Col\u00b7legi Oficial de Veterinaris de Val\u00e8ncia. A m\u00e9s del curs, la Diputaci\u00f3 posar\u00e0 a la <a class=\"mh-excerpt-more\" href=\"https:\/\/tucomarca.whitekongsoftware.com\/ca\/la-diputacio-de-valencia-reforca-la-formacio-als-ajuntaments-en-la-gestio-de-colonies-felines\/\" title=\"La Diputaci\u00f3 de Val\u00e8ncia refor\u00e7a la formaci\u00f3 als ajuntaments en la gesti\u00f3 de col\u00f2nies felines\">[+] <\/a><\/div>\n","protected":false},"author":12,"featured_media":238760,"comment_status":"open","ping_status":"open","sticky":false,"template":"","format":"standard","meta":{"footnotes":""},"categories":[10898,10948,10894,10904,10903,10947,10909,10896,11059],"tags":[12712,11246,19427],"class_list":["post-238761","post","type-post","status-publish","format-standard","has-post-thumbnail","category-ventana-ca","category-infraestructuras-ca","category-la-comarca-ca","category-sin-categorizar-ca","category-medio-ambiente-la-comarca-ca","category-politica","category-requena-utiel-ca","category-seccion-ca","category-utiel-ca","tag-colonias-felinas-ca","tag-diputacio-de-valencia-ca","tag-ricardo-gabaldon-ca"],"_links":{"self":[{"href":"https:\/\/tucomarca.whitekongsoftware.com\/ca\/wp-json\/wp\/v2\/posts\/238761","targetHints":{"allow":["GET"]}}],"collection":[{"href":"https:\/\/tucomarca.whitekongsoftware.com\/ca\/wp-json\/wp\/v2\/posts"}],"about":[{"href":"https:\/\/tucomarca.whitekongsoftware.com\/ca\/wp-json\/wp\/v2\/types\/post"}],"author":[{"embeddable":true,"href":"https:\/\/tucomarca.whitekongsoftware.com\/ca\/wp-json\/wp\/v2\/users\/12"}],"replies":[{"embeddable":true,"href":"https:\/\/tucomarca.whitekongsoftware.com\/ca\/wp-json\/wp\/v2\/comments?post=238761"}],"version-history":[{"count":0,"href":"https:\/\/tucomarca.whitekongsoftware.com\/ca\/wp-json\/wp\/v2\/posts\/238761\/revisions"}],"wp:featuredmedia":[{"embeddable":true,"href":"https:\/\/tucomarca.whitekongsoftware.com\/ca\/wp-json\/wp\/v2\/media\/238760"}],"wp:attachment":[{"href":"https:\/\/tucomarca.whitekongsoftware.com\/ca\/wp-json\/wp\/v2\/media?parent=238761"}],"wp:term":[{"taxonomy":"category","embeddable":true,"href":"https:\/\/tucomarca.whitekongsoftware.com\/ca\/wp-json\/wp\/v2\/categories?post=238761"},{"taxonomy":"post_tag","embeddable":true,"href":"https:\/\/tucomarca.whitekongsoftware.com\/ca\/wp-json\/wp\/v2\/tags?post=238761"}],"curies":[{"name":"wp","href":"https:\/\/api.w.org\/{rel}","templated":true}]}}