{"id":238238,"date":"2024-09-29T12:00:00","date_gmt":"2024-09-29T10:00:00","guid":{"rendered":"https:\/\/www.tucomarca.com\/wordpress\/segunda\/?p=238238"},"modified":"2024-09-30T14:36:18","modified_gmt":"2024-09-30T12:36:18","slug":"riba-roja-de-turia-impulsa-la-xarxa-de-ciutats-que-caminen-a-valencia","status":"publish","type":"post","link":"https:\/\/tucomarca.whitekongsoftware.com\/ca\/riba-roja-de-turia-impulsa-la-xarxa-de-ciutats-que-caminen-a-valencia\/","title":{"rendered":"Riba-roja de T\u00faria impulsa la Xarxa de Ciutats que Caminen a Val\u00e8ncia"},"content":{"rendered":"\n<h3 class=\"wp-block-heading\">L&#8217;alcalde, Robert Raga, participa en el XI Congr\u00e9s de Pamplona.<\/h3>\n\n\n\n<p class=\"wp-block-paragraph\">Riba-roja de T\u00faria es consolida com a municipi valenci\u00e0 referent en l&#8217;XI Congr\u00e9s de la Xarxa de Ciutats que Caminen que aquest dissabte 28 de setembre finalitza despr\u00e9s de diversos dies de trobades i intercanvi de projectes en Plamplona.&nbsp;<\/p>\n\n\n\n<p class=\"wp-block-paragraph\">El municipi, a trav\u00e9s del seu alcalde Robert Raga, ha sigut l&#8217;\u00fanic actor valenci\u00e0 present en el congr\u00e9s que aglutina a m\u00e9s de 85 municipis i diputacions d&#8217;Espanya i Portugal, el lema de les quals \u2018Viure, reviure, conviure, benviure\u2019 ha reivindicat la import\u00e0ncia de transformar places i carrers en espais de conviv\u00e8ncia, qualitat de vida i de salut.&nbsp;<\/p>\n\n\n\n<p class=\"wp-block-paragraph\">Durant el congr\u00e9s que ha sigut inaugurat per l&#8217;alcalde de Pamplona Joseba Asiron S\u00e1ez i pel president de la Xarxa de Ciutats que Caminen i alcalde de Pontevedra, Miguel Anxo Fern\u00e1ndez, Raga ha destacat la import\u00e0ncia de retornar els carrers als vianants que han de ser l&#8217;actor principal dels nostres plans urban\u00edstics.&nbsp;<\/p>\n\n\n\n<p class=\"wp-block-paragraph\">\u201cEls nostres municipis com Riba-roja han de recuperar espais per a les persones i no els vehicles, de manera que els m\u00e9s joves tornen a jugar als carrers, el comer\u00e7 local gaudi d&#8217;espai m\u00e9s grans i amables i que tinguem menys contaminaci\u00f3 i h\u00e0bits m\u00e9s saludables\u201d ha explicat Raga.&nbsp;<\/p>\n\n\n\n<p class=\"wp-block-paragraph\">Durant el congr\u00e9s l&#8217;alcalde ha intercanviat exemples i coneixements amb especialistes com la ge\u00f2grafa especialitzada en espais p\u00fablics urbans, Carmen Miralles i Guach, qui ha assenyalat dos factors claus en la recuperaci\u00f3 d&#8217;aquests espais com s\u00f3n el canvi clim\u00e0tic i la perspectiva de g\u00e8nere.&nbsp;<\/p>\n\n\n\n<p class=\"wp-block-paragraph\">Altres ciutats com Porto, Pontevedra o Pamplona han exposat les seues actuacions com a exemples de millora de conviv\u00e8ncia i pres\u00e8ncia del vianant en espais que eren exclusius de vehicles, igual que les ciutats premiades amb el guard\u00f3 que la xarxa entrega a projectes destacats a Espanya i Portugal.&nbsp;<\/p>\n\n\n\n<p class=\"wp-block-paragraph\">En l&#8217;assemblea general que ha mantingut la xarxa amb els seus membres permanents, s&#8217;ha donat la benvinguda al municipi de l&#8217;Eliana com a nou membre, amb el vot a favor de l&#8217;alcalde de Riba-roja qui ha saludat \u201cles iniciatives i el treball en el sector de la mobilitat sostenible de l&#8217;equip de govern de l&#8217;Eliana\u201d i s&#8217;ha alegrat de comptar amb ells \u201cpel fort vincle de treball, cultural i amist\u00f3s que mantenim\u201d.&nbsp;<\/p>\n\n\n\n<p class=\"wp-block-paragraph\"><strong>RIBA-ROJA CONTINUA LIDERANT TRANSFORMACI\u00d3&nbsp;<\/strong><\/p>\n\n\n\n<p class=\"wp-block-paragraph\">Durant la trobada, Raga ha destacat la transformaci\u00f3 que impulsen en Riba-roja per a convertir-la en municipi sostenible, amable i segur per als vianants i \u201cque oferisca un veritable projecte de mobilitat sostenible i espais de benestar per a tots\u201d.&nbsp;<\/p>\n\n\n\n<p class=\"wp-block-paragraph\">Aix\u00ed, l&#8217;alcalde ha recordat que han passat de no tindre quasi carrils cicle-per als vianants a oferir m\u00e9s de 14km de carrils, a m\u00e9s d&#8217;estar acabant el primer anelle cicle-per als vianants del municipi. A aix\u00f2, ha assenyalat la seua xarxa d&#8217;autob\u00fas municipal gratu\u00eft i els projectes de conversi\u00f3 en zona de vianants parcial o total de diverses zones de Riba-roja \u201camb l&#8217;objectiu que les persones tinguen prefer\u00e8ncia sobretot la resta\u201d.&nbsp;<\/p>\n\n\n\n<p class=\"wp-block-paragraph\">\u201cEstem treballant sobre espais m\u00e9s verds i accessibles, que protegisquen de la calor sufocant i tinguen una perspectiva de g\u00e8nere\u201d ha explicat Raga qui ha recordat que les dones s\u00f3n les que m\u00e9s utilitzen els espais p\u00fablics com a vianants.<\/p>\n\n\n\n<figure class=\"wp-block-image size-large\"><img loading=\"lazy\" decoding=\"async\" width=\"1024\" height=\"768\" src=\"http:\/\/www.tucomarca.com\/wordpress\/segunda\/wp-content\/uploads\/2024\/09\/RibarrojaCiudadesCaminan01-1024x768.jpg\" alt=\"\" class=\"wp-image-238229\" srcset=\"https:\/\/tucomarca.whitekongsoftware.com\/wp-content\/uploads\/2024\/09\/RibarrojaCiudadesCaminan01-1024x768.jpg 1024w, https:\/\/tucomarca.whitekongsoftware.com\/wp-content\/uploads\/2024\/09\/RibarrojaCiudadesCaminan01-300x225.jpg 300w, https:\/\/tucomarca.whitekongsoftware.com\/wp-content\/uploads\/2024\/09\/RibarrojaCiudadesCaminan01-768x576.jpg 768w, https:\/\/tucomarca.whitekongsoftware.com\/wp-content\/uploads\/2024\/09\/RibarrojaCiudadesCaminan01-1536x1152.jpg 1536w, https:\/\/tucomarca.whitekongsoftware.com\/wp-content\/uploads\/2024\/09\/RibarrojaCiudadesCaminan01-2048x1536.jpg 2048w, https:\/\/tucomarca.whitekongsoftware.com\/wp-content\/uploads\/2024\/09\/RibarrojaCiudadesCaminan01-678x509.jpg 678w, https:\/\/tucomarca.whitekongsoftware.com\/wp-content\/uploads\/2024\/09\/RibarrojaCiudadesCaminan01-326x245.jpg 326w, https:\/\/tucomarca.whitekongsoftware.com\/wp-content\/uploads\/2024\/09\/RibarrojaCiudadesCaminan01-80x60.jpg 80w\" sizes=\"auto, (max-width: 1024px) 100vw, 1024px\" \/><\/figure>\n","protected":false},"excerpt":{"rendered":"<div class=\"mh-excerpt\">L&#8217;alcalde, Robert Raga, participa en el XI Congr\u00e9s de Pamplona. Riba-roja de T\u00faria es consolida com a municipi valenci\u00e0 referent en l&#8217;XI Congr\u00e9s de la Xarxa de Ciutats que Caminen que aquest dissabte 28 de <a class=\"mh-excerpt-more\" href=\"https:\/\/tucomarca.whitekongsoftware.com\/ca\/riba-roja-de-turia-impulsa-la-xarxa-de-ciutats-que-caminen-a-valencia\/\" title=\"Riba-roja de T\u00faria impulsa la Xarxa de Ciutats que Caminen a Val\u00e8ncia\">[+] <\/a><\/div>\n","protected":false},"author":13,"featured_media":238232,"comment_status":"open","ping_status":"open","sticky":false,"template":"","format":"standard","meta":{"footnotes":""},"categories":[10892,10948,10894,10947,10906,10896],"tags":[10899,12903,11102],"class_list":["post-238238","post","type-post","status-publish","format-standard","has-post-thumbnail","category-camp-de-turia-ca","category-infraestructuras-ca","category-la-comarca-ca","category-politica","category-riba-roja-ca","category-seccion-ca","tag-camp-de-turia-ca","tag-infraestructuras-ca","tag-riba-roja-2-ca"],"_links":{"self":[{"href":"https:\/\/tucomarca.whitekongsoftware.com\/ca\/wp-json\/wp\/v2\/posts\/238238","targetHints":{"allow":["GET"]}}],"collection":[{"href":"https:\/\/tucomarca.whitekongsoftware.com\/ca\/wp-json\/wp\/v2\/posts"}],"about":[{"href":"https:\/\/tucomarca.whitekongsoftware.com\/ca\/wp-json\/wp\/v2\/types\/post"}],"author":[{"embeddable":true,"href":"https:\/\/tucomarca.whitekongsoftware.com\/ca\/wp-json\/wp\/v2\/users\/13"}],"replies":[{"embeddable":true,"href":"https:\/\/tucomarca.whitekongsoftware.com\/ca\/wp-json\/wp\/v2\/comments?post=238238"}],"version-history":[{"count":0,"href":"https:\/\/tucomarca.whitekongsoftware.com\/ca\/wp-json\/wp\/v2\/posts\/238238\/revisions"}],"wp:featuredmedia":[{"embeddable":true,"href":"https:\/\/tucomarca.whitekongsoftware.com\/ca\/wp-json\/wp\/v2\/media\/238232"}],"wp:attachment":[{"href":"https:\/\/tucomarca.whitekongsoftware.com\/ca\/wp-json\/wp\/v2\/media?parent=238238"}],"wp:term":[{"taxonomy":"category","embeddable":true,"href":"https:\/\/tucomarca.whitekongsoftware.com\/ca\/wp-json\/wp\/v2\/categories?post=238238"},{"taxonomy":"post_tag","embeddable":true,"href":"https:\/\/tucomarca.whitekongsoftware.com\/ca\/wp-json\/wp\/v2\/tags?post=238238"}],"curies":[{"name":"wp","href":"https:\/\/api.w.org\/{rel}","templated":true}]}}