{"id":238007,"date":"2024-09-26T10:50:00","date_gmt":"2024-09-26T08:50:00","guid":{"rendered":"https:\/\/www.tucomarca.com\/wordpress\/segunda\/?p=238007"},"modified":"2024-09-26T19:47:22","modified_gmt":"2024-09-26T17:47:22","slug":"vicent-mompo-enaltix-la-carrera-denrique-ponce-i-ressalta-el-seu-paper-com-a-ambaixador-de-la-cultura-taurina-valenciana-en-el-mon","status":"publish","type":"post","link":"https:\/\/tucomarca.whitekongsoftware.com\/ca\/vicent-mompo-enaltix-la-carrera-denrique-ponce-i-ressalta-el-seu-paper-com-a-ambaixador-de-la-cultura-taurina-valenciana-en-el-mon\/","title":{"rendered":"Vicent Momp\u00f3 enaltix la carrera d&#8217;Enrique Ponce i ressalta el seu paper com a ambaixador de la cultura taurina valenciana en el m\u00f3n"},"content":{"rendered":"\n<h3 class=\"wp-block-heading\">El president de la Diputaci\u00f3 de Val\u00e8ncia participa en un acte d&#8217;homenatge al torero de Chiva abans de la seua retirada definitiva de les places espanyoles, que tindr\u00e0 lloc el 9 d&#8217;octubre en la Pla\u00e7a de Bous de Val\u00e8ncia.<\/h3>\n\n\n\n<h3 class=\"wp-block-heading\">Momp\u00f3 completa el seu suport al m\u00f3n dels bous acudint a la novillada de la Fira d&#8217;Algemes\u00ed, en la qual va entregar la placa de l&#8217;Escola Taurina als novilleros Juan Alberto Torrijos i Sim\u00f3n Andreu.<\/h3>\n\n\n\n<p class=\"wp-block-paragraph\">El president de la Diputaci\u00f3 de Val\u00e8ncia, Vicent Momp\u00f3, ha demostrat una vegada m\u00e9s el seu comprom\u00eds i el de tota la instituci\u00f3 provincial amb el m\u00f3n dels bous, recolzant en la mateixa jornada a una figura hist\u00f2rica del toreig com \u00e9s Enrique Ponce, i tamb\u00e9 a tres prometedors novilleros, en este cas Nek Romero, Juan Alberto Torrijos i Sim\u00f3n Andreu.<\/p>\n\n\n\n<p class=\"wp-block-paragraph\">Vicent Momp\u00f3 va participar ahir en l&#8217;acte d&#8217;homenatge a Enrique Ponce que va tindre lloc en l&#8217;espai La Rotativa, organitzat pel peri\u00f2dic Las Provincias, abans del seu comiat definitiu, que tindr\u00e0 lloc el 9 d&#8217;octubre en la Pla\u00e7a de Bous de Val\u00e8ncia, propietat de la Diputaci\u00f3. Davant la pres\u00e8ncia del destre de Chiva, el president de la corporaci\u00f3 provincial va agrair i va elogiar la seua figura per \u201cl&#8217;orgull i la responsabilitat amb la qual has portat el nom de la nostra terra per tot el m\u00f3n. Has sigut un valenci\u00e0 exemplar, que ha sabut encarnar l&#8217;ess\u00e8ncia de la terra que defenem, promovem i protegim des de la instituci\u00f3 que presidisc. Eres el major ambaixador de la Val\u00e8ncia taurina\u201d.<\/p>\n\n\n\n<p class=\"wp-block-paragraph\">El cap del govern provincial va ressaltar que la figura d&#8217;Enrique Ponce va m\u00e9s enll\u00e0 dels seus nombrosos \u00e8xits en la pla\u00e7a. \u201cEstem parlant de tota una icona cultural per a Val\u00e8ncia. Des de la seua inf\u00e0ncia a Chiva, fins al seu comiat el pr\u00f2xim 9 d&#8217;octubre, Enrique ha viscut la seua carrera amb un amor incondicional per la seua terra, per les nostres tradicions. Un amor que ha sigut correspost per tots\u201d.<\/p>\n\n\n\n<p class=\"wp-block-paragraph\">Momp\u00f3 va aprofitar tamb\u00e9 per a fer una defensa tancada de la taurom\u00e0quia, ja que \u201cdes de la Diputaci\u00f3 creiem fermament en la import\u00e0ncia de conservar, protegir i difondre les nostres tradicions, perqu\u00e8 s\u00f3n elles les que ens definixen, les que ens unixen i les que ens projecten en el m\u00f3n. I Enrique Ponce ha sigut, sens dubte, un defensor de tals tradicions, portant sempre l&#8217;ess\u00e8ncia de la seua terra, de la nostra Val\u00e8ncia\u201d.<\/p>\n\n\n\n<p class=\"wp-block-paragraph\">El president de la Diputaci\u00f3 de Val\u00e8ncia va anunciar, a m\u00e9s, la celebraci\u00f3 de tres exposicions dedicades al mestre de Chiva en la Pla\u00e7a de Bous de Val\u00e8ncia, entre el 5 i el 9 d&#8217;octubre. Aix\u00ed mateix, es presentar\u00e0 un llibre, escrit pel periodista i t\u00e8cnic de cultura de la Diputaci\u00f3 \u00c1ngel Berlanga, que repassa eixe roman\u00e7 entre Enrique Ponce i Val\u00e8ncia.<\/p>\n\n\n\n<p class=\"wp-block-paragraph\"><strong>Novillada a Algemes\u00ed<\/strong><\/p>\n\n\n\n<figure class=\"wp-block-image size-large\"><img loading=\"lazy\" decoding=\"async\" width=\"1024\" height=\"682\" src=\"http:\/\/www.tucomarca.com\/wordpress\/segunda\/wp-content\/uploads\/2024\/09\/DipuTorosAlgemesi3-1024x682.jpg\" alt=\"\" class=\"wp-image-238002\" srcset=\"https:\/\/tucomarca.whitekongsoftware.com\/wp-content\/uploads\/2024\/09\/DipuTorosAlgemesi3-1024x682.jpg 1024w, https:\/\/tucomarca.whitekongsoftware.com\/wp-content\/uploads\/2024\/09\/DipuTorosAlgemesi3-300x200.jpg 300w, https:\/\/tucomarca.whitekongsoftware.com\/wp-content\/uploads\/2024\/09\/DipuTorosAlgemesi3-768x512.jpg 768w, https:\/\/tucomarca.whitekongsoftware.com\/wp-content\/uploads\/2024\/09\/DipuTorosAlgemesi3.jpg 1181w\" sizes=\"auto, (max-width: 1024px) 100vw, 1024px\" \/><\/figure>\n\n\n\n<p class=\"wp-block-paragraph\">La jornada taurina de Vicent Momp\u00f3 es va completar amb la seua pres\u00e8ncia en la novillada de la Fira d&#8217;Algemes\u00ed en la qual van torejar tres novilleros valencians, com s\u00f3n Nek Romero, Juan Alberto Torrijos i Sim\u00f3n Andreu. En finalitzar el pase\u00edllo, el president de la Diputaci\u00f3, acompanyat per l&#8217;alcalde d&#8217;Algemes\u00ed, Jos\u00e9 Javier Sanchis, i pel director de l&#8217;Escola Taurina, Toni G\u00e1zquez, va baixar al centre del redol per a entregar la placa de l&#8217;escola a Juan Alberto Torrijos, alumne de l&#8217;escola taurina que va debutar amb cavalls, i a Sim\u00f3n Andreu, tamb\u00e9 alumne de l&#8217;escola que va debutar amb cavalls a M\u00e0laga.<\/p>\n","protected":false},"excerpt":{"rendered":"<div class=\"mh-excerpt\">El president de la Diputaci\u00f3 de Val\u00e8ncia participa en un acte d&#8217;homenatge al torero de Chiva abans de la seua retirada definitiva de les places espanyoles, que tindr\u00e0 lloc el 9 d&#8217;octubre en la Pla\u00e7a <a class=\"mh-excerpt-more\" href=\"https:\/\/tucomarca.whitekongsoftware.com\/ca\/vicent-mompo-enaltix-la-carrera-denrique-ponce-i-ressalta-el-seu-paper-com-a-ambaixador-de-la-cultura-taurina-valenciana-en-el-mon\/\" title=\"Vicent Momp\u00f3 enaltix la carrera d&#8217;Enrique Ponce i ressalta el seu paper com a ambaixador de la cultura taurina valenciana en el m\u00f3n\">[+] <\/a><\/div>\n","protected":false},"author":12,"featured_media":238005,"comment_status":"open","ping_status":"open","sticky":false,"template":"","format":"standard","meta":{"footnotes":""},"categories":[10983,10898,10894,10912,10902,11007,10947,10896,10975],"tags":[11081,11195,11246,14986,10914,11356,16563],"class_list":["post-238007","post","type-post","status-publish","format-standard","has-post-thumbnail","category-algemesi-ca","category-ventana-ca","category-la-comarca-ca","category-la-hoya-ca","category-la-ribera-ca","category-ocio-y-cultura-ca","category-politica","category-seccion-ca","category-chiva-ca","tag-algemesi-ca","tag-chiva-ca","tag-diputacio-de-valencia-ca","tag-enrique-ponce-ca","tag-la-hoya-de-bunol-chiva-ca","tag-ribera-alta-ca","tag-vicente-mompo-ca"],"_links":{"self":[{"href":"https:\/\/tucomarca.whitekongsoftware.com\/ca\/wp-json\/wp\/v2\/posts\/238007","targetHints":{"allow":["GET"]}}],"collection":[{"href":"https:\/\/tucomarca.whitekongsoftware.com\/ca\/wp-json\/wp\/v2\/posts"}],"about":[{"href":"https:\/\/tucomarca.whitekongsoftware.com\/ca\/wp-json\/wp\/v2\/types\/post"}],"author":[{"embeddable":true,"href":"https:\/\/tucomarca.whitekongsoftware.com\/ca\/wp-json\/wp\/v2\/users\/12"}],"replies":[{"embeddable":true,"href":"https:\/\/tucomarca.whitekongsoftware.com\/ca\/wp-json\/wp\/v2\/comments?post=238007"}],"version-history":[{"count":0,"href":"https:\/\/tucomarca.whitekongsoftware.com\/ca\/wp-json\/wp\/v2\/posts\/238007\/revisions"}],"wp:featuredmedia":[{"embeddable":true,"href":"https:\/\/tucomarca.whitekongsoftware.com\/ca\/wp-json\/wp\/v2\/media\/238005"}],"wp:attachment":[{"href":"https:\/\/tucomarca.whitekongsoftware.com\/ca\/wp-json\/wp\/v2\/media?parent=238007"}],"wp:term":[{"taxonomy":"category","embeddable":true,"href":"https:\/\/tucomarca.whitekongsoftware.com\/ca\/wp-json\/wp\/v2\/categories?post=238007"},{"taxonomy":"post_tag","embeddable":true,"href":"https:\/\/tucomarca.whitekongsoftware.com\/ca\/wp-json\/wp\/v2\/tags?post=238007"}],"curies":[{"name":"wp","href":"https:\/\/api.w.org\/{rel}","templated":true}]}}