{"id":237990,"date":"2024-09-26T17:00:00","date_gmt":"2024-09-26T15:00:00","guid":{"rendered":"https:\/\/www.tucomarca.com\/wordpress\/segunda\/?p=237990"},"modified":"2024-09-26T19:43:20","modified_gmt":"2024-09-26T17:43:20","slug":"jose-antonio-rovira-visita-centres-educatius-dutiel-al-costat-de-ricardo-gabaldon-i-anuncia-la-fi-del-programa-dimmersio-linguistica-en-zones-castellanoparlants","status":"publish","type":"post","link":"https:\/\/tucomarca.whitekongsoftware.com\/ca\/jose-antonio-rovira-visita-centres-educatius-dutiel-al-costat-de-ricardo-gabaldon-i-anuncia-la-fi-del-programa-dimmersio-linguistica-en-zones-castellanoparlants\/","title":{"rendered":"Jos\u00e9 Antonio Rovira visita els centres educatius d&#8217;Utiel al costat de Ricardo Gabald\u00f3n i anuncia la fi del programa d&#8217;immersi\u00f3 ling\u00fc\u00edstica en zones castellanoparlants"},"content":{"rendered":"\n<h3 class=\"wp-block-heading\">El conseller tamb\u00e9 ha destacat la implantaci\u00f3 de la gratu\u00eftat educativa de 0 a 3 anys que ajuda a la conciliaci\u00f3 de les fam\u00edlies.<\/h3>\n\n\n\n<h3 class=\"wp-block-heading\">Rovira remarca que \u00e9s el primer curs \u201csense imposicions ling\u00fc\u00edstiques en zones castellanoparlants\u201d i anima a l&#8217;alumnat a examinar-se de valenci\u00e0 per a obtindre una certificaci\u00f3 autom\u00e0tica.<\/h3>\n\n\n\n<h3 class=\"wp-block-heading\">L&#8217;alcalde d&#8217;Utiel, Ricardo Gabald\u00f3n, ha remarcat el comprom\u00eds del Conseller amb l&#8217;\u00e0mbit educatiu del municipi i el continu di\u00e0leg per a desenvolupar projectes futurs.<\/h3>\n\n\n\n<p class=\"wp-block-paragraph\">El conseller d&#8217;Educaci\u00f3, Cultura, Universitats i Ocupaci\u00f3, Jos\u00e9 Antonio Rovira, ha visitat aquest mat\u00ed Utiel, acompanyat de l&#8217;alcalde, Ricardo Gabald\u00f3n i ha anunciat que \u00e9s el primer curs \u201csense imposicions ling\u00fc\u00edstiques en zones castellanoparlants\u201d i amb gratu\u00eftat educativa de 0 a 3 anys\u201c una mesura important de foment de la natalitat i de suport a la conciliaci\u00f3 familiar\u201d.<\/p>\n\n\n\n<p class=\"wp-block-paragraph\">El conseller s&#8217;ha pronunciat aix\u00ed a Utiel, on al llarg del mat\u00ed ha visitat diversos centres educatius, entre ells dues escoles infantils de 0-3 anys, un CEIP i un IES. El conseller ha mantingut, aix\u00ed mateix, una trobada amb l&#8217;alcalde de la localitat, Ricardo Gabald\u00f3n.<\/p>\n\n\n\n<p class=\"wp-block-paragraph\">Rovira ha remarcat la decisi\u00f3 de la Generalitat d&#8217;aplicar la gratu\u00eftat 0-3 escolar: \u201cEstem en un moment important amb mesures com la gratu\u00eftat educativa 0-3 anys, que ajuda a la conciliaci\u00f3 de les fam\u00edlies i suposa un alleujament econ\u00f2mic\u201d, ha indicat el conseller.<\/p>\n\n\n\n<p class=\"wp-block-paragraph\">Utiel compta aquest curs amb 95 xiquets i xiquetes matriculats en centres de 0-3 anys, tots ells beneficiaris d&#8217;aquesta gratu\u00eftat.<\/p>\n\n\n\n<p class=\"wp-block-paragraph\">Per part seua, l&#8217;alcalde ha afirmat que \u201cparlar d&#8217;educaci\u00f3 \u00e9s parlar de futur en una ciutat que est\u00e0 en creixement\u201d. Gabald\u00f3n ha destacat la gratu\u00eftat de 0 a 3 anys i ha subratllat la labor dels \u201cgrans professionals\u201d dels centres educatius d&#8217;Utiel.<\/p>\n\n\n\n<p class=\"wp-block-paragraph\">\u201cTenim sort a Utiel de comptar amb una destaca xarxa de centres educatius, tant els instituts d&#8217;ensenyament secundari com els col\u00b7legis p\u00fablics, l&#8217;Escola d&#8217;Idiomes o el Conservatori, estan formant als joves que seran el futur d&#8217;Utiel i l&#8217;aposta del Consell pel seu desenvolupament i el de pr\u00f2xims projectes ser\u00e0 fonamental\u201d remarcava l&#8217;alcalde, Ricardo Gabald\u00f3n.<\/p>\n\n\n\n<p class=\"wp-block-paragraph\">A m\u00e9s, Rovira ha destacat que aquest \u00e9s el primer curs \u201csense imposicions ling\u00fc\u00edstiques en zones castellanoparlants en desapar\u00e9ixer el programa d&#8217;immersi\u00f3 ling\u00fc\u00edstica\u201d. \u201cLa Comunitat Valenciana \u00e9s una regi\u00f3 molt rica, amb dues lleng\u00fces, i des del Consell apostem per l&#8217;estudi del valenci\u00e0, el seu foment i la seua difusi\u00f3, no per la imposici\u00f3\u201d, ha manifestat.<\/p>\n\n\n\n<p class=\"wp-block-paragraph\">Sobre aquest tema, Rovira ha animat a l&#8217;alumnat d&#8217;Utiel, com a zona castellanoparlant, al fet que estudien l&#8217;assignatura de valenci\u00e0 i no demanen l&#8217;exempci\u00f3 dels ex\u00e0mens. \u201cL&#8217;estudi i l&#8217;esfor\u00e7 els permetr\u00e0 obtindre una titulaci\u00f3, amb la qual cosa hem passat de la pol\u00edtica de la imposici\u00f3 del valenci\u00e0 d&#8217;etapes anteriors a la pol\u00edtica de la promoci\u00f3 del valenci\u00e0\u201d, ha indicat.<\/p>\n\n\n\n<p class=\"wp-block-paragraph\">A la trobada tamb\u00e9 ha assistit el director general d&#8217;Infraestructures Educatives, Jos\u00e9 Mar\u00eda Larena, per a repassar les necessitats del municipi. Rovira ha afirmat que des de la Conselleria s&#8217;est\u00e0 \u201cen continu di\u00e0leg amb l&#8217;Ajuntament\u201d.<\/p>\n\n\n\n<p class=\"wp-block-paragraph\"><\/p>\n","protected":false},"excerpt":{"rendered":"<div class=\"mh-excerpt\">El conseller tamb\u00e9 ha destacat la implantaci\u00f3 de la gratu\u00eftat educativa de 0 a 3 anys que ajuda a la conciliaci\u00f3 de les fam\u00edlies. Rovira remarca que \u00e9s el primer curs \u201csense imposicions ling\u00fc\u00edstiques en <a class=\"mh-excerpt-more\" href=\"https:\/\/tucomarca.whitekongsoftware.com\/ca\/jose-antonio-rovira-visita-centres-educatius-dutiel-al-costat-de-ricardo-gabaldon-i-anuncia-la-fi-del-programa-dimmersio-linguistica-en-zones-castellanoparlants\/\" title=\"Jos\u00e9 Antonio Rovira visita els centres educatius d&#8217;Utiel al costat de Ricardo Gabald\u00f3n i anuncia la fi del programa d&#8217;immersi\u00f3 ling\u00fc\u00edstica en zones castellanoparlants\">[+] <\/a><\/div>\n","protected":false},"author":12,"featured_media":237973,"comment_status":"open","ping_status":"open","sticky":false,"template":"","format":"standard","meta":{"footnotes":""},"categories":[10898,10948,10894,10947,10909,10896,11059],"tags":[12114,10910,11174],"class_list":["post-237990","post","type-post","status-publish","format-standard","has-post-thumbnail","category-ventana-ca","category-infraestructuras-ca","category-la-comarca-ca","category-politica","category-requena-utiel-ca","category-seccion-ca","category-utiel-ca","tag-educacion-ca","tag-requena-utiel-ca","tag-utiel-ca"],"_links":{"self":[{"href":"https:\/\/tucomarca.whitekongsoftware.com\/ca\/wp-json\/wp\/v2\/posts\/237990","targetHints":{"allow":["GET"]}}],"collection":[{"href":"https:\/\/tucomarca.whitekongsoftware.com\/ca\/wp-json\/wp\/v2\/posts"}],"about":[{"href":"https:\/\/tucomarca.whitekongsoftware.com\/ca\/wp-json\/wp\/v2\/types\/post"}],"author":[{"embeddable":true,"href":"https:\/\/tucomarca.whitekongsoftware.com\/ca\/wp-json\/wp\/v2\/users\/12"}],"replies":[{"embeddable":true,"href":"https:\/\/tucomarca.whitekongsoftware.com\/ca\/wp-json\/wp\/v2\/comments?post=237990"}],"version-history":[{"count":0,"href":"https:\/\/tucomarca.whitekongsoftware.com\/ca\/wp-json\/wp\/v2\/posts\/237990\/revisions"}],"wp:featuredmedia":[{"embeddable":true,"href":"https:\/\/tucomarca.whitekongsoftware.com\/ca\/wp-json\/wp\/v2\/media\/237973"}],"wp:attachment":[{"href":"https:\/\/tucomarca.whitekongsoftware.com\/ca\/wp-json\/wp\/v2\/media?parent=237990"}],"wp:term":[{"taxonomy":"category","embeddable":true,"href":"https:\/\/tucomarca.whitekongsoftware.com\/ca\/wp-json\/wp\/v2\/categories?post=237990"},{"taxonomy":"post_tag","embeddable":true,"href":"https:\/\/tucomarca.whitekongsoftware.com\/ca\/wp-json\/wp\/v2\/tags?post=237990"}],"curies":[{"name":"wp","href":"https:\/\/api.w.org\/{rel}","templated":true}]}}