{"id":237951,"date":"2024-09-26T10:20:00","date_gmt":"2024-09-26T08:20:00","guid":{"rendered":"https:\/\/www.tucomarca.com\/wordpress\/segunda\/?p=237951"},"modified":"2024-09-26T13:19:15","modified_gmt":"2024-09-26T11:19:15","slug":"saborigen-convoca-a-productors-i-transformadors-de-productes-agroalimentaris-locals-a-impulsar-la-innovacio-i-la-sostenibilitat-en-la-cadena-alimentaria","status":"publish","type":"post","link":"https:\/\/tucomarca.whitekongsoftware.com\/ca\/saborigen-convoca-a-productors-i-transformadors-de-productes-agroalimentaris-locals-a-impulsar-la-innovacio-i-la-sostenibilitat-en-la-cadena-alimentaria\/","title":{"rendered":"#Saborigen convoca a productors i transformadors de productes agroalimentaris locals a impulsar la innovaci\u00f3 i la sostenibilitat en la cadena aliment\u00e0ria"},"content":{"rendered":"\n<p class=\"wp-block-paragraph\">#Saborigen, la plataforma que connecta als productors agroalimentaris de la Comunitat Valenciana, convida a tots\/as els\/as interessats\/as a participar en una Jornada de Networking el pr\u00f2xim 15 d&#8217;octubre en el restaurant Randurias de X\u00e8rica.<\/p>\n\n\n\n<p class=\"wp-block-paragraph\">All\u00ed, es donar\u00e0 la trobada entre productors vinguts de tota la Comunitat Valenciana i tindrem l&#8217;oportunitat de con\u00e9ixer noves estrat\u00e8gies per a la comercialitzaci\u00f3 dels vostres productes, de la m\u00e0 de caps de compra de diferents entitats, a m\u00e9s de dissenyar el full de ruta per a poder continuar fent costat al sector agroalimentari.&nbsp;<\/p>\n\n\n\n<p class=\"wp-block-paragraph\">Ser\u00e0 un bon moment per a donar visibilitat als teus productes ja que comptarem amb personal de comunicaci\u00f3 que realitzar\u00e0 entrevistes a alguns dels assistents i tindrem un punt d&#8217;exposici\u00f3 de productes locals, perqu\u00e8 pugueu donar a con\u00e9ixer els vostres productes entre els assistents.&nbsp;<\/p>\n\n\n\n<p class=\"wp-block-paragraph\">En finalitzar assistirem a una sessi\u00f3 de cuina en directe de la m\u00e0 del xef Kike Peris on maridar\u00e1 productes locals vinguts de tots els racons del nostre territori rural, com a mostra de la met\u00e0fora entre la uni\u00f3 i cohesi\u00f3 de l&#8217;extraordinari producte local existent.<\/p>\n\n\n\n<p class=\"wp-block-paragraph\">Inscriu-te ja i s\u00e9 part d&#8217;aquest moviment! https:\/\/bit.ly\/encuentrosaborigen<\/p>\n\n\n\n<p class=\"wp-block-paragraph\">Aquest esdeveniment \u00e9s fruit del treball dels grups d&#8217;acci\u00f3 local AGAFAR (coordinador), Muntanya d\u2019Alacant, RURABLE, T\u00faria-Calderona i Castell\u00f3 Sud, gr\u00e0cies al finan\u00e7ament del Programa de Desenvolupament Rural de la Comunitat Valenciana 2014-2020.<\/p>\n\n\n\n<figure class=\"wp-block-image size-large\"><img loading=\"lazy\" decoding=\"async\" width=\"1024\" height=\"1024\" src=\"http:\/\/www.tucomarca.com\/wordpress\/segunda\/wp-content\/uploads\/2024\/09\/cartel-redes-sociales-evento-1024x1024.png\" alt=\"\" class=\"wp-image-237944\" srcset=\"https:\/\/tucomarca.whitekongsoftware.com\/wp-content\/uploads\/2024\/09\/cartel-redes-sociales-evento-1024x1024.png 1024w, https:\/\/tucomarca.whitekongsoftware.com\/wp-content\/uploads\/2024\/09\/cartel-redes-sociales-evento-300x300.png 300w, https:\/\/tucomarca.whitekongsoftware.com\/wp-content\/uploads\/2024\/09\/cartel-redes-sociales-evento-290x290.png 290w, https:\/\/tucomarca.whitekongsoftware.com\/wp-content\/uploads\/2024\/09\/cartel-redes-sociales-evento-768x768.png 768w, https:\/\/tucomarca.whitekongsoftware.com\/wp-content\/uploads\/2024\/09\/cartel-redes-sociales-evento.png 1080w\" sizes=\"auto, (max-width: 1024px) 100vw, 1024px\" \/><\/figure>\n","protected":false},"excerpt":{"rendered":"<div class=\"mh-excerpt\">#Saborigen, la plataforma que connecta als productors agroalimentaris de la Comunitat Valenciana, convida a tots\/as els\/as interessats\/as a participar en una Jornada de Networking el pr\u00f2xim 15 d&#8217;octubre en el restaurant Randurias de X\u00e8rica. All\u00ed, <a class=\"mh-excerpt-more\" href=\"https:\/\/tucomarca.whitekongsoftware.com\/ca\/saborigen-convoca-a-productors-i-transformadors-de-productes-agroalimentaris-locals-a-impulsar-la-innovacio-i-la-sostenibilitat-en-la-cadena-alimentaria\/\" title=\"#Saborigen convoca a productors i transformadors de productes agroalimentaris locals a impulsar la innovaci\u00f3 i la sostenibilitat en la cadena aliment\u00e0ria\">[+] <\/a><\/div>\n","protected":false},"author":13,"featured_media":237947,"comment_status":"open","ping_status":"open","sticky":false,"template":"","format":"standard","meta":{"footnotes":""},"categories":[11019,10905,10948,10894,10903,10947,10909,10896],"tags":[11309,11199],"class_list":["post-237951","post","type-post","status-publish","format-standard","has-post-thumbnail","category-agenda-ca","category-agricultura-la-comarca-ca","category-infraestructuras-ca","category-la-comarca-ca","category-medio-ambiente-la-comarca-ca","category-politica","category-requena-utiel-ca","category-seccion-ca","tag-agricultura-ca","tag-la-comunitat-ca"],"_links":{"self":[{"href":"https:\/\/tucomarca.whitekongsoftware.com\/ca\/wp-json\/wp\/v2\/posts\/237951","targetHints":{"allow":["GET"]}}],"collection":[{"href":"https:\/\/tucomarca.whitekongsoftware.com\/ca\/wp-json\/wp\/v2\/posts"}],"about":[{"href":"https:\/\/tucomarca.whitekongsoftware.com\/ca\/wp-json\/wp\/v2\/types\/post"}],"author":[{"embeddable":true,"href":"https:\/\/tucomarca.whitekongsoftware.com\/ca\/wp-json\/wp\/v2\/users\/13"}],"replies":[{"embeddable":true,"href":"https:\/\/tucomarca.whitekongsoftware.com\/ca\/wp-json\/wp\/v2\/comments?post=237951"}],"version-history":[{"count":0,"href":"https:\/\/tucomarca.whitekongsoftware.com\/ca\/wp-json\/wp\/v2\/posts\/237951\/revisions"}],"wp:featuredmedia":[{"embeddable":true,"href":"https:\/\/tucomarca.whitekongsoftware.com\/ca\/wp-json\/wp\/v2\/media\/237947"}],"wp:attachment":[{"href":"https:\/\/tucomarca.whitekongsoftware.com\/ca\/wp-json\/wp\/v2\/media?parent=237951"}],"wp:term":[{"taxonomy":"category","embeddable":true,"href":"https:\/\/tucomarca.whitekongsoftware.com\/ca\/wp-json\/wp\/v2\/categories?post=237951"},{"taxonomy":"post_tag","embeddable":true,"href":"https:\/\/tucomarca.whitekongsoftware.com\/ca\/wp-json\/wp\/v2\/tags?post=237951"}],"curies":[{"name":"wp","href":"https:\/\/api.w.org\/{rel}","templated":true}]}}