{"id":237941,"date":"2024-09-26T10:15:00","date_gmt":"2024-09-26T08:15:00","guid":{"rendered":"https:\/\/www.tucomarca.com\/wordpress\/segunda\/?p=237941"},"modified":"2024-09-26T13:12:56","modified_gmt":"2024-09-26T11:12:56","slug":"la-diputacio-de-valencia-celebra-la-festa-de-la-musica-valenciana-este-cap-de-setmana-a-quart-de-poblet","status":"publish","type":"post","link":"https:\/\/tucomarca.whitekongsoftware.com\/ca\/la-diputacio-de-valencia-celebra-la-festa-de-la-musica-valenciana-este-cap-de-setmana-a-quart-de-poblet\/","title":{"rendered":"La Diputaci\u00f3 de Val\u00e8ncia celebra la Festa de la M\u00fasica Valenciana este cap de setmana a Quart de Poblet"},"content":{"rendered":"<div class=\"wp-block-image\">\n<figure class=\"alignleft size-large is-resized\"><img loading=\"lazy\" decoding=\"async\" width=\"728\" height=\"1024\" src=\"http:\/\/www.tucomarca.com\/wordpress\/segunda\/wp-content\/uploads\/2024\/09\/Cartell-Festa-728x1024.jpg\" alt=\"\" class=\"wp-image-237927\" style=\"width:280px;height:auto\" srcset=\"https:\/\/tucomarca.whitekongsoftware.com\/wp-content\/uploads\/2024\/09\/Cartell-Festa-728x1024.jpg 728w, https:\/\/tucomarca.whitekongsoftware.com\/wp-content\/uploads\/2024\/09\/Cartell-Festa-213x300.jpg 213w, https:\/\/tucomarca.whitekongsoftware.com\/wp-content\/uploads\/2024\/09\/Cartell-Festa-768x1080.jpg 768w, https:\/\/tucomarca.whitekongsoftware.com\/wp-content\/uploads\/2024\/09\/Cartell-Festa.jpg 858w\" sizes=\"auto, (max-width: 728px) 100vw, 728px\" \/><\/figure>\n<\/div>\n\n\n<h3 class=\"wp-block-heading\"><strong><strong>Aquest dissabte, 28 de setembre, a l&#8217;auditori Mol\u00ed de Vila, el p\u00fablic podr\u00e0 disfrutar gratu\u00eftament d&#8217;un variat programa interpretat per les agrupacions guanyadores del Certamen de Bandes de la Diputaci\u00f3<\/strong><\/strong>.<\/h3>\n\n\n\n<p class=\"wp-block-paragraph\">La Societat Musical Santa Cecilia de Chelva, la Uni\u00f3 Musical Centre Hist\u00f2ric de Val\u00e8ncia i l\u2019Agrupaci\u00f3 Musical L\u2019Amistat de Quart de Poblet seran les encarregades d&#8217;omplir de m\u00fasica l&#8217;auditori Mol\u00ed de Vila de Quart de Poblet per a celebrar la Festa de la M\u00fasica Valenciana que organitza la Diputaci\u00f3 de Val\u00e8ncia. La cita ser\u00e0 este dissabte, a partir de les 19:00 hores, i l&#8217;entrada \u00e9s gratu\u00efta fins a completar l&#8217;aforament.<\/p>\n\n\n\n<p class=\"wp-block-paragraph\">En primer lloc, la Societat Musical Santa Cecilia de Chelva obrir\u00e0 el programa. Baix la batuta de Bram Sniekers, interpretar\u00e0 <em>Joaqu\u00edn Roger<\/em> (pasdoble) de Rafael Talens; <em>Hybris <\/em>de Borja Granell i Ciscar i Les trois notes du Japonde Toshio Mashima.<\/p>\n\n\n\n<p class=\"wp-block-paragraph\">En segon lloc, la Uni\u00f3 Musical Centre Hist\u00f2ric de Val\u00e8ncia, dirigida per Vicente Gavarda Porras, oferir\u00e0 la interpretaci\u00f3 de <em>Las Arenas<\/em> de Manuel Morales, <em>Canci\u00f3n del olvido<\/em>, de Jos\u00e9 Serrano i <em>Dioses y titanes<\/em>, de Carlos Vall\u00e9s.<\/p>\n\n\n\n<p class=\"wp-block-paragraph\">Finalment, l\u2019Agrupaci\u00f3 Musical L\u2019Amistat de Quart de Poblet, baix la direcci\u00f3 de Jos\u00e9 Onofre D\u00edez Monz\u00f3, completar\u00e0 el programa amb <em>Lorenzo S\u00e1nchez, El Chache<\/em> (pasdoble), de Miguel Molina Ruiz i <em>El jard\u00edn de las Hesp\u00e9rides<\/em> (selecci\u00f3), de Jos\u00e9 Su\u00f1er Oriola.<\/p>\n\n\n\n<p class=\"wp-block-paragraph\">\u201cEs tracta d&#8217;un acte amb el qual la Diputaci\u00f3 de Val\u00e8ncia, una vegada m\u00e9s, vol posar en relleu la qualitat de les nostres bandes i la seua aportaci\u00f3 al nostre patrimoni cultural\u201d, ha explicat el diputat responsable de Bandes de M\u00fasica, Ricardo Gabald\u00f3n, qui a m\u00e9s ha recordat que la corporaci\u00f3 provincial est\u00e0 treballant en la creaci\u00f3 de la Jove Banda de la Diputaci\u00f3.<\/p>\n\n\n\n<figure class=\"wp-block-gallery has-nested-images columns-2 is-cropped wp-block-gallery-1 is-layout-flex wp-block-gallery-is-layout-flex\">\n<figure class=\"wp-block-image size-large\"><img loading=\"lazy\" decoding=\"async\" width=\"1024\" height=\"683\" data-id=\"237937\" src=\"https:\/\/www.tucomarca.com\/wordpress\/segunda\/wp-content\/uploads\/2024\/09\/Chelva_ClaraMunSoz-8265-1024x683.jpg\" alt=\"\" class=\"wp-image-237937\" srcset=\"https:\/\/tucomarca.whitekongsoftware.com\/wp-content\/uploads\/2024\/09\/Chelva_ClaraMunSoz-8265-1024x683.jpg 1024w, https:\/\/tucomarca.whitekongsoftware.com\/wp-content\/uploads\/2024\/09\/Chelva_ClaraMunSoz-8265-300x200.jpg 300w, https:\/\/tucomarca.whitekongsoftware.com\/wp-content\/uploads\/2024\/09\/Chelva_ClaraMunSoz-8265-768x512.jpg 768w, https:\/\/tucomarca.whitekongsoftware.com\/wp-content\/uploads\/2024\/09\/Chelva_ClaraMunSoz-8265-1536x1024.jpg 1536w, https:\/\/tucomarca.whitekongsoftware.com\/wp-content\/uploads\/2024\/09\/Chelva_ClaraMunSoz-8265-2048x1365.jpg 2048w\" sizes=\"auto, (max-width: 1024px) 100vw, 1024px\" \/><\/figure>\n\n\n\n<figure class=\"wp-block-image size-large\"><img loading=\"lazy\" decoding=\"async\" width=\"1024\" height=\"683\" data-id=\"237935\" src=\"https:\/\/www.tucomarca.com\/wordpress\/segunda\/wp-content\/uploads\/2024\/09\/QuartDePoblet_ClaraMunSoz-6031-1024x683.jpg\" alt=\"\" class=\"wp-image-237935\" srcset=\"https:\/\/tucomarca.whitekongsoftware.com\/wp-content\/uploads\/2024\/09\/QuartDePoblet_ClaraMunSoz-6031-1024x683.jpg 1024w, https:\/\/tucomarca.whitekongsoftware.com\/wp-content\/uploads\/2024\/09\/QuartDePoblet_ClaraMunSoz-6031-300x200.jpg 300w, https:\/\/tucomarca.whitekongsoftware.com\/wp-content\/uploads\/2024\/09\/QuartDePoblet_ClaraMunSoz-6031-768x512.jpg 768w, https:\/\/tucomarca.whitekongsoftware.com\/wp-content\/uploads\/2024\/09\/QuartDePoblet_ClaraMunSoz-6031-1536x1024.jpg 1536w, https:\/\/tucomarca.whitekongsoftware.com\/wp-content\/uploads\/2024\/09\/QuartDePoblet_ClaraMunSoz-6031-2048x1365.jpg 2048w\" sizes=\"auto, (max-width: 1024px) 100vw, 1024px\" \/><\/figure>\n\n\n\n<figure class=\"wp-block-image size-large\"><img loading=\"lazy\" decoding=\"async\" width=\"1024\" height=\"683\" data-id=\"237933\" src=\"https:\/\/www.tucomarca.com\/wordpress\/segunda\/wp-content\/uploads\/2024\/09\/UnioiMusicalCentreHistoIricValeIncia_ClaraMunTHoz-5220-1024x683.jpg\" alt=\"\" class=\"wp-image-237933\" srcset=\"https:\/\/tucomarca.whitekongsoftware.com\/wp-content\/uploads\/2024\/09\/UnioiMusicalCentreHistoIricValeIncia_ClaraMunTHoz-5220-1024x683.jpg 1024w, https:\/\/tucomarca.whitekongsoftware.com\/wp-content\/uploads\/2024\/09\/UnioiMusicalCentreHistoIricValeIncia_ClaraMunTHoz-5220-300x200.jpg 300w, https:\/\/tucomarca.whitekongsoftware.com\/wp-content\/uploads\/2024\/09\/UnioiMusicalCentreHistoIricValeIncia_ClaraMunTHoz-5220-768x512.jpg 768w, https:\/\/tucomarca.whitekongsoftware.com\/wp-content\/uploads\/2024\/09\/UnioiMusicalCentreHistoIricValeIncia_ClaraMunTHoz-5220-1536x1024.jpg 1536w, https:\/\/tucomarca.whitekongsoftware.com\/wp-content\/uploads\/2024\/09\/UnioiMusicalCentreHistoIricValeIncia_ClaraMunTHoz-5220-2048x1365.jpg 2048w\" sizes=\"auto, (max-width: 1024px) 100vw, 1024px\" \/><\/figure>\n<\/figure>\n","protected":false},"excerpt":{"rendered":"<div class=\"mh-excerpt\">Aquest dissabte, 28 de setembre, a l&#8217;auditori Mol\u00ed de Vila, el p\u00fablic podr\u00e0 disfrutar gratu\u00eftament d&#8217;un variat programa interpretat per les agrupacions guanyadores del Certamen de Bandes de la Diputaci\u00f3. La Societat Musical Santa Cecilia <a class=\"mh-excerpt-more\" href=\"https:\/\/tucomarca.whitekongsoftware.com\/ca\/la-diputacio-de-valencia-celebra-la-festa-de-la-musica-valenciana-este-cap-de-setmana-a-quart-de-poblet\/\" title=\"La Diputaci\u00f3 de Val\u00e8ncia celebra la Festa de la M\u00fasica Valenciana este cap de setmana a Quart de Poblet\">[+] <\/a><\/div>\n","protected":false},"author":13,"featured_media":237930,"comment_status":"open","ping_status":"open","sticky":false,"template":"","format":"standard","meta":{"footnotes":""},"categories":[11019,11005,11039,11046,10894,10904,11007,10896],"tags":[21264,11199,21009,15856],"class_list":["post-237941","post","type-post","status-publish","format-standard","has-post-thumbnail","category-agenda-ca","category-canal-musica","category-chelva-ca","category-los-serranos-ca","category-la-comarca-ca","category-sin-categorizar-ca","category-ocio-y-cultura-ca","category-seccion-ca","tag-festa-de-la-musica-valenciana-ca","tag-la-comunitat-ca","tag-la-diputacio-de-valencia-ca","tag-ocio-y-cultura-ca"],"_links":{"self":[{"href":"https:\/\/tucomarca.whitekongsoftware.com\/ca\/wp-json\/wp\/v2\/posts\/237941","targetHints":{"allow":["GET"]}}],"collection":[{"href":"https:\/\/tucomarca.whitekongsoftware.com\/ca\/wp-json\/wp\/v2\/posts"}],"about":[{"href":"https:\/\/tucomarca.whitekongsoftware.com\/ca\/wp-json\/wp\/v2\/types\/post"}],"author":[{"embeddable":true,"href":"https:\/\/tucomarca.whitekongsoftware.com\/ca\/wp-json\/wp\/v2\/users\/13"}],"replies":[{"embeddable":true,"href":"https:\/\/tucomarca.whitekongsoftware.com\/ca\/wp-json\/wp\/v2\/comments?post=237941"}],"version-history":[{"count":0,"href":"https:\/\/tucomarca.whitekongsoftware.com\/ca\/wp-json\/wp\/v2\/posts\/237941\/revisions"}],"wp:featuredmedia":[{"embeddable":true,"href":"https:\/\/tucomarca.whitekongsoftware.com\/ca\/wp-json\/wp\/v2\/media\/237930"}],"wp:attachment":[{"href":"https:\/\/tucomarca.whitekongsoftware.com\/ca\/wp-json\/wp\/v2\/media?parent=237941"}],"wp:term":[{"taxonomy":"category","embeddable":true,"href":"https:\/\/tucomarca.whitekongsoftware.com\/ca\/wp-json\/wp\/v2\/categories?post=237941"},{"taxonomy":"post_tag","embeddable":true,"href":"https:\/\/tucomarca.whitekongsoftware.com\/ca\/wp-json\/wp\/v2\/tags?post=237941"}],"curies":[{"name":"wp","href":"https:\/\/api.w.org\/{rel}","templated":true}]}}