{"id":237920,"date":"2024-09-26T10:30:00","date_gmt":"2024-09-26T08:30:00","guid":{"rendered":"https:\/\/www.tucomarca.com\/wordpress\/segunda\/?p=237920"},"modified":"2024-09-26T12:38:28","modified_gmt":"2024-09-26T10:38:28","slug":"lajuntament-introdueix-una-nova-aplicacio-dacces-a-la-sala-destudi-de-bunyol","status":"publish","type":"post","link":"https:\/\/tucomarca.whitekongsoftware.com\/ca\/lajuntament-introdueix-una-nova-aplicacio-dacces-a-la-sala-destudi-de-bunyol\/","title":{"rendered":"L&#8217;Ajuntament introdueix una nova aplicaci\u00f3 d&#8217;acc\u00e9s a la sala d&#8217;estudi de Bunyol"},"content":{"rendered":"\n<h3 class=\"wp-block-heading\">L&#8217;Ajuntament de Bunyol informa els usuaris de la Sala d&#8217;Estudi de la localitat que ha canviat la manera d&#8217;accedir a aquesta instal\u00b7laci\u00f3.<\/h3>\n\n\n<div class=\"wp-block-image\">\n<figure class=\"alignleft size-full is-resized\"><img loading=\"lazy\" decoding=\"async\" width=\"567\" height=\"640\" src=\"http:\/\/www.tucomarca.com\/wordpress\/segunda\/wp-content\/uploads\/2024\/09\/SalaAnaLluch02.jpg\" alt=\"\" class=\"wp-image-237917\" style=\"width:269px;height:auto\" srcset=\"https:\/\/tucomarca.whitekongsoftware.com\/wp-content\/uploads\/2024\/09\/SalaAnaLluch02.jpg 567w, https:\/\/tucomarca.whitekongsoftware.com\/wp-content\/uploads\/2024\/09\/SalaAnaLluch02-266x300.jpg 266w\" sizes=\"auto, (max-width: 567px) 100vw, 567px\" \/><\/figure>\n<\/div>\n\n\n<p class=\"wp-block-paragraph\">La Regidoria d&#8217;Inform\u00e0tica de l&#8217;Ajuntament de Bunyol informa de la nova manera d&#8217;accedir a la Sala d&#8217;Estudi de la localitat. Continua oferint l&#8217;acc\u00e9s lliure i des de qualsevol dispositiu m\u00f2bil i controlant-se l&#8217;aforament i les hores d&#8217;acc\u00e9s, aix\u00ed com l&#8217;usuari que accedeix, que tamb\u00e9 queda registrat.\u00a0 L&#8217;adre\u00e7a \u00e9s <a href=\"https:\/\/salaestudios.bunyol.es\">https:\/\/salaestudios.bunyol.es<\/a><\/p>\n\n\n\n<p class=\"wp-block-paragraph\">Si tenen qualsevol problema d&#8217;acc\u00e9s o volen fer alguna modificaci\u00f3 en les seues dades de registre hauran d&#8217;accedir la primera vegada a trav\u00e9s de l&#8217;enlla\u00e7 \u00a0<a href=\"https:\/\/salaestudios.bunyol.es\/login\">https:\/\/salaestudios.bunyol.es\/login<\/a> \u00a0 a\u00a0reinicialitzar contrasenya.\u00a0<\/p>\n\n\n\n<p class=\"wp-block-paragraph\">Per als nous usuaris que es registren els demana les dades personals o en cas de ser menor d&#8217;edat que no dispose de DNI els reclamar\u00e0 el del pare, mare o tutor legal.&nbsp; Tamb\u00e9 poden inscriure&#8217;s tots aquells ve\u00efns que compten amb NIE.<\/p>\n\n\n\n<p class=\"wp-block-paragraph\">Recorden que es pot accedir des de la p\u00e0gina web de l&#8217;Ajuntament de Bunyol, en l&#8217;apartat Destacats, on figurar\u00e0 un acc\u00e9s directe. Recordem que la web de l&#8217;ajuntament \u00e9s <a href=\"https:\/\/www.bunyol.es\/\">https:\/\/www.bunyol.es\/<\/a><\/p>\n","protected":false},"excerpt":{"rendered":"<div class=\"mh-excerpt\">L&#8217;Ajuntament de Bunyol informa els usuaris de la Sala d&#8217;Estudi de la localitat que ha canviat la manera d&#8217;accedir a aquesta instal\u00b7laci\u00f3. La Regidoria d&#8217;Inform\u00e0tica de l&#8217;Ajuntament de Bunyol informa de la nova manera d&#8217;accedir <a class=\"mh-excerpt-more\" href=\"https:\/\/tucomarca.whitekongsoftware.com\/ca\/lajuntament-introdueix-una-nova-aplicacio-dacces-a-la-sala-destudi-de-bunyol\/\" title=\"L&#8217;Ajuntament introdueix una nova aplicaci\u00f3 d&#8217;acc\u00e9s a la sala d&#8217;estudi de Bunyol\">[+] <\/a><\/div>\n","protected":false},"author":13,"featured_media":237916,"comment_status":"open","ping_status":"open","sticky":false,"template":"","format":"standard","meta":{"footnotes":""},"categories":[10911,10948,10894,10912,10896],"tags":[10913,12903,10914,15642],"class_list":["post-237920","post","type-post","status-publish","format-standard","has-post-thumbnail","category-bunol-ca","category-infraestructuras-ca","category-la-comarca-ca","category-la-hoya-ca","category-seccion-ca","tag-bunol-ca","tag-infraestructuras-ca","tag-la-hoya-de-bunol-chiva-ca","tag-sala-de-estudio-ana-lluch-ca"],"_links":{"self":[{"href":"https:\/\/tucomarca.whitekongsoftware.com\/ca\/wp-json\/wp\/v2\/posts\/237920","targetHints":{"allow":["GET"]}}],"collection":[{"href":"https:\/\/tucomarca.whitekongsoftware.com\/ca\/wp-json\/wp\/v2\/posts"}],"about":[{"href":"https:\/\/tucomarca.whitekongsoftware.com\/ca\/wp-json\/wp\/v2\/types\/post"}],"author":[{"embeddable":true,"href":"https:\/\/tucomarca.whitekongsoftware.com\/ca\/wp-json\/wp\/v2\/users\/13"}],"replies":[{"embeddable":true,"href":"https:\/\/tucomarca.whitekongsoftware.com\/ca\/wp-json\/wp\/v2\/comments?post=237920"}],"version-history":[{"count":0,"href":"https:\/\/tucomarca.whitekongsoftware.com\/ca\/wp-json\/wp\/v2\/posts\/237920\/revisions"}],"wp:featuredmedia":[{"embeddable":true,"href":"https:\/\/tucomarca.whitekongsoftware.com\/ca\/wp-json\/wp\/v2\/media\/237916"}],"wp:attachment":[{"href":"https:\/\/tucomarca.whitekongsoftware.com\/ca\/wp-json\/wp\/v2\/media?parent=237920"}],"wp:term":[{"taxonomy":"category","embeddable":true,"href":"https:\/\/tucomarca.whitekongsoftware.com\/ca\/wp-json\/wp\/v2\/categories?post=237920"},{"taxonomy":"post_tag","embeddable":true,"href":"https:\/\/tucomarca.whitekongsoftware.com\/ca\/wp-json\/wp\/v2\/tags?post=237920"}],"curies":[{"name":"wp","href":"https:\/\/api.w.org\/{rel}","templated":true}]}}