{"id":237867,"date":"2024-09-26T11:00:00","date_gmt":"2024-09-26T09:00:00","guid":{"rendered":"https:\/\/www.tucomarca.com\/wordpress\/segunda\/?p=237867"},"modified":"2024-09-26T12:24:40","modified_gmt":"2024-09-26T10:24:40","slug":"educacio-incrementa-un-163-les-subvencions-destinades-a-conservatoris-municipals-i-centres-de-musica-i-dansa-de-la-comunitat-valenciana","status":"publish","type":"post","link":"https:\/\/tucomarca.whitekongsoftware.com\/ca\/educacio-incrementa-un-163-les-subvencions-destinades-a-conservatoris-municipals-i-centres-de-musica-i-dansa-de-la-comunitat-valenciana\/","title":{"rendered":"Educaci\u00f3 incrementa un 163 % les subvencions destinades a conservatoris municipals i centres de m\u00fasica i dansa de la Comunitat Valenciana"},"content":{"rendered":"\n<h3 class=\"wp-block-heading\">En 2024 es concedixen m\u00e9s de 10 milions d\u2019euros davant dels quasi 4 que es van pressupostar en 2023.<\/h3>\n\n\n\n<h3 class=\"wp-block-heading\">Un total de 67 centres de la Comunitat es beneficien d\u2019esta subvenci\u00f3: 19 de la prov\u00edncia d\u2019Alacant, 8 de la de Castell\u00f3 i 40 de la de Val\u00e8ncia.<\/h3>\n\n\n\n<p class=\"wp-block-paragraph\">La Conselleria d\u2019Educaci\u00f3, Cultura, Universitats i Ocupaci\u00f3 ha augmentat en un 163 % les subvencions destinades a conservatoris municipals i centres integrats de M\u00fasica i Dansa, en passar de 3.974.019,04 d\u2019euros pressupostats en 2023 a 10.470.000 d\u2019euros en 2024.<\/p>\n\n\n\n<p class=\"wp-block-paragraph\">El director general de Centres Docents, Jorge Cabo, ha assistit a la Comissi\u00f3 de Valoraci\u00f3 de les subvencions destinades a conservatoris municipals, centres autoritzats i centres integrats d\u2019ensenyaments generals i ensenyaments art\u00edstics, elementals o professionals, de M\u00fasica i de Dansa per a l\u2019exercici 2024.<\/p>\n\n\n\n<p class=\"wp-block-paragraph\">El criteri utilitzat per a distribuir les ajudes es fonamenta en el nombre de centres assignats a cada tipus d\u2019ensenyament. D\u2019esta manera, el 90 % del pressupost es destinar\u00e0 a l\u2019ensenyament de M\u00fasica i el 10 % a la de Dansa.<\/p>\n\n\n\n<p class=\"wp-block-paragraph\">Un total de 67 centres de tota la Comunitat Valenciana han rebut estes ajudes, i s\u2019han beneficiat del notable increment d\u2019enguany. Per prov\u00edncies, 19 centres pertanyen a la prov\u00edncia d\u2019Alacant, 8 a la de Castell\u00f3 i 40 a la de Val\u00e8ncia.<\/p>\n\n\n\n<p class=\"wp-block-paragraph\">Gr\u00e0cies a este increment, els conservatoris no integrats en la xarxa de la Generalitat augmenten el seu pressupost de manera molt notable per a afavorir el sosteniment de la seua activitat escolar i cobrir part dels seus gastos.<\/p>\n\n\n\n<p class=\"wp-block-paragraph\">Per centres, el Conservatori Professional d\u2019Alcoi passa de rebre 122.669,31 euros a 429.143,58 euros, la qual cosa suposa un increment del 250 %. El Conservatori Professional d\u2019Almorad\u00ed, per la seua part, augmenta la seua dotaci\u00f3 de 127.727,61 euros a 378.407,90 euros, amb un creixement del 196 %.<\/p>\n\n\n\n<p class=\"wp-block-paragraph\">El Conservatori Professional de Villena veu incrementada la seua assignaci\u00f3 de 128.313 euros a 455.832,12 euros, la qual cosa representa un augment del 255 %; el Conservatori Professional de Sagunt passa de 116.221,60 euros a 379.368,41 euros, la qual cosa implica un creixement del 226 %; el Conservatori Professional de Dansa de Riba-roja de T\u00faria incrementa el seu finan\u00e7ament de 124.666,57 euros a 523.500,00 euros, la qual cosa suposa un augment del 285 % i, finalment, en el cas del Conservatori Professional de X\u00e0tiva, l\u2019augment \u00e9s tamb\u00e9 significatiu, en passar de 115.592,02 euros a 349.283,76 euros, la qual cosa representa un increment del 202 %.<\/p>\n","protected":false},"excerpt":{"rendered":"<div class=\"mh-excerpt\">En 2024 es concedixen m\u00e9s de 10 milions d\u2019euros davant dels quasi 4 que es van pressupostar en 2023. Un total de 67 centres de la Comunitat es beneficien d\u2019esta subvenci\u00f3: 19 de la prov\u00edncia <a class=\"mh-excerpt-more\" href=\"https:\/\/tucomarca.whitekongsoftware.com\/ca\/educacio-incrementa-un-163-les-subvencions-destinades-a-conservatoris-municipals-i-centres-de-musica-i-dansa-de-la-comunitat-valenciana\/\" title=\"Educaci\u00f3 incrementa un 163 % les subvencions destinades a conservatoris municipals i centres de m\u00fasica i dansa de la Comunitat Valenciana\">[+] <\/a><\/div>\n","protected":false},"author":13,"featured_media":237865,"comment_status":"open","ping_status":"open","sticky":false,"template":"","format":"standard","meta":{"footnotes":""},"categories":[10892,11005,10898,10948,10894,10904,11007,10947,10906,10896],"tags":[12903,11199,15856],"class_list":["post-237867","post","type-post","status-publish","format-standard","has-post-thumbnail","category-camp-de-turia-ca","category-canal-musica","category-ventana-ca","category-infraestructuras-ca","category-la-comarca-ca","category-sin-categorizar-ca","category-ocio-y-cultura-ca","category-politica","category-riba-roja-ca","category-seccion-ca","tag-infraestructuras-ca","tag-la-comunitat-ca","tag-ocio-y-cultura-ca"],"_links":{"self":[{"href":"https:\/\/tucomarca.whitekongsoftware.com\/ca\/wp-json\/wp\/v2\/posts\/237867","targetHints":{"allow":["GET"]}}],"collection":[{"href":"https:\/\/tucomarca.whitekongsoftware.com\/ca\/wp-json\/wp\/v2\/posts"}],"about":[{"href":"https:\/\/tucomarca.whitekongsoftware.com\/ca\/wp-json\/wp\/v2\/types\/post"}],"author":[{"embeddable":true,"href":"https:\/\/tucomarca.whitekongsoftware.com\/ca\/wp-json\/wp\/v2\/users\/13"}],"replies":[{"embeddable":true,"href":"https:\/\/tucomarca.whitekongsoftware.com\/ca\/wp-json\/wp\/v2\/comments?post=237867"}],"version-history":[{"count":0,"href":"https:\/\/tucomarca.whitekongsoftware.com\/ca\/wp-json\/wp\/v2\/posts\/237867\/revisions"}],"wp:featuredmedia":[{"embeddable":true,"href":"https:\/\/tucomarca.whitekongsoftware.com\/ca\/wp-json\/wp\/v2\/media\/237865"}],"wp:attachment":[{"href":"https:\/\/tucomarca.whitekongsoftware.com\/ca\/wp-json\/wp\/v2\/media?parent=237867"}],"wp:term":[{"taxonomy":"category","embeddable":true,"href":"https:\/\/tucomarca.whitekongsoftware.com\/ca\/wp-json\/wp\/v2\/categories?post=237867"},{"taxonomy":"post_tag","embeddable":true,"href":"https:\/\/tucomarca.whitekongsoftware.com\/ca\/wp-json\/wp\/v2\/tags?post=237867"}],"curies":[{"name":"wp","href":"https:\/\/api.w.org\/{rel}","templated":true}]}}