{"id":237859,"date":"2024-09-25T11:30:00","date_gmt":"2024-09-25T09:30:00","guid":{"rendered":"https:\/\/www.tucomarca.com\/wordpress\/segunda\/?p=237859"},"modified":"2024-09-25T18:10:08","modified_gmt":"2024-09-25T16:10:08","slug":"cheste-dona-el-tret-deixida-a-la-li-fiesta-de-la-verema-amb-la-presentacio-de-la-reina-i-la-seua-cort-dhonor","status":"publish","type":"post","link":"https:\/\/tucomarca.whitekongsoftware.com\/ca\/cheste-dona-el-tret-deixida-a-la-li-fiesta-de-la-verema-amb-la-presentacio-de-la-reina-i-la-seua-cort-dhonor\/","title":{"rendered":"Xest dona el tret d&#8217;eixida a la LI Fiesta de la Verema amb la Presentaci\u00f3 de la Reina i la seua cort d&#8217;honor"},"content":{"rendered":"\n<p class=\"wp-block-paragraph\">Dissabte que ve, 28 de setembre, a les 19.00 hores, el Teatre Liceu acollir\u00e0 la Presentaci\u00f3 de la Reina de la LI Vendimia, Paola de la Creu Soriano, i la seua Cort d&#8217;Honor, inaugurant-se aix\u00ed una nova edici\u00f3 de la Festa de la Verema de Xest.<\/p>\n\n\n\n<p class=\"wp-block-paragraph\">Un any m\u00e9s, des de la Regidoria de Festes s&#8217;ha elaborat un complet programa festiu en el qual no falten els actes m\u00e9s tradicionals, repeteixen les activitats recentment incorporades i s&#8217;estrenen algunes propostes noves.<\/p>\n\n\n\n<p class=\"wp-block-paragraph\">El programa complet ja es pot consultar en les plataformes informatives de l&#8217;Ajuntament: la web www.cheste.es, les p\u00e0gines de Facebook i Instagram municipals i l&#8217;app Bandos.es.<\/p>\n\n\n\n<p class=\"wp-block-paragraph\"><strong>Programa festiu<\/strong><\/p>\n\n\n\n<p class=\"wp-block-paragraph\">El primer cap de setmana d&#8217;octubre s&#8217;obrir\u00e0 amb una macrodiscom\u00f3vil, el dissabte 5, en la pla\u00e7a II Rep\u00fablica, que comptar\u00e0 amb la participaci\u00f3 de DJ locals. El diumenge al mat\u00ed se celebrar\u00e0 el tradicional torneig d&#8217;escacs de festes i, ja entrada la vesprada, a les 18.00, la pla\u00e7a Doctor Cajal ser\u00e0 l&#8217;escenari de la III Dans\u00e0 en honor a la collita i al vi, a c\u00e0rrec del grup de Danses, en la qual participaran la Reina i la seua Cort d&#8217;Honor i els ve\u00efns i ve\u00efnes que es vulguen sumar.<\/p>\n\n\n\n<p class=\"wp-block-paragraph\">En la programaci\u00f3 festiva d&#8217;aquesta 51a edici\u00f3 es consoliden activitats de recent incorporaci\u00f3, com els Premis 9 d&#8217;octubre, que celebraran la seua segona edici\u00f3 amb un nou acte d&#8217;homenatge a personalitats i entitats locals; o els CrossVid Games, que tamb\u00e9 repeteixen en el calendari festiu, convidant de nou a les quadrilles a participar en una competici\u00f3 l\u00fadica de CrossFit, el dissabte 19 d&#8217;octubre, en la Pla\u00e7a II Rep\u00fablica.<\/p>\n\n\n\n<p class=\"wp-block-paragraph\">Com a novetat, el 12 d&#8217;octubre s&#8217;inaugurar\u00e0 la I edici\u00f3 del Cinqu\u00e9 i Tapa de Xest, que se celebrar\u00e0 despr\u00e9s de la Cercavila del Mant\u00f3, en la Pla\u00e7a Doctor Cajal, i que repetir\u00e0 l&#8217;endem\u00e0, de 12.00 a 14.00. A m\u00e9s, el programa contempla un tast de vi, una ruta guiada pels llocs emblem\u00e0tics de la poblaci\u00f3 i la presentaci\u00f3 del llibre Cr\u00f2niques de Xest, de Miguel Vicente Cort\u00e9s Navarro.<\/p>\n\n\n\n<p class=\"wp-block-paragraph\">Un any m\u00e9s, no faltaran els actes m\u00e9s tradicionals com la Pis\u00e0 del ra\u00efm, el diumenge 13 d&#8217;octubre, en horari de vesprada en aquesta ocasi\u00f3, a partir de les 17.00; el dia de Sant Lluc, el 18 d&#8217;octubre; la festa de les Paelles, prevista per al dissabte 26, o el Dia de la Flor, que tancar\u00e0 el programa festiu, el 27 d&#8217;octubre.<\/p>\n\n\n\n<p class=\"wp-block-paragraph\">Els actes taurins es desenvoluparan entre el 23 i el 27 d&#8217;octubre i comptaran amb una entr\u00e1 especial, programada per al divendres 25; a m\u00e9s de les entr\u00e1s t\u00edpiques, les vesprades de vaques, bou en puntes i de vaquilla o el bou embolao. Tamb\u00e9 hi haur\u00e0 bou de corda el dia 26 d&#8217;octubre, a les 8.00.<\/p>\n","protected":false},"excerpt":{"rendered":"<div class=\"mh-excerpt\">Dissabte que ve, 28 de setembre, a les 19.00 hores, el Teatre Liceu acollir\u00e0 la Presentaci\u00f3 de la Reina de la LI Vendimia, Paola de la Creu Soriano, i la seua Cort d&#8217;Honor, inaugurant-se aix\u00ed <a class=\"mh-excerpt-more\" href=\"https:\/\/tucomarca.whitekongsoftware.com\/ca\/cheste-dona-el-tret-deixida-a-la-li-fiesta-de-la-verema-amb-la-presentacio-de-la-reina-i-la-seua-cort-dhonor\/\" title=\"Xest dona el tret d&#8217;eixida a la LI Fiesta de la Verema amb la Presentaci\u00f3 de la Reina i la seua cort d&#8217;honor\">[+] <\/a><\/div>\n","protected":false},"author":13,"featured_media":237857,"comment_status":"open","ping_status":"open","sticky":false,"template":"","format":"standard","meta":{"footnotes":""},"categories":[11019,10894,10912,11007,10896,10974],"tags":[19500,11071,10914,15856],"class_list":["post-237859","post","type-post","status-publish","format-standard","has-post-thumbnail","category-agenda-ca","category-la-comarca-ca","category-la-hoya-ca","category-ocio-y-cultura-ca","category-seccion-ca","category-cheste-ca","tag-agenda-2-ca","tag-cheste","tag-la-hoya-de-bunol-chiva-ca","tag-ocio-y-cultura-ca"],"_links":{"self":[{"href":"https:\/\/tucomarca.whitekongsoftware.com\/ca\/wp-json\/wp\/v2\/posts\/237859","targetHints":{"allow":["GET"]}}],"collection":[{"href":"https:\/\/tucomarca.whitekongsoftware.com\/ca\/wp-json\/wp\/v2\/posts"}],"about":[{"href":"https:\/\/tucomarca.whitekongsoftware.com\/ca\/wp-json\/wp\/v2\/types\/post"}],"author":[{"embeddable":true,"href":"https:\/\/tucomarca.whitekongsoftware.com\/ca\/wp-json\/wp\/v2\/users\/13"}],"replies":[{"embeddable":true,"href":"https:\/\/tucomarca.whitekongsoftware.com\/ca\/wp-json\/wp\/v2\/comments?post=237859"}],"version-history":[{"count":0,"href":"https:\/\/tucomarca.whitekongsoftware.com\/ca\/wp-json\/wp\/v2\/posts\/237859\/revisions"}],"wp:featuredmedia":[{"embeddable":true,"href":"https:\/\/tucomarca.whitekongsoftware.com\/ca\/wp-json\/wp\/v2\/media\/237857"}],"wp:attachment":[{"href":"https:\/\/tucomarca.whitekongsoftware.com\/ca\/wp-json\/wp\/v2\/media?parent=237859"}],"wp:term":[{"taxonomy":"category","embeddable":true,"href":"https:\/\/tucomarca.whitekongsoftware.com\/ca\/wp-json\/wp\/v2\/categories?post=237859"},{"taxonomy":"post_tag","embeddable":true,"href":"https:\/\/tucomarca.whitekongsoftware.com\/ca\/wp-json\/wp\/v2\/tags?post=237859"}],"curies":[{"name":"wp","href":"https:\/\/api.w.org\/{rel}","templated":true}]}}