{"id":237851,"date":"2024-09-25T13:45:00","date_gmt":"2024-09-25T11:45:00","guid":{"rendered":"https:\/\/www.tucomarca.com\/wordpress\/segunda\/?p=237851"},"modified":"2024-09-25T18:33:56","modified_gmt":"2024-09-25T16:33:56","slug":"benaguasil-presenta-el-nou-servei-de-recollida-de-residus-i-neteja-viaria","status":"publish","type":"post","link":"https:\/\/tucomarca.whitekongsoftware.com\/ca\/benaguasil-presenta-el-nou-servei-de-recollida-de-residus-i-neteja-viaria\/","title":{"rendered":"Benaguasil presenta el nou servei de recollida de residus i neteja vi\u00e0ria"},"content":{"rendered":"\n<h3 class=\"wp-block-heading\"><strong>Fovasa ser\u00e0 l&#8217;empresa encarregada de desenvolupar els treballs<\/strong>.<\/h3>\n\n\n\n<h3 class=\"wp-block-heading\"><strong>El contracte arreplega importants novetats i millores per a prestar un servei m\u00e9s eficient i adaptat a la realitat i necessitats de Benaguasil<\/strong>.<\/h3>\n\n\n\n<p class=\"wp-block-paragraph\">L&#8217;Ajuntament de Benaguasil ha presentat el nou servei de recollida de residus s\u00f2lids urbans (RSU) i neteja vi\u00e0ria, despr\u00e9s de l&#8217;entrada en vigor de l&#8217;adjudicaci\u00f3 del contracte a l&#8217;empresa Fovasa Medi ambient.&nbsp;<\/p>\n\n\n\n<p class=\"wp-block-paragraph\">La concessi\u00f3, que abasta els pr\u00f2xims cinc anys amb un import anual de 780.000 euros, inclou millores significatives tant en la infraestructura com en els serveis oferits, amb l&#8217;objectiu d&#8217;optimitzar la gesti\u00f3 de residus en el municipi.<\/p>\n\n\n\n<p class=\"wp-block-paragraph\">L&#8217;empresa ha assumit la responsabilitat de la recollida i transport dels residus municipals generats a Benaguasil, aix\u00ed com la neteja de les vies i espais p\u00fablics.<\/p>\n\n\n\n<p class=\"wp-block-paragraph\">Entre les millores implementades, destaca l&#8217;increment de la freq\u00fc\u00e8ncia de recollida de restes de poda i jardineria, i de residus de la fracci\u00f3 reste en totes les zones del terme municipal. La neteja vi\u00e0ria es prestar\u00e0 de dilluns a dissabte en horari de 6.30 hores a 20.00 hores a trav\u00e9s d&#8217;escombratge mec\u00e0nic i manual, amb l&#8217;objectiu de cobrir totes les \u00e0rees. Aix\u00ed mateix, s&#8217;implementaran tres jornades setmanals d&#8217;aigualeig i reg, a m\u00e9s de la neteja de mobiliari urb\u00e0. S&#8217;ha assignat una cisterna d&#8217;aigualeig que acudir\u00e0 al municipi durant els tres dies d&#8217;aigualeig setmanal, assegurant la correcta neteja de les vies p\u00fabliques.<\/p>\n\n\n\n<p class=\"wp-block-paragraph\">Un dels avan\u00e7os m\u00e9s destacats \u00e9s la introducci\u00f3 de noves tecnologies que permeten una gesti\u00f3 m\u00e9s eficient i sostenible. Entre aquestes millores s&#8217;han implementat sistemes de control i monitoratge en temps real dels vehicles i rutes de recollida, la qual cosa assegura una optimitzaci\u00f3 en els temps de treball i un millor servei per a la ciutadania.<\/p>\n\n\n\n<p class=\"wp-block-paragraph\">Per a complir amb els nous est\u00e0ndards d&#8217;efici\u00e8ncia s&#8217;ha renovat la flota de vehicles i maquin\u00e0ria. Entre els nous equips s&#8217;inclouen dos camions de c\u00e0rrega posterior, un de 22m\u00b3 i un altre de 7m\u00b3, una escombradora de 4m\u00b3, una escombradora el\u00e8ctrica de 2m\u00b3, un cami\u00f3 de caixa oberta i una furgoneta el\u00e8ctrica. Aquests vehicles no sols permetran una major capacitat de neteja, sin\u00f3 que tamb\u00e9 reduiran les emissions de CO\u2082, en l\u00ednia amb el comprom\u00eds mediambiental del Consistori.<\/p>\n\n\n\n<p class=\"wp-block-paragraph\">Aix\u00ed mateix, s&#8217;ha procedit a la renovaci\u00f3 de tots els contenidors de la fracci\u00f3 reste, que ara estan adaptats al sistema de recollida de c\u00e0rrega posterior i equipats amb sobretapa, facilitant aix\u00ed el dep\u00f2sit de residus per part dels ve\u00efns. A m\u00e9s s&#8217;ha incl\u00f2s un servei de neteja d&#8217;embornals, per a garantir un manteniment \u00f2ptim dels carrers.<\/p>\n\n\n\n<p class=\"wp-block-paragraph\">Per a garantir el correcte funcionament del servei es compta amb un equip de 15 professionals, format per un encarregat, cinc conductors i nou peons. Aquest equip s&#8217;encarregar\u00e0 de realitzar les labors de recollida i neteja en tot el terme municipal, amb un horari de dilluns a dissabte de 6.30 a 20.00 hores, assegurant una cobertura adequada en totes les zones.<\/p>\n\n\n\n<p class=\"wp-block-paragraph\">La regidor de l&#8217;\u00e0rea, Patricia Merenciano, ha conegut de primera m\u00e0 els vehicles, la maquin\u00e0ria i els contenidors que formaran part d&#8217;aquest nou servei concorde al creixement de Benaguasil, i que suposar\u00e0 una substancial millora en la recollida de residus, el manteniment i la neteja del nostre municipi. En aquest sentit, ha assenyalat que \u201ctotes aquestes modificacions tenen com a objectiu millorar el servei i satisfer les demandes ciutadanes en una q\u00fcesti\u00f3 tan important com \u00e9s la neteja i recollida de residus, un servei que no suposar\u00e0 cap increment en la taxa de recollida de residus urbans que repercuteix en la ciutadania de Benaguasil\u201d.<\/p>\n\n\n\n<p class=\"wp-block-paragraph\">Amb la incorporaci\u00f3 d&#8217;aquests nous serveis, Benaguasil refor\u00e7a el seu comprom\u00eds amb la cura de l&#8217;entorn urb\u00e0 i la millora de la qualitat de vida dels seus ve\u00efns i ve\u00efnes.<\/p>\n","protected":false},"excerpt":{"rendered":"<div class=\"mh-excerpt\">Fovasa ser\u00e0 l&#8217;empresa encarregada de desenvolupar els treballs. El contracte arreplega importants novetats i millores per a prestar un servei m\u00e9s eficient i adaptat a la realitat i necessitats de Benaguasil. L&#8217;Ajuntament de Benaguasil ha <a class=\"mh-excerpt-more\" href=\"https:\/\/tucomarca.whitekongsoftware.com\/ca\/benaguasil-presenta-el-nou-servei-de-recollida-de-residus-i-neteja-viaria\/\" title=\"Benaguasil presenta el nou servei de recollida de residus i neteja vi\u00e0ria\">[+] <\/a><\/div>\n","protected":false},"author":13,"featured_media":237849,"comment_status":"open","ping_status":"open","sticky":false,"template":"","format":"standard","meta":{"footnotes":""},"categories":[10952,10892,10948,10894,10903,10947,10896],"tags":[11136,10899,12903],"class_list":["post-237851","post","type-post","status-publish","format-standard","has-post-thumbnail","category-benaguasil-ca","category-camp-de-turia-ca","category-infraestructuras-ca","category-la-comarca-ca","category-medio-ambiente-la-comarca-ca","category-politica","category-seccion-ca","tag-benaguasil-ca","tag-camp-de-turia-ca","tag-infraestructuras-ca"],"_links":{"self":[{"href":"https:\/\/tucomarca.whitekongsoftware.com\/ca\/wp-json\/wp\/v2\/posts\/237851","targetHints":{"allow":["GET"]}}],"collection":[{"href":"https:\/\/tucomarca.whitekongsoftware.com\/ca\/wp-json\/wp\/v2\/posts"}],"about":[{"href":"https:\/\/tucomarca.whitekongsoftware.com\/ca\/wp-json\/wp\/v2\/types\/post"}],"author":[{"embeddable":true,"href":"https:\/\/tucomarca.whitekongsoftware.com\/ca\/wp-json\/wp\/v2\/users\/13"}],"replies":[{"embeddable":true,"href":"https:\/\/tucomarca.whitekongsoftware.com\/ca\/wp-json\/wp\/v2\/comments?post=237851"}],"version-history":[{"count":0,"href":"https:\/\/tucomarca.whitekongsoftware.com\/ca\/wp-json\/wp\/v2\/posts\/237851\/revisions"}],"wp:featuredmedia":[{"embeddable":true,"href":"https:\/\/tucomarca.whitekongsoftware.com\/ca\/wp-json\/wp\/v2\/media\/237849"}],"wp:attachment":[{"href":"https:\/\/tucomarca.whitekongsoftware.com\/ca\/wp-json\/wp\/v2\/media?parent=237851"}],"wp:term":[{"taxonomy":"category","embeddable":true,"href":"https:\/\/tucomarca.whitekongsoftware.com\/ca\/wp-json\/wp\/v2\/categories?post=237851"},{"taxonomy":"post_tag","embeddable":true,"href":"https:\/\/tucomarca.whitekongsoftware.com\/ca\/wp-json\/wp\/v2\/tags?post=237851"}],"curies":[{"name":"wp","href":"https:\/\/api.w.org\/{rel}","templated":true}]}}