{"id":237820,"date":"2024-09-25T13:00:00","date_gmt":"2024-09-25T11:00:00","guid":{"rendered":"https:\/\/www.tucomarca.com\/wordpress\/segunda\/?p=237820"},"modified":"2024-09-25T18:16:06","modified_gmt":"2024-09-25T16:16:06","slug":"la-mancomunitat-alto-turia-exhibira-la-millor-cuina-i-els-productes-de-la-zona-en-el-seu-primer-festival-turistic-i-gastronomic","status":"publish","type":"post","link":"https:\/\/tucomarca.whitekongsoftware.com\/ca\/la-mancomunitat-alto-turia-exhibira-la-millor-cuina-i-els-productes-de-la-zona-en-el-seu-primer-festival-turistic-i-gastronomic\/","title":{"rendered":"La Mancomunitat Alto Turia exhibir\u00e0 la millor cuina i els productes de la zona en el seu primer festival tur\u00edstic i gastron\u00f2mic"},"content":{"rendered":"\n<p class=\"wp-block-paragraph\">La Diputaci\u00f3 de Val\u00e8ncia ha acollit hui la presentaci\u00f3 del Festival de Tardor, una mostra gastron\u00f2mica, tur\u00edstica i cultural que pret\u00e9n promoure el turisme i divulgar el sabor de la zona<br>El certamen es desenvolupar\u00e0 en diferents jornades des del pr\u00f2xim cap de setmana i fins al 21 de desembre amb esdeveniments en els municipis de Tu\u00e9jar, Aras de los Olmos, Benag\u00e9ber, Titaguas i Chelva<\/p>\n\n\n\n<p class=\"wp-block-paragraph\">El producte agroalimentari de l&#8217;Alto Turia, aix\u00ed com els seus guisats tradicionals, es posaran en valor en l&#8217;I Festival Tur\u00edstic i Gastron\u00f2mic de la Mancomunitat de l&#8217;Alto Turia. El motor d&#8217;esta fira seran els productes de proximitat de la zona, com s\u00f3n els vins, embotits, olis, vins, mel i les fruites i verdures que es cultiven de manera \u00fanica en el territori, aix\u00ed com la restauraci\u00f3 local. La iniciativa tindr\u00e0 lloc en diferents jornades des del pr\u00f2xim cap de setmana i fins al 21 de desembre amb esdeveniments en els municipis de Tu\u00e9jar, Aras de los Olmos, Benag\u00e9ber, Titaguas i Chelva.<\/p>\n\n\n\n<p class=\"wp-block-paragraph\">El Pati dels Scala de la Diputaci\u00f3 de Val\u00e8ncia ha acollit este dimecres la presentaci\u00f3 del Festival de Tardor de l&#8217;Alto Turia, una mostra gastron\u00f2mica, tur\u00edstica i cultural que pret\u00e9n promoure el turisme de la zona i divulgar el sabor de l&#8217;Alto Turia i que compta amb la col\u00b7laboraci\u00f3 de la Diputaci\u00f3 de Val\u00e8ncia. El festival es desenvolupar\u00e0 a trav\u00e9s d\u2019esdeveniments en cadascun dels cinc municipis de l&#8217;Alto Turia: Festival Plum &amp; Blues, a Tu\u00e9jar (28 i 29 de setembre); Fira de la Dona Rural, en nom dels Olmos (de l&#8217;11 al 13 d&#8217;octubre); I Certamen del Caravaning, a Benag\u00e9ber (del 9 al 10 de novembre); Nit de les \u201cDestrals\u201d, a Titaguas (7 de desembre); i la III Fira de la T\u00f2fona, a Chelva (21 de desembre).<\/p>\n\n\n\n<p class=\"wp-block-paragraph\"><strong>Degustacions de vins i productes de l&#8217;Alto Turia<\/strong><\/p>\n\n\n\n<p class=\"wp-block-paragraph\">Estos esdeveniments acolliran diverses activitats, com a degustacions de vins i altres productes de la zona, aix\u00ed com showcookings en el quals les associacions del municipi i una experta cuinera i escriptora de receptaris de la zona donaran a con\u00e9ixer els guisats t\u00edpics del territori. Aix\u00ed mateix, es posaran a la disposici\u00f3 dels professionals de la mancomunitat i voltants diferents espais on donar a con\u00e9ixer productes i servicis de l&#8217;Altu Turia i de la comarca de la Serran\u00eda.<\/p>\n\n\n\n<p class=\"wp-block-paragraph\">L&#8217;acte de presentaci\u00f3 ha comptat amb el diputat de Turisme, Pedro Cuesta; el president de la Mancomunitat de l&#8217;Alto Turia, Rafael Darijo; i el delegat de Turisme de la mancomunitat, Rafael Gim\u00e9nez.<\/p>\n\n\n\n<p class=\"wp-block-paragraph\">El diputat provincial ha mostrat la seua satisfacci\u00f3 per col\u00b7laborar en este festival, \u201cun esdeveniment que suposa un important est\u00edmul per a con\u00e9ixer l&#8217;interior de la nostra prov\u00edncia, el seu ric patrimoni cultural i gastron\u00f2mic, a m\u00e9s del natural, aix\u00ed com les m\u00faltiples experi\u00e8ncies que ens oferix entorn de tot aix\u00f2\u201d, destaca. Aix\u00ed mateix, ha assenyalat que la iniciativa \u201cse suma als potents esdeveniments tur\u00edstics i gastron\u00f2mics que ja se celebren en la Serran\u00eda i l&#8217;Alto Turia\u201d.<\/p>\n\n\n\n<p class=\"wp-block-paragraph\">\u201cEl Festival de Tardor -ha destacat Cuesta- desestacionalitza el turisme en la zona i anima a descobrir-la, per tant fomenta l&#8217;economia local i la creaci\u00f3 d&#8217;ocupaci\u00f3 en col\u00b7laboraci\u00f3 amb els agents privats, una cosa molt important en els municipis d&#8217;interior per a evitar la despoblaci\u00f3\u201d. En este sentit, ha apuntat que la Diputaci\u00f3 de Val\u00e8ncia aposta pels municipis xicotets com els de l&#8217;Alto Turia amb diverses iniciatives en marxa, com \u00e9s el programa \u2018Fem Poble, turisme contra la despoblaci\u00f3\u2019 i ha oferit el suport de la corporaci\u00f3 provincial a estos municipis per a cr\u00e9ixer \u201cen tot el necessari\u201d.<\/p>\n\n\n\n<p class=\"wp-block-paragraph\">Finalment, ha donat l&#8217;enhorabona a la Mancomunitat de l&#8217;Alto Turia per esta iniciativa \u201cque potencia el turisme en els seus municipis i, alhora, a l&#8217;interior de la prov\u00edncia, projectant una nova imatge d&#8217;esta destinaci\u00f3 amb iniciatives d&#8217;inter\u00e9s actual per als ciutadans.\u201d<\/p>\n\n\n\n<p class=\"wp-block-paragraph\">El president de la Mancomunitat de l&#8217;Alt T\u00faria, ha destacat per la seua part la \u201caposta tur\u00edstica dels cinc municipis de l&#8217;Alto Turia i pel turisme de naturalesa i rural, d\u2019ac\u00ed esta proposta de tardor, que est\u00e0 adequada a la vida de cada municipi\u201d.<\/p>\n\n\n\n<p class=\"wp-block-paragraph\">\u201cEsperem que la gent vinga al festival, ens conega i servisca perqu\u00e8 despr\u00e9s vulguen tornar\u201d, ha agregat, a m\u00e9s d&#8217;agrair el suport de la Diputaci\u00f3 a les seues propostes en benefici de la zona.<\/p>\n","protected":false},"excerpt":{"rendered":"<div class=\"mh-excerpt\">La Diputaci\u00f3 de Val\u00e8ncia ha acollit hui la presentaci\u00f3 del Festival de Tardor, una mostra gastron\u00f2mica, tur\u00edstica i cultural que pret\u00e9n promoure el turisme i divulgar el sabor de la zonaEl certamen es desenvolupar\u00e0 en <a class=\"mh-excerpt-more\" href=\"https:\/\/tucomarca.whitekongsoftware.com\/ca\/la-mancomunitat-alto-turia-exhibira-la-millor-cuina-i-els-productes-de-la-zona-en-el-seu-primer-festival-turistic-i-gastronomic\/\" title=\"La Mancomunitat Alto Turia exhibir\u00e0 la millor cuina i els productes de la zona en el seu primer festival tur\u00edstic i gastron\u00f2mic\">[+] <\/a><\/div>\n","protected":false},"author":12,"featured_media":237819,"comment_status":"open","ping_status":"open","sticky":false,"template":"","format":"standard","meta":{"footnotes":""},"categories":[11042,11041,11039,11046,10898,10948,10894,11007,10896,11027,11028],"tags":[18667,11246,21260,11080],"class_list":["post-237820","post","type-post","status-publish","format-standard","has-post-thumbnail","category-aras-de-olmos-ca","category-benageber-ca","category-chelva-ca","category-los-serranos-ca","category-ventana-ca","category-infraestructuras-ca","category-la-comarca-ca","category-ocio-y-cultura-ca","category-seccion-ca","category-titaguas-ca","category-tuejar-ca","tag-alto-turia-ca","tag-diputacio-de-valencia-ca","tag-festival-de-otono-del-alto-turia-ca","tag-los-serranos-ca"],"_links":{"self":[{"href":"https:\/\/tucomarca.whitekongsoftware.com\/ca\/wp-json\/wp\/v2\/posts\/237820","targetHints":{"allow":["GET"]}}],"collection":[{"href":"https:\/\/tucomarca.whitekongsoftware.com\/ca\/wp-json\/wp\/v2\/posts"}],"about":[{"href":"https:\/\/tucomarca.whitekongsoftware.com\/ca\/wp-json\/wp\/v2\/types\/post"}],"author":[{"embeddable":true,"href":"https:\/\/tucomarca.whitekongsoftware.com\/ca\/wp-json\/wp\/v2\/users\/12"}],"replies":[{"embeddable":true,"href":"https:\/\/tucomarca.whitekongsoftware.com\/ca\/wp-json\/wp\/v2\/comments?post=237820"}],"version-history":[{"count":0,"href":"https:\/\/tucomarca.whitekongsoftware.com\/ca\/wp-json\/wp\/v2\/posts\/237820\/revisions"}],"wp:featuredmedia":[{"embeddable":true,"href":"https:\/\/tucomarca.whitekongsoftware.com\/ca\/wp-json\/wp\/v2\/media\/237819"}],"wp:attachment":[{"href":"https:\/\/tucomarca.whitekongsoftware.com\/ca\/wp-json\/wp\/v2\/media?parent=237820"}],"wp:term":[{"taxonomy":"category","embeddable":true,"href":"https:\/\/tucomarca.whitekongsoftware.com\/ca\/wp-json\/wp\/v2\/categories?post=237820"},{"taxonomy":"post_tag","embeddable":true,"href":"https:\/\/tucomarca.whitekongsoftware.com\/ca\/wp-json\/wp\/v2\/tags?post=237820"}],"curies":[{"name":"wp","href":"https:\/\/api.w.org\/{rel}","templated":true}]}}