{"id":237792,"date":"2024-09-25T08:30:00","date_gmt":"2024-09-25T06:30:00","guid":{"rendered":"https:\/\/www.tucomarca.com\/wordpress\/segunda\/?p=237792"},"modified":"2024-09-25T18:00:35","modified_gmt":"2024-09-25T16:00:35","slug":"la-diputacio-de-valencia-realitzara-tallers-culturals-per-a-persones-amb-alzheimer-en-museus-i-centres-de-dia","status":"publish","type":"post","link":"https:\/\/tucomarca.whitekongsoftware.com\/ca\/la-diputacio-de-valencia-realitzara-tallers-culturals-per-a-persones-amb-alzheimer-en-museus-i-centres-de-dia\/","title":{"rendered":"La Diputaci\u00f3 de Val\u00e8ncia realitzar\u00e0 tallers culturals per a persones amb Alzheimer en museus i centres de dia"},"content":{"rendered":"\n<h3 class=\"wp-block-heading\">El president, Vicent Momp\u00f3, ha participat en la firma del conveni entre FEVAFA, la Federaci\u00f3 de Fam\u00edlies de Malalts d&#8217;Alzheimer, i la Diputaci\u00f3, que desenvoluparan les \u00e0rees provincials de Benestar Social i Cultura.<\/h3>\n\n\n\n<h3 class=\"wp-block-heading\">La diputada de Benestar, Imma Gonz\u00e0lez, destaca els bons resultats de l&#8217;estimulaci\u00f3 emocional en les persones amb dem\u00e8ncies. El diputat de Cultura, Paco Teruel, aplaudix la recepta cultural com a recurs sanitari.<\/h3>\n\n\n\n<p class=\"wp-block-paragraph\">La Diputaci\u00f3 de Val\u00e8ncia ha firmat un conveni amb la Federaci\u00f3 de Fam\u00edlies de Malalts d&#8217;Alzheimer (FEVAFA) per a la realitzaci\u00f3 de tallers culturals que contribu\u00efsquen a millorar l&#8217;estat d&#8217;\u00e0nim i l&#8217;estimulaci\u00f3 de persones amb Alzheimer, dem\u00e8ncies vinculades a l&#8217;envelliment i altres malalties neurodegeneratives. \u201c\u00c9s una d&#8217;eixes col\u00b7laboracions que demostra la utilitat de la Diputaci\u00f3 per a la societat, impulsant iniciatives que tenen un impacte directe en els qui m\u00e9s el necessiten\u201d, assenyala el president, Vicent Momp\u00f3, que ha participat en l&#8217;acte.<\/p>\n\n\n\n<p class=\"wp-block-paragraph\">\u201cLa firma d&#8217;este conveni refor\u00e7a la nostra implicaci\u00f3 amb la millora de la qualitat de vida dels valencians\u201d, ha continuat el president, qui ha explicat que l&#8217;acord \u201c\u00e9s part d&#8217;una bona faena que realitzem perqu\u00e8 les nostres pol\u00edtiques socials i culturals estiguen coordinades, demostrant que esta instituci\u00f3 \u00e9s pr\u00f2xima, que escolta i respon a les necessitats de la gent amb projectes d&#8217;alt valor social que situen a les persones en el centre de la nostra acci\u00f3 p\u00fablica\u201d.<\/p>\n\n\n\n<p class=\"wp-block-paragraph\">Vicent Momp\u00f3 ha estat acompanyat per la diputada de Benestar Social, Imma Gonz\u00e0lez, el diputat de Cultura, Paco Teruel, el president de FEVAFA, Santiago Llopis, i altres responsables de la federaci\u00f3 com Yolanda Lid\u00f3n i Rosana Garrido. Imma Gonz\u00e0lez ha destacat la import\u00e0ncia de \u201csumar esfor\u00e7os i impulsar la col\u00b7laboraci\u00f3 entre institucions i entitats per a promoure el benestar dels malalts d&#8217;Alzheimer\u201d, al mateix temps que ha posat l&#8217;\u00e0rea que dirigix \u201cal servici de les associacions i entitats per a treballar de manera col\u00b7laborativa amb la finalitat d&#8217;enfortir projectes que afavorisquen el benestar com\u00fa\u201d. La iniciativa s&#8217;emmarca en les actuacions que l&#8217;\u00e0rea dirigida per Gonz\u00e0lez est\u00e0 realitzant per a millorar la salut i l&#8217;envelliment actiu.<\/p>\n\n\n\n<p class=\"wp-block-paragraph\">Per part seua, Paco Teruel ha posat en valor la coordinaci\u00f3 entre les \u00e0rees de Cultura i Benestar Social, a trav\u00e9s d&#8217;un projecte que ha convertit L\u2019ETNO, un dels museus de la Diputaci\u00f3, en \u201cun recurs perqu\u00e8 l&#8217;experi\u00e8ncia de tractar amb peces i objectes quotidians i senzills rememore hist\u00f2ries familiars o records d&#8217;infantesa a trav\u00e9s del vincle personal amb cada objecte\u201d.<\/p>\n\n\n\n<p class=\"wp-block-paragraph\"><strong>\u2018La caixa dels r\u00e8cords\u2019<\/strong><\/p>\n\n\n\n<p class=\"wp-block-paragraph\">\u2018La caixa dels r\u00e8cords. Mem\u00f2ries d\u2019una vida\u2019 \u00e9s un projecte creat per Rita Redondo, experta en ter\u00e0pia de l&#8217;envelliment, i el museu de la Diputaci\u00f3. La idea est\u00e0 basada en la ter\u00e0pia grupal de reminisc\u00e8ncia, una t\u00e8cnica d&#8217;estimulaci\u00f3 emocional, i acosta L\u2019ETNO a persones amb Alzheimer i trets de dem\u00e8ncia mitjan\u00e7ant sessions grupals. Les sessions es poden desenvolupar en les instal\u00b7lacions dels museus etnol\u00f2gics dels pobles que integren l\u2019Etnoxarxa o en centres de dia i espais d&#8217;associacions i entitats dedicades al tractament d&#8217;estes malalties, evitant grans trasllats.<\/p>\n\n\n\n<p class=\"wp-block-paragraph\">Una cassola d&#8217;arr\u00f2s al forn, un pitxer, una botija, una tetera o un antic molinet de caf\u00e9\u2026 Estos i altres objectes evoquen records personals i experi\u00e8ncies viscudes, revivint-les per a provocar emocions entre els participants dels tallers culturals. El programa est\u00e0 dirigit a millorar la qualitat de vida, l&#8217;autonomia i la independ\u00e8ncia d&#8217;estes persones, tenint en compte els aspectes f\u00edsics, psicol\u00f2gics i socials.<\/p>\n\n\n\n<p class=\"wp-block-paragraph\">FEVAFA \u00e9s una entitat sense \u00e0nim de lucre que integra a 40 associacions, la finalitat principal de les quals \u00e9s millorar la qualitat de vida de les persones que patixen la malaltia d&#8217;Alzheimer i altres dem\u00e8ncies, aix\u00ed com facilitar les coses als seus familiars i cuidadors. El conveni amb la Diputaci\u00f3 contempla la realitzaci\u00f3 de dos tallers per a cada associaci\u00f3 o centre, aix\u00ed com el monitoratge dels resultats, \u201cvalorant aspectes com les variacions en l&#8217;estat d&#8217;\u00e0nim, la conducta, l&#8217;a\u00efllament o l&#8217;estimulaci\u00f3 de la capacitat cognitiva\u201d, detalla la diputada de Benestar Social.<\/p>\n\n\n\n<p class=\"wp-block-paragraph\">Quant a L\u2019ETNO, que ve desenvolupant el taller de \u2018La caixa del r\u00e8cords\u2019 des de 2019, l&#8217;objectiu \u00e9s \u201caprofundir en la idea que els museus poden ampliar la seua labor i utilitat social, una tend\u00e8ncia que es repetix ja en molts pa\u00efsos\u201d, segons apunta el director, Joan Segu\u00ed. \u201cEls museus poden jugar un gran paper en millora psicol\u00f2gica, emocional i cognitiva de la poblaci\u00f3 general\u201d, afig el director de L\u2019ETNO.<\/p>\n\n\n\n<p class=\"wp-block-paragraph\">La ter\u00e0pia de reminisc\u00e8ncia prop\u00edcia l&#8217;evocaci\u00f3 d&#8217;experi\u00e8ncies personals del passat per a reviure el record i les emocions que l&#8217;acompanyen. Per al desenvolupament de l&#8217;activitat s\u00f3n particularment interessants els objectes relacionats amb la vida quotidiana d&#8217;estes persones. Per aix\u00f2, \u2018La caixa dels r\u00e8cords\u2019 fa \u00fas de les col\u00b7leccions i recursos materials etnol\u00f2gics de L\u2019ETNO per a fer emergir records d&#8217;experi\u00e8ncies i emocions positives i generar benestar en les persones majors.<\/p>\n","protected":false},"excerpt":{"rendered":"<div class=\"mh-excerpt\">El president, Vicent Momp\u00f3, ha participat en la firma del conveni entre FEVAFA, la Federaci\u00f3 de Fam\u00edlies de Malalts d&#8217;Alzheimer, i la Diputaci\u00f3, que desenvoluparan les \u00e0rees provincials de Benestar Social i Cultura. La diputada <a class=\"mh-excerpt-more\" href=\"https:\/\/tucomarca.whitekongsoftware.com\/ca\/la-diputacio-de-valencia-realitzara-tallers-culturals-per-a-persones-amb-alzheimer-en-museus-i-centres-de-dia\/\" title=\"La Diputaci\u00f3 de Val\u00e8ncia realitzar\u00e0 tallers culturals per a persones amb Alzheimer en museus i centres de dia\">[+] <\/a><\/div>\n","protected":false},"author":12,"featured_media":237791,"comment_status":"open","ping_status":"open","sticky":false,"template":"","format":"standard","meta":{"footnotes":""},"categories":[11010,10898,10948,10894,10904,11007,10947,10896],"tags":[21255,11246,21256],"class_list":["post-237792","post","type-post","status-publish","format-standard","has-post-thumbnail","category-canal-salud","category-ventana-ca","category-infraestructuras-ca","category-la-comarca-ca","category-sin-categorizar-ca","category-ocio-y-cultura-ca","category-politica","category-seccion-ca","tag-alzheimer-ca","tag-diputacio-de-valencia-ca","tag-fevafa-ca"],"_links":{"self":[{"href":"https:\/\/tucomarca.whitekongsoftware.com\/ca\/wp-json\/wp\/v2\/posts\/237792","targetHints":{"allow":["GET"]}}],"collection":[{"href":"https:\/\/tucomarca.whitekongsoftware.com\/ca\/wp-json\/wp\/v2\/posts"}],"about":[{"href":"https:\/\/tucomarca.whitekongsoftware.com\/ca\/wp-json\/wp\/v2\/types\/post"}],"author":[{"embeddable":true,"href":"https:\/\/tucomarca.whitekongsoftware.com\/ca\/wp-json\/wp\/v2\/users\/12"}],"replies":[{"embeddable":true,"href":"https:\/\/tucomarca.whitekongsoftware.com\/ca\/wp-json\/wp\/v2\/comments?post=237792"}],"version-history":[{"count":0,"href":"https:\/\/tucomarca.whitekongsoftware.com\/ca\/wp-json\/wp\/v2\/posts\/237792\/revisions"}],"wp:featuredmedia":[{"embeddable":true,"href":"https:\/\/tucomarca.whitekongsoftware.com\/ca\/wp-json\/wp\/v2\/media\/237791"}],"wp:attachment":[{"href":"https:\/\/tucomarca.whitekongsoftware.com\/ca\/wp-json\/wp\/v2\/media?parent=237792"}],"wp:term":[{"taxonomy":"category","embeddable":true,"href":"https:\/\/tucomarca.whitekongsoftware.com\/ca\/wp-json\/wp\/v2\/categories?post=237792"},{"taxonomy":"post_tag","embeddable":true,"href":"https:\/\/tucomarca.whitekongsoftware.com\/ca\/wp-json\/wp\/v2\/tags?post=237792"}],"curies":[{"name":"wp","href":"https:\/\/api.w.org\/{rel}","templated":true}]}}