{"id":237718,"date":"2024-09-24T09:15:00","date_gmt":"2024-09-24T07:15:00","guid":{"rendered":"https:\/\/www.tucomarca.com\/wordpress\/segunda\/?p=237718"},"modified":"2024-09-24T09:16:44","modified_gmt":"2024-09-24T07:16:44","slug":"la-guardia-civil-realitza-en-laquarterament-daras-de-los-olmos-obres-rehabilitacio-eficient-en-el-marc-del-pla-de-recuperacio-transformacio-i-resiliencia-prtr","status":"publish","type":"post","link":"https:\/\/tucomarca.whitekongsoftware.com\/ca\/la-guardia-civil-realitza-en-laquarterament-daras-de-los-olmos-obres-rehabilitacio-eficient-en-el-marc-del-pla-de-recuperacio-transformacio-i-resiliencia-prtr\/","title":{"rendered":"La Gu\u00e0rdia Civil realitza en l&#8217;aquarterament d&#8217;Aras de los Olmos obres rehabilitaci\u00f3 eficient en el marc del Pla de Recuperaci\u00f3, Transformaci\u00f3 i Resili\u00e8ncia (PRTR)"},"content":{"rendered":"\n<h3 class=\"wp-block-heading\">Les actuacions s&#8217;emmarquen en el component 11, \u201cPla de Modernitzaci\u00f3 de l&#8217;Administraci\u00f3 General de l&#8217;Estat\u201d.<\/h3>\n\n\n\n<h3 class=\"wp-block-heading\">Es rehabilitaran uns 430 metres quadrats de superf\u00edcie amb una inversi\u00f3 de 586.980,18 \u20ac.<\/h3>\n\n\n\n<p class=\"wp-block-paragraph\">La Gu\u00e0rdia Civil ha va iniciar el mes de juny passat en l&#8217;aquarterament d&#8217;Aras de los Olmos (Val\u00e8ncia) obres rehabilitaci\u00f3 eficient en el marc del Pla de Recuperaci\u00f3, Transformaci\u00f3 i Resili\u00e8ncia (PRTR).\u00a0<\/p>\n\n\n\n<p class=\"wp-block-paragraph\">Les obres, que busquen el tractament d&#8217;humitats en els pavellons de la planta baixa de l&#8217;immoble. consisteixen en:<\/p>\n\n\n\n<ul class=\"wp-block-list\">\n<li>Substituci\u00f3 de totes les finestres de l&#8217;aquarterament (pavellons i depend\u00e8ncies) i de les reixes on n&#8217;hi haguera instal\u00b7lades.<\/li>\n<\/ul>\n\n\n\n<ul class=\"wp-block-list\">\n<li>Col\u00b7locaci\u00f3 de vorera perimetral en la planta de l&#8217;aquarterament com mesurada antifiltraci\u00f3 d&#8217;humitats.<\/li>\n<\/ul>\n\n\n\n<ul class=\"wp-block-list\">\n<li>Substituci\u00f3 de canalons i baixants de la teulada.<\/li>\n<\/ul>\n\n\n\n<ul class=\"wp-block-list\">\n<li>Tractament antihumitat en tota la fa\u00e7ana exterior de l&#8217;aquarterament i pintura.<\/li>\n<\/ul>\n\n\n\n<ul class=\"wp-block-list\">\n<li>Eliminaci\u00f3 de les jardineres del pati interior parisques evitar filtraci\u00f3 d&#8217;humitat.<\/li>\n<\/ul>\n\n\n\n<p class=\"wp-block-paragraph\">La Direcci\u00f3 General de la Gu\u00e0rdia Civil, a trav\u00e9s del Ministeri de l&#8217;Interior, \u00e9s benefici\u00e0ria dels fons europeus Next Generation a trav\u00e9s del Mecanisme Europeu de Recuperaci\u00f3 i Resili\u00e8ncia (MRR).<\/p>\n\n\n\n<p class=\"wp-block-paragraph\">El programa Next Generation EU, instrument d&#8217;est\u00edmul econ\u00f2mic en resposta a la crisi causada pel coronavirus, va ser aprovat pel Consell Europeu el 21 de juny de 2020. El Parlament Europeu i el Consell van aconseguir un acord sobre el paquet que inclou els fons de Next Generation EU i el Marc Financer Pluriennal 2021-2027 el 10 de novembre de 2020.<\/p>\n\n\n\n<p class=\"wp-block-paragraph\">En el marc de la iniciativa Next Generation EU va ser creat el Mecanisme Europeu de Recuperaci\u00f3 i Resili\u00e8ncia (MRR), a trav\u00e9s del Reglament (UE) 2021\/241 del Parlament Europeu i del Consell, de 12 de febrer de 2021, instrument que fa costat als Estats membres de la Uni\u00f3 a trav\u00e9s de transfer\u00e8ncies directes i pr\u00e9stecs per a incrementar les inversions p\u00fabliques i escometre reformes i inversions que contribu\u00efsquen a la recuperaci\u00f3 de l&#8217;economia i l&#8217;ocupaci\u00f3, de manera que s&#8217;orienten a abordar els principals reptes econ\u00f2mics i socials ocasionats per la pand\u00e8mia COVID-19.<\/p>\n\n\n\n<p class=\"wp-block-paragraph\">En compliment d&#8217;aquest Reglament, el Govern d&#8217;Espanya va elaborar el Pla de Recuperaci\u00f3, Transformaci\u00f3 i Resili\u00e8ncia (PRTR), adoptat per Acord del Consell de Ministres en la seua reuni\u00f3 de data 27 d&#8217;abril de 2021.&nbsp;<\/p>\n\n\n\n<p class=\"wp-block-paragraph\">El 16 de desembre de 2021 es va signar l&#8217;Acord interdepartamental entre la Secretaria d&#8217;Estat d&#8217;Energia i la Sotssecretaria de l&#8217;Interior, per a l&#8217;execuci\u00f3 del Pla de Transici\u00f3 Energ\u00e8tica en l&#8217;Administraci\u00f3 General de l&#8217;Estat, en el marc del Pla de Recuperaci\u00f3, Transformaci\u00f3 i Resili\u00e8ncia, l&#8217;objecte de la qual \u00e9s determinar les condicions de col\u00b7laboraci\u00f3 entre la Secretaria d&#8217;Estat d&#8217;Energia i el Ministeri de l&#8217;Interior, per al desenvolupament de les actuacions integrades en el Pla de transici\u00f3 energ\u00e8tica en la AGE, dins del marc de la pol\u00edtica palanca quarta, \u201cUna Administraci\u00f3 per al segle XXI\u201d del PRTR i integrat en el component 11, \u201cPla de Modernitzaci\u00f3 de l&#8217;Administraci\u00f3 General de l&#8217;Estat\u201d i la posterior justificaci\u00f3 de la consecuci\u00f3 dels objectius fixats i l&#8217;\u00fas donat als fons.<\/p>\n\n\n\n<p class=\"wp-block-paragraph\">En aquest acord i en Addendes posteriors, el Ministeri de l&#8217;Interior assumeix el compliment dels objectius energ\u00e8tics adquirits, tractant-se de \u201csuperf\u00edcie d&#8217;edificis (m\u00b2) renovats energ\u00e8ticament que aconseguisca almenys 1 salt de lletra en certificaci\u00f3 energ\u00e8tica i un estalvi m\u00ednim del 30 d&#8217;energia prim\u00e0ria en sistemes afectats\u201d, adjudicant-se a la Gu\u00e0rdia Civil per al seu compliment un total de 99 actuacions en aquarteraments del Cos, amb 214.000 m\u00b2 aproximadament de superf\u00edcie a renovar i un pressupost de 132.024.821,84 \u20ac, portades , d&#8217;una banda, mitjan\u00e7ant enc\u00e0rrec a mitjans propis a la Societat Mercantil Estatal de Gesti\u00f3 Immobili\u00e0ria del Patrimoni S.A. (SEGIPSA), amb 74 aquarteraments, i per una altra, per la Societat d&#8217;Infraestructures i Equipaments Penitenciaris i de la Seguretat de l&#8217;Estat (SIEPSE), amb 25 aquarteraments.<\/p>\n","protected":false},"excerpt":{"rendered":"<div class=\"mh-excerpt\">Les actuacions s&#8217;emmarquen en el component 11, \u201cPla de Modernitzaci\u00f3 de l&#8217;Administraci\u00f3 General de l&#8217;Estat\u201d. Es rehabilitaran uns 430 metres quadrats de superf\u00edcie amb una inversi\u00f3 de 586.980,18 \u20ac. La Gu\u00e0rdia Civil ha va iniciar <a class=\"mh-excerpt-more\" href=\"https:\/\/tucomarca.whitekongsoftware.com\/ca\/la-guardia-civil-realitza-en-laquarterament-daras-de-los-olmos-obres-rehabilitacio-eficient-en-el-marc-del-pla-de-recuperacio-transformacio-i-resiliencia-prtr\/\" title=\"La Gu\u00e0rdia Civil realitza en l&#8217;aquarterament d&#8217;Aras de los Olmos obres rehabilitaci\u00f3 eficient en el marc del Pla de Recuperaci\u00f3, Transformaci\u00f3 i Resili\u00e8ncia (PRTR)\">[+] <\/a><\/div>\n","protected":false},"author":1,"featured_media":224018,"comment_status":"open","ping_status":"open","sticky":false,"template":"","format":"standard","meta":{"footnotes":""},"categories":[11042,11046,10898,10948,10894,10904,10947,10896],"tags":[14714,11201,11118,11928,11080],"class_list":["post-237718","post","type-post","status-publish","format-standard","has-post-thumbnail","category-aras-de-olmos-ca","category-los-serranos-ca","category-ventana-ca","category-infraestructuras-ca","category-la-comarca-ca","category-sin-categorizar-ca","category-politica","category-seccion-ca","tag-aras-de-los-olmos-ca","tag-aras-de-olmos-ca","tag-guardia-civil-ca","tag-la-serrania-ca","tag-los-serranos-ca"],"_links":{"self":[{"href":"https:\/\/tucomarca.whitekongsoftware.com\/ca\/wp-json\/wp\/v2\/posts\/237718","targetHints":{"allow":["GET"]}}],"collection":[{"href":"https:\/\/tucomarca.whitekongsoftware.com\/ca\/wp-json\/wp\/v2\/posts"}],"about":[{"href":"https:\/\/tucomarca.whitekongsoftware.com\/ca\/wp-json\/wp\/v2\/types\/post"}],"author":[{"embeddable":true,"href":"https:\/\/tucomarca.whitekongsoftware.com\/ca\/wp-json\/wp\/v2\/users\/1"}],"replies":[{"embeddable":true,"href":"https:\/\/tucomarca.whitekongsoftware.com\/ca\/wp-json\/wp\/v2\/comments?post=237718"}],"version-history":[{"count":0,"href":"https:\/\/tucomarca.whitekongsoftware.com\/ca\/wp-json\/wp\/v2\/posts\/237718\/revisions"}],"wp:featuredmedia":[{"embeddable":true,"href":"https:\/\/tucomarca.whitekongsoftware.com\/ca\/wp-json\/wp\/v2\/media\/224018"}],"wp:attachment":[{"href":"https:\/\/tucomarca.whitekongsoftware.com\/ca\/wp-json\/wp\/v2\/media?parent=237718"}],"wp:term":[{"taxonomy":"category","embeddable":true,"href":"https:\/\/tucomarca.whitekongsoftware.com\/ca\/wp-json\/wp\/v2\/categories?post=237718"},{"taxonomy":"post_tag","embeddable":true,"href":"https:\/\/tucomarca.whitekongsoftware.com\/ca\/wp-json\/wp\/v2\/tags?post=237718"}],"curies":[{"name":"wp","href":"https:\/\/api.w.org\/{rel}","templated":true}]}}