{"id":237709,"date":"2024-09-23T13:30:00","date_gmt":"2024-09-23T11:30:00","guid":{"rendered":"https:\/\/www.tucomarca.com\/wordpress\/segunda\/?p=237709"},"modified":"2024-09-23T18:37:14","modified_gmt":"2024-09-23T16:37:14","slug":"xest-acull-la-xiii-trobada-estatal-de-monedes-socials","status":"publish","type":"post","link":"https:\/\/tucomarca.whitekongsoftware.com\/ca\/xest-acull-la-xiii-trobada-estatal-de-monedes-socials\/","title":{"rendered":"Xest acull la XIII Trobada estatal de monedes socials"},"content":{"rendered":"\n<p class=\"wp-block-paragraph\">El passat cap de setmana Xest va acollir la XIII Trobada estatal de monedes socials, complement\u00e0ries i lliures, organitzat des de la Xarxa de Xarxes d\u2019Intercanvi Valencianes, juntament amb les regidories de Cultura i Medi Ambient de l&#8217;Ajuntament de Xest.<\/p>\n\n\n\n<p class=\"wp-block-paragraph\">El programa de la trobada va comptar amb nombroses activitats gratu\u00eftes i obertes al p\u00fablic, com a debats, assemblees, confer\u00e8ncies i tallers pr\u00e0ctics, aix\u00ed com amb un mercat ambulant d&#8217;intercanvi i activitats grupals a l&#8217;aire lliure. La inauguraci\u00f3 de l&#8217;esdeveniment va tindre lloc el dissabte, 21 de setembre, en el Centre de Formaci\u00f3 de Persones Adultes, en un acte en el qual les persones organitzadores van presentar els objectius de la trobada i van agrair la col\u00b7laboraci\u00f3 i la participaci\u00f3 del p\u00fablic assistent.<\/p>\n\n\n\n<p class=\"wp-block-paragraph\">La coordinadora de l&#8217;esdeveniment a Xest i membre de la EcoRed La Foia, Nicol Navas, va ser l&#8217;encarregada d&#8217;obrir l&#8217;acte, posant en valor el treball realitzat per a organitzar la trobada. \u201cEstic molt orgullosa que h\u00e0gem sigut capaces d&#8217;unir-nos m\u00e9s i que aix\u00f2 continue avan\u00e7ant. La filosofia per a la posada en marxa d&#8217;aquesta trobada ha sigut no utilitzar els euros en els mercats, ja que mai els utilitzem. Ens trobem amb la dificultat de treballar amb les diferents plataformes que s&#8217;utilitzen en les xarxes de moneda social de tota Espanya, i per aix\u00f2, a l&#8217;equip inform\u00e0tic se li va oc\u00f3rrer la idea de crear un bitllet perqu\u00e8 tothom poguera treballar amb ell en aquesta trobada, al qual vam posar el nom de chest\u00edn; tamb\u00e9 es va fer un logo per a eixe bitllet, a trav\u00e9s d&#8217;un concurs\u201d, explicava Navas.<\/p>\n\n\n\n<figure class=\"wp-block-gallery has-nested-images columns-default is-cropped wp-block-gallery-1 is-layout-flex wp-block-gallery-is-layout-flex\">\n<figure class=\"wp-block-image size-large\"><img loading=\"lazy\" decoding=\"async\" width=\"886\" height=\"591\" data-id=\"237693\" src=\"https:\/\/www.tucomarca.com\/wordpress\/segunda\/wp-content\/uploads\/2024\/09\/ChesteMonedaSocial_1.jpg\" alt=\"\" class=\"wp-image-237693\" srcset=\"https:\/\/tucomarca.whitekongsoftware.com\/wp-content\/uploads\/2024\/09\/ChesteMonedaSocial_1.jpg 886w, https:\/\/tucomarca.whitekongsoftware.com\/wp-content\/uploads\/2024\/09\/ChesteMonedaSocial_1-300x200.jpg 300w, https:\/\/tucomarca.whitekongsoftware.com\/wp-content\/uploads\/2024\/09\/ChesteMonedaSocial_1-768x512.jpg 768w\" sizes=\"auto, (max-width: 886px) 100vw, 886px\" \/><\/figure>\n\n\n\n<figure class=\"wp-block-image size-large\"><img loading=\"lazy\" decoding=\"async\" width=\"886\" height=\"590\" data-id=\"237705\" src=\"https:\/\/www.tucomarca.com\/wordpress\/segunda\/wp-content\/uploads\/2024\/09\/ChesteMonedaSocial_6.jpg\" alt=\"\" class=\"wp-image-237705\" srcset=\"https:\/\/tucomarca.whitekongsoftware.com\/wp-content\/uploads\/2024\/09\/ChesteMonedaSocial_6.jpg 886w, https:\/\/tucomarca.whitekongsoftware.com\/wp-content\/uploads\/2024\/09\/ChesteMonedaSocial_6-300x200.jpg 300w, https:\/\/tucomarca.whitekongsoftware.com\/wp-content\/uploads\/2024\/09\/ChesteMonedaSocial_6-768x511.jpg 768w\" sizes=\"auto, (max-width: 886px) 100vw, 886px\" \/><\/figure>\n<\/figure>\n\n\n\n<p class=\"wp-block-paragraph\">Per part seua, la regidora de Cultura, M\u00aa \u00c1ngeles Llorente, va posar l&#8217;accent en la transcend\u00e8ncia social de la iniciativa. \u201cVull felicitar a totes les persones ac\u00ed presents per haver pres la decisi\u00f3 de dedicar aquest cap de setmana a debatre teories i pr\u00e0ctiques que ens permeten millorar la vida; intervindre en l&#8217;economia amb criteris d&#8217;ecologia, proximitat i just\u00edcia social \u00e9s un repte que feu realitat dia a dia, amb el seu altruisme i vitalitat, estant en cont\u00ednua formaci\u00f3. Sou agents de transformaci\u00f3, baules d&#8217;una cadena cap a altres maneres de construir societats m\u00e9s respectuoses amb la vida; \u00e9s una satisfacci\u00f3 per a mi veure reunides a m\u00e9s de cent persones compartint aquesta manera de veure el m\u00f3n, persones que es resisteixen a acceptar la injust\u00edcia, el saqueig dels recursos naturals, el consumisme salvatge i l&#8217;oci programat\u201d, manifestava la regidora.<\/p>\n\n\n\n<p class=\"wp-block-paragraph\">Finalment, els encarregats de la comunicaci\u00f3 i dinamitzaci\u00f3 de l&#8217;esdeveniment van destacar la import\u00e0ncia d&#8217;aquesta mena de trobades col\u00b7lectives per a aprendre i experimentar en l&#8217;\u00e0mbit de les monedes alternatives.<\/p>\n\n\n\n<p class=\"wp-block-paragraph\"><strong>Presentaci\u00f3 de monedes<\/strong><\/p>\n\n\n\n<figure class=\"wp-block-image size-full\"><img loading=\"lazy\" decoding=\"async\" width=\"886\" height=\"591\" src=\"http:\/\/www.tucomarca.com\/wordpress\/segunda\/wp-content\/uploads\/2024\/09\/ChesteMonedaSocial_4.jpg\" alt=\"\" class=\"wp-image-237691\" srcset=\"https:\/\/tucomarca.whitekongsoftware.com\/wp-content\/uploads\/2024\/09\/ChesteMonedaSocial_4.jpg 886w, https:\/\/tucomarca.whitekongsoftware.com\/wp-content\/uploads\/2024\/09\/ChesteMonedaSocial_4-300x200.jpg 300w, https:\/\/tucomarca.whitekongsoftware.com\/wp-content\/uploads\/2024\/09\/ChesteMonedaSocial_4-768x512.jpg 768w\" sizes=\"auto, (max-width: 886px) 100vw, 886px\" \/><\/figure>\n\n\n\n<p class=\"wp-block-paragraph\">Despr\u00e9s dels discursos de benvinguda, es va fer una din\u00e0mica entre les persones assistents, amb l&#8217;objectiu d&#8217;entrar en contacte, i es va procedir a la ronda de presentaci\u00f3 de monedes socials procedents de diferents punts de la Comunitat Valenciana, de M\u00farcia, Barcelona, Lle\u00f3 o Sant Sebasti\u00e0, entre altres. Tamb\u00e9 es van explicar els projectes m\u00e9s nous basats en l&#8217;intercanvi o barata.<\/p>\n\n\n\n<p class=\"wp-block-paragraph\"><strong>Mercat ambulant d&#8217;intercanvi<\/strong><\/p>\n\n\n\n<figure class=\"wp-block-gallery has-nested-images columns-default is-cropped wp-block-gallery-2 is-layout-flex wp-block-gallery-is-layout-flex\">\n<figure class=\"wp-block-image size-full\"><img loading=\"lazy\" decoding=\"async\" width=\"886\" height=\"591\" data-id=\"237699\" src=\"https:\/\/www.tucomarca.com\/wordpress\/segunda\/wp-content\/uploads\/2024\/09\/ChesteMonedaSocial_3.jpg\" alt=\"\" class=\"wp-image-237699\" srcset=\"https:\/\/tucomarca.whitekongsoftware.com\/wp-content\/uploads\/2024\/09\/ChesteMonedaSocial_3.jpg 886w, https:\/\/tucomarca.whitekongsoftware.com\/wp-content\/uploads\/2024\/09\/ChesteMonedaSocial_3-300x200.jpg 300w, https:\/\/tucomarca.whitekongsoftware.com\/wp-content\/uploads\/2024\/09\/ChesteMonedaSocial_3-768x512.jpg 768w\" sizes=\"auto, (max-width: 886px) 100vw, 886px\" \/><\/figure>\n\n\n\n<figure class=\"wp-block-image size-full\"><img loading=\"lazy\" decoding=\"async\" width=\"886\" height=\"591\" data-id=\"237697\" src=\"https:\/\/www.tucomarca.com\/wordpress\/segunda\/wp-content\/uploads\/2024\/09\/ChesteMonedaSocial_5.jpg\" alt=\"\" class=\"wp-image-237697\" srcset=\"https:\/\/tucomarca.whitekongsoftware.com\/wp-content\/uploads\/2024\/09\/ChesteMonedaSocial_5.jpg 886w, https:\/\/tucomarca.whitekongsoftware.com\/wp-content\/uploads\/2024\/09\/ChesteMonedaSocial_5-300x200.jpg 300w, https:\/\/tucomarca.whitekongsoftware.com\/wp-content\/uploads\/2024\/09\/ChesteMonedaSocial_5-768x512.jpg 768w\" sizes=\"auto, (max-width: 886px) 100vw, 886px\" \/><\/figure>\n<\/figure>\n\n\n\n<p class=\"wp-block-paragraph\">El diumenge al mat\u00ed, el parc de La Lomiquia va ser l&#8217;escenari d&#8217;un mercat d&#8217;intercanvi de productes diversos, des d&#8217;hortalisses a productes artesans, en els quals nom\u00e9s es va utilitzar moneda social. Paral\u00b7lelament, es van dur a terme activitats com biodanza, ecocan\u00e7ons, un taller de forn solar o un recorregut per les plantes silvestres del parc.<\/p>\n\n\n\n<p class=\"wp-block-paragraph\">\u201cLa trobada ha comptat amb molta gent, ha atret a moltes persones de diferents parts d&#8217;Espanya, hi ha hagut moltes activitats de conscienciaci\u00f3 ambiental i han estat molt presents els productes de proximitat i ecol\u00f2gics\u201d, ha apuntat el regidor de Medi Ambient, David Pujals. \u201cEsperem que es puguen repetir m\u00e9s esdeveniments com aquest a Xest, en els quals s&#8217;intenta fomentar la gesti\u00f3 pr\u00f2pia de la ciutadania a trav\u00e9s de l&#8217;intercanvi\u201d.<\/p>\n","protected":false},"excerpt":{"rendered":"<div class=\"mh-excerpt\">El passat cap de setmana Xest va acollir la XIII Trobada estatal de monedes socials, complement\u00e0ries i lliures, organitzat des de la Xarxa de Xarxes d\u2019Intercanvi Valencianes, juntament amb les regidories de Cultura i Medi <a class=\"mh-excerpt-more\" href=\"https:\/\/tucomarca.whitekongsoftware.com\/ca\/xest-acull-la-xiii-trobada-estatal-de-monedes-socials\/\" title=\"Xest acull la XIII Trobada estatal de monedes socials\">[+] <\/a><\/div>\n","protected":false},"author":12,"featured_media":237696,"comment_status":"open","ping_status":"open","sticky":false,"template":"","format":"gallery","meta":{"footnotes":""},"categories":[10894,10912,11007,10896,10974],"tags":[11071,10914,21246],"class_list":["post-237709","post","type-post","status-publish","format-gallery","has-post-thumbnail","category-la-comarca-ca","category-la-hoya-ca","category-ocio-y-cultura-ca","category-seccion-ca","category-cheste-ca","tag-cheste","tag-la-hoya-de-bunol-chiva-ca","tag-xiii-encuentro-estatal-de-monedas-sociales-ca","post_format-post-format-gallery"],"_links":{"self":[{"href":"https:\/\/tucomarca.whitekongsoftware.com\/ca\/wp-json\/wp\/v2\/posts\/237709","targetHints":{"allow":["GET"]}}],"collection":[{"href":"https:\/\/tucomarca.whitekongsoftware.com\/ca\/wp-json\/wp\/v2\/posts"}],"about":[{"href":"https:\/\/tucomarca.whitekongsoftware.com\/ca\/wp-json\/wp\/v2\/types\/post"}],"author":[{"embeddable":true,"href":"https:\/\/tucomarca.whitekongsoftware.com\/ca\/wp-json\/wp\/v2\/users\/12"}],"replies":[{"embeddable":true,"href":"https:\/\/tucomarca.whitekongsoftware.com\/ca\/wp-json\/wp\/v2\/comments?post=237709"}],"version-history":[{"count":0,"href":"https:\/\/tucomarca.whitekongsoftware.com\/ca\/wp-json\/wp\/v2\/posts\/237709\/revisions"}],"wp:featuredmedia":[{"embeddable":true,"href":"https:\/\/tucomarca.whitekongsoftware.com\/ca\/wp-json\/wp\/v2\/media\/237696"}],"wp:attachment":[{"href":"https:\/\/tucomarca.whitekongsoftware.com\/ca\/wp-json\/wp\/v2\/media?parent=237709"}],"wp:term":[{"taxonomy":"category","embeddable":true,"href":"https:\/\/tucomarca.whitekongsoftware.com\/ca\/wp-json\/wp\/v2\/categories?post=237709"},{"taxonomy":"post_tag","embeddable":true,"href":"https:\/\/tucomarca.whitekongsoftware.com\/ca\/wp-json\/wp\/v2\/tags?post=237709"}],"curies":[{"name":"wp","href":"https:\/\/api.w.org\/{rel}","templated":true}]}}