{"id":237702,"date":"2024-09-23T12:00:00","date_gmt":"2024-09-23T10:00:00","guid":{"rendered":"https:\/\/www.tucomarca.com\/wordpress\/segunda\/?p=237702"},"modified":"2024-09-23T18:34:10","modified_gmt":"2024-09-23T16:34:10","slug":"la-diputacio-de-valencia-celebra-el-dia-mundial-del-turisme-2024-amb-activitats-en-diversos-municipis","status":"publish","type":"post","link":"https:\/\/tucomarca.whitekongsoftware.com\/ca\/la-diputacio-de-valencia-celebra-el-dia-mundial-del-turisme-2024-amb-activitats-en-diversos-municipis\/","title":{"rendered":"La Diputaci\u00f3 de Val\u00e8ncia celebra el Dia Mundial del Turisme 2024 amb activitats en diversos municipis"},"content":{"rendered":"\n<h3 class=\"wp-block-heading\"><strong><strong>Durant tota la setmana, ajuntaments i mancomunitats promouen nombroses activitats tur\u00edstiques per a tots els p\u00fablics<\/strong><\/strong>.<\/h3>\n\n\n\n<h3 class=\"wp-block-heading\"><strong><strong>El Dia Mundial del Turisme es commemora cada 27 de setembre i enguany se celebra baix el lema \u2018Turisme i Pau\u2019<\/strong><\/strong>.<\/h3>\n\n\n\n<p class=\"wp-block-paragraph\">La prov\u00edncia de Val\u00e8ncia acollir\u00e0 durant tota esta setmana m\u00e9s de 60 propostes tur\u00edstiques distintes, dirigides a tots els p\u00fablics, amb motiu de la celebraci\u00f3 del Dia Mundial de Turisme 2024 promogut per l&#8217;Organitzaci\u00f3 Mundial del Turisme (OMT), que es commemora cada 27 de setembre i enguany es desenvolupa baix el lema \u2018Turisme i Pau\u2019.<\/p>\n\n\n\n<p class=\"wp-block-paragraph\">El diputat de Turisme de la Diputaci\u00f3, Pedro Cuesta, ha felicitat a tots els professionals del sector per la seua labor di\u00e0ria en benefici del turisme, a m\u00e9s de destacar i agrair \u201cla implicaci\u00f3 d&#8217;ajuntaments, empreses i tots els agents dedicats a l&#8217;activitat tur\u00edstica a la prov\u00edncia que han participat en l&#8217;organitzaci\u00f3 d&#8217;estes accions\u201d. Tamb\u00e9 ha volgut fer part\u00edcip a la poblaci\u00f3 valenciana \u201cdel molt que oferix la nostra prov\u00edncia\u201d i ha animat a residents i visitants a participar en les activitats programades.<\/p>\n\n\n\n<p class=\"wp-block-paragraph\">Un total de 25 municipis i 3 mancomunitats han planificat nombroses experi\u00e8ncies tur\u00edstiques que els interessats poden consultar en el cat\u00e0leg que les arreplega en la web de Turisme de la Diputaci\u00f3 de Val\u00e8ncia, a trav\u00e9s de l&#8217;enlla\u00e7 <a href=\"https:\/\/turisme.dival.es\/wpcontent\/uploads\/2024\/09\/dmt24vtcat2.pdf\">https:\/\/turisme.dival.es\/wpcontent\/uploads\/2024\/09\/dmt24vtcat2.pdf<\/a>. En ell s&#8217;oferix informaci\u00f3 detallada de cadascuna de les propostes, aix\u00ed com tel\u00e8fons de contacte per a concertar-les i\/o reservar-les, per a tots aquells que vulguen con\u00e9ixer un poc m\u00e9s la prov\u00edncia amb motiu del Dia Mundial del Turisme.<\/p>\n\n\n\n<p class=\"wp-block-paragraph\">Els ajuntaments d&#8217;Ademuz, Albaida, Alboraia, Alzira, Ayora, B\u00e9tera, Bu\u00f1ol, Castielfabib, Cullera, El Puig de Santa Mar\u00eda, G\u00e1tova, Manises, Meliana, Moixent, Oliva, Ontinyent, Riba-roja de T\u00faria, Sagunt, Serra, Silla, Sueca, Torrebaja, Vallanca, Y\u00e1tova i X\u00e0tiva, aix\u00ed com les mancomunitats de la Costanera-la Canal, la Vall d&#8217;Albaida i Terra del Vi (Terra Boval) s\u00f3n les entitats organitzadores de les propostes tur\u00edstiques.<\/p>\n\n\n\n<p class=\"wp-block-paragraph\">Visites guiades i teatralitzades a jaciments, castells i altres elements del patrimoni arquitect\u00f2nic; jornades de portes obertes en museus i centres d&#8217;interpretaci\u00f3; rutes senderistes, cicloturistes i interpretatives per rius i poblacions; tallers d&#8217;artesania local i gastronomia; experi\u00e8ncies gastron\u00f2miques i multiaventura; gimcana mediambientals; festes populars; rutes adaptades i viatges sonors; i altres activitats relacionades amb l\u2019enoturisme, el turisme cultural i l\u2019astroturisme formen part del cat\u00e0leg d&#8217;activitats de la Diputaci\u00f3 que es reunixen sota l&#8217;etiqueta proposada per a celebrar eixe dia en xarxes socials: #WDT204.<\/p>\n\n\n\n<p class=\"wp-block-paragraph\">Les persones que s&#8217;inscriguen en estes activitats rebran un detall de Val\u00e8ncia Turisme, marca tur\u00edstica de la Diputaci\u00f3, com a record de la seua participaci\u00f3 en la celebraci\u00f3.<\/p>\n\n\n\n<figure class=\"wp-block-gallery has-nested-images columns-default is-cropped wp-block-gallery-1 is-layout-flex wp-block-gallery-is-layout-flex\">\n<figure class=\"wp-block-image size-large\"><img loading=\"lazy\" decoding=\"async\" width=\"1024\" height=\"683\" data-id=\"237687\" src=\"https:\/\/www.tucomarca.com\/wordpress\/segunda\/wp-content\/uploads\/2024\/09\/Castielfabib-1024x683.jpg\" alt=\"\" class=\"wp-image-237687\" srcset=\"https:\/\/tucomarca.whitekongsoftware.com\/wp-content\/uploads\/2024\/09\/Castielfabib-1024x683.jpg 1024w, https:\/\/tucomarca.whitekongsoftware.com\/wp-content\/uploads\/2024\/09\/Castielfabib-300x200.jpg 300w, https:\/\/tucomarca.whitekongsoftware.com\/wp-content\/uploads\/2024\/09\/Castielfabib-768x512.jpg 768w, https:\/\/tucomarca.whitekongsoftware.com\/wp-content\/uploads\/2024\/09\/Castielfabib.jpg 1200w\" sizes=\"auto, (max-width: 1024px) 100vw, 1024px\" \/><\/figure>\n\n\n\n<figure class=\"wp-block-image size-large\"><img loading=\"lazy\" decoding=\"async\" width=\"1024\" height=\"682\" data-id=\"237685\" src=\"https:\/\/www.tucomarca.com\/wordpress\/segunda\/wp-content\/uploads\/2024\/09\/ActividadBodegasNodus-1024x682.jpeg\" alt=\"\" class=\"wp-image-237685\" srcset=\"https:\/\/tucomarca.whitekongsoftware.com\/wp-content\/uploads\/2024\/09\/ActividadBodegasNodus-1024x682.jpeg 1024w, https:\/\/tucomarca.whitekongsoftware.com\/wp-content\/uploads\/2024\/09\/ActividadBodegasNodus-300x200.jpeg 300w, https:\/\/tucomarca.whitekongsoftware.com\/wp-content\/uploads\/2024\/09\/ActividadBodegasNodus-768x512.jpeg 768w, https:\/\/tucomarca.whitekongsoftware.com\/wp-content\/uploads\/2024\/09\/ActividadBodegasNodus.jpeg 1280w\" sizes=\"auto, (max-width: 1024px) 100vw, 1024px\" \/><\/figure>\n<\/figure>\n","protected":false},"excerpt":{"rendered":"<div class=\"mh-excerpt\">Durant tota la setmana, ajuntaments i mancomunitats promouen nombroses activitats tur\u00edstiques per a tots els p\u00fablics. El Dia Mundial del Turisme es commemora cada 27 de setembre i enguany se celebra baix el lema \u2018Turisme <a class=\"mh-excerpt-more\" href=\"https:\/\/tucomarca.whitekongsoftware.com\/ca\/la-diputacio-de-valencia-celebra-el-dia-mundial-del-turisme-2024-amb-activitats-en-diversos-municipis\/\" title=\"La Diputaci\u00f3 de Val\u00e8ncia celebra el Dia Mundial del Turisme 2024 amb activitats en diversos municipis\">[+] <\/a><\/div>\n","protected":false},"author":13,"featured_media":237690,"comment_status":"open","ping_status":"open","sticky":false,"template":"","format":"standard","meta":{"footnotes":""},"categories":[10890,10926,10954,10951,10937,10911,10892,10898,10980,10894,10904,10912,11007,10908,10909,10906,10896,11059],"tags":[21233,11199,21009,15856],"class_list":["post-237702","post","type-post","status-publish","format-standard","has-post-thumbnail","category-ademus","category-ademus-ca","category-ayora-ca","category-ayora-cofrentes-ca","category-betera-ca","category-bunol-ca","category-camp-de-turia-ca","category-ventana-ca","category-yatova-ca","category-la-comarca-ca","category-sin-categorizar-ca","category-la-hoya-ca","category-ocio-y-cultura-ca","category-requena-ca","category-requena-utiel-ca","category-riba-roja-ca","category-seccion-ca","category-utiel-ca","tag-dia-mundial-del-turismo-2024-ca","tag-la-comunitat-ca","tag-la-diputacio-de-valencia-ca","tag-ocio-y-cultura-ca"],"_links":{"self":[{"href":"https:\/\/tucomarca.whitekongsoftware.com\/ca\/wp-json\/wp\/v2\/posts\/237702","targetHints":{"allow":["GET"]}}],"collection":[{"href":"https:\/\/tucomarca.whitekongsoftware.com\/ca\/wp-json\/wp\/v2\/posts"}],"about":[{"href":"https:\/\/tucomarca.whitekongsoftware.com\/ca\/wp-json\/wp\/v2\/types\/post"}],"author":[{"embeddable":true,"href":"https:\/\/tucomarca.whitekongsoftware.com\/ca\/wp-json\/wp\/v2\/users\/13"}],"replies":[{"embeddable":true,"href":"https:\/\/tucomarca.whitekongsoftware.com\/ca\/wp-json\/wp\/v2\/comments?post=237702"}],"version-history":[{"count":0,"href":"https:\/\/tucomarca.whitekongsoftware.com\/ca\/wp-json\/wp\/v2\/posts\/237702\/revisions"}],"wp:featuredmedia":[{"embeddable":true,"href":"https:\/\/tucomarca.whitekongsoftware.com\/ca\/wp-json\/wp\/v2\/media\/237690"}],"wp:attachment":[{"href":"https:\/\/tucomarca.whitekongsoftware.com\/ca\/wp-json\/wp\/v2\/media?parent=237702"}],"wp:term":[{"taxonomy":"category","embeddable":true,"href":"https:\/\/tucomarca.whitekongsoftware.com\/ca\/wp-json\/wp\/v2\/categories?post=237702"},{"taxonomy":"post_tag","embeddable":true,"href":"https:\/\/tucomarca.whitekongsoftware.com\/ca\/wp-json\/wp\/v2\/tags?post=237702"}],"curies":[{"name":"wp","href":"https:\/\/api.w.org\/{rel}","templated":true}]}}