{"id":237613,"date":"2024-09-23T10:00:00","date_gmt":"2024-09-23T08:00:00","guid":{"rendered":"https:\/\/www.tucomarca.com\/wordpress\/segunda\/?p=237613"},"modified":"2024-09-23T13:22:17","modified_gmt":"2024-09-23T11:22:17","slug":"el-festival-ensems-encara-la-recta-final-daquesta-edicio-amb-les-propostes-mes-experimentals-daquest-certamen-de-musica-contemporania","status":"publish","type":"post","link":"https:\/\/tucomarca.whitekongsoftware.com\/ca\/el-festival-ensems-encara-la-recta-final-daquesta-edicio-amb-les-propostes-mes-experimentals-daquest-certamen-de-musica-contemporania\/","title":{"rendered":"El festival Ensems encara la recta final d&#8217;aquesta edici\u00f3 amb les propostes m\u00e9s experimentals d&#8217;aquest certamen de m\u00fasica contempor\u00e0nia"},"content":{"rendered":"\n<h3 class=\"wp-block-heading\">El festival conclou el 25 de setembre amb el concert de Arditti, que rebran el Ensems d\u2019Or<\/h3>\n\n\n\n<p class=\"wp-block-paragraph\">El festival de m\u00fasica contempor\u00e0nia Ensems, que organitza el Institut Valenci\u00e0 de Cultura (IVC), empr\u00e9n el tram final de la seua 46a edici\u00f3 amb les propostes m\u00e9s experimentals de la programaci\u00f3 i el concert final de Arditti, grup de refer\u00e8ncia de la m\u00fasica contempor\u00e0nia que rebr\u00e0, a m\u00e9s, el premi Ensems d\u2019Or.&nbsp;<\/p>\n\n\n\n<p class=\"wp-block-paragraph\">El dilluns, 23 de setembre, a les 18.00 hores, l&#8217;Aula Magistral dels Arts acollir\u00e0 el concert de m\u00fasica electr\u00f2nica i experimental de Brom, una proposta que procedeix del festival convidat Volumens.<\/p>\n\n\n\n<p class=\"wp-block-paragraph\">A les 19.30 hores, en el Teatre Mart\u00edn i Soler, ser\u00e0 el torn de la saxofonista Xelo Giner, amb un programa titulat \u2018Emotional intelligence artificial\u2019, integrat per obres que fluctuen dins d&#8217;un sistema compositiu interactiu.<\/p>\n\n\n\n<p class=\"wp-block-paragraph\">El dimarts 24 de setembre l&#8217;activitat es traslladar\u00e0 al Palau de la M\u00fasica de Val\u00e8ncia, amb la proposta dels portuguesos Drumming Grup de Percuss\u00e2o a les 12.00 hores. A les 18.00 hores, \u2018En conversa IV\u2019 reflexionar\u00e0 sobre la m\u00fasica contempor\u00e0nia amb els compositors Andr\u00e9s Valero, Pere Vicalet i Carlos Perales. A les 19.30 hores, a la sala Jos\u00e9 Iturbi tindr\u00e0 lloc el concert de la Banda Municipal de Val\u00e8ncia, dirigida per Crist\u00f3bal Soler, amb un programa amb obres de David Pont, Carlos D. Perales, Francisco Bort i Karel Husa.<\/p>\n\n\n\n<p class=\"wp-block-paragraph\">L&#8217;\u00faltima jornada d&#8217;aquesta edici\u00f3 de Ensems, el dimecres 25 de setembre, comen\u00e7ar\u00e0 a les 18.00 hores a l&#8217;Aula Magistral dels Arts amb Quintet Cuesta i un programa que commemora el 150 aniversari de Sch\u00f6nberg. A les 19.30 hores en el Teatre Mart\u00edn i Soler, Arditti Quartet, grup de refer\u00e8ncia internacional de la m\u00fasica contempor\u00e0nia actual, rebr\u00e0 el guard\u00f3 Ensems d\u2019Or, en reconeixement a la seua traject\u00f2ria. El guard\u00f3 \u00e9s un disseny del dissenyador valenci\u00e0 Anaven Ram\u00f3n.&nbsp;<\/p>\n\n\n\n<p class=\"wp-block-paragraph\"><strong>46a edici\u00f3<\/strong><\/p>\n\n\n\n<p class=\"wp-block-paragraph\">El lema d&#8217;aquesta edici\u00f3 de Ensems \u00e9s \u2018Songs of wars I have seen\u2019, en refer\u00e8ncia a l&#8217;obra de Heiner Goebbels que t\u00e9 un lloc destacat en la programaci\u00f3, amb la direcci\u00f3 de Chloe Rooke, i que ser\u00e0 el punt de partida per a una reflexi\u00f3 sobre la viol\u00e8ncia i les guerres, especialment cap al sofriment de les dones en aquestes.<\/p>\n\n\n\n<p class=\"wp-block-paragraph\">En aquesta edici\u00f3 de Ensems, la programaci\u00f3 s&#8217;ha constru\u00eft sobre la base de quatre blocs tem\u00e0tics: \u2018Songs of wars I have seen\u2019, com a obra central i lema de l&#8217;edici\u00f3; el 150 aniversari del naixement del compositor austr\u00edac Arnold Sch\u00f6nberg; l&#8217;homenatge al compositor valenci\u00e0-canadenc Jos\u00e9 Evangelista, mort en 2023; i la reflexi\u00f3 sobre la m\u00fasica contempor\u00e0nia amb di\u00e0legs i taules redones.&nbsp;<\/p>\n\n\n\n<p class=\"wp-block-paragraph\">Totes les activitats de la programaci\u00f3 de Ensems s\u00f3n d&#8217;acc\u00e9s lliure fins a completar aforament. Les invitacions per als concerts poden obtindre&#8217;s en la p\u00e0gina web del <a href=\"http:\/\/ensems.ivc.gva.es\/\" target=\"_blank\" rel=\"noreferrer noopener\">festival Ensems<\/a>.<\/p>\n","protected":false},"excerpt":{"rendered":"<div class=\"mh-excerpt\">El festival conclou el 25 de setembre amb el concert de Arditti, que rebran el Ensems d\u2019Or El festival de m\u00fasica contempor\u00e0nia Ensems, que organitza el Institut Valenci\u00e0 de Cultura (IVC), empr\u00e9n el tram final <a class=\"mh-excerpt-more\" href=\"https:\/\/tucomarca.whitekongsoftware.com\/ca\/el-festival-ensems-encara-la-recta-final-daquesta-edicio-amb-les-propostes-mes-experimentals-daquest-certamen-de-musica-contemporania\/\" title=\"El festival Ensems encara la recta final d&#8217;aquesta edici\u00f3 amb les propostes m\u00e9s experimentals d&#8217;aquest certamen de m\u00fasica contempor\u00e0nia\">[+] <\/a><\/div>\n","protected":false},"author":13,"featured_media":237610,"comment_status":"open","ping_status":"open","sticky":false,"template":"","format":"standard","meta":{"footnotes":""},"categories":[11019,11005,10898,10904,11007,10896],"tags":[13274,17761,11199,15856],"class_list":["post-237613","post","type-post","status-publish","format-standard","has-post-thumbnail","category-agenda-ca","category-canal-musica","category-ventana-ca","category-sin-categorizar-ca","category-ocio-y-cultura-ca","category-seccion-ca","tag-institut-valencia-de-cultura-ca","tag-ivc-ca","tag-la-comunitat-ca","tag-ocio-y-cultura-ca"],"_links":{"self":[{"href":"https:\/\/tucomarca.whitekongsoftware.com\/ca\/wp-json\/wp\/v2\/posts\/237613","targetHints":{"allow":["GET"]}}],"collection":[{"href":"https:\/\/tucomarca.whitekongsoftware.com\/ca\/wp-json\/wp\/v2\/posts"}],"about":[{"href":"https:\/\/tucomarca.whitekongsoftware.com\/ca\/wp-json\/wp\/v2\/types\/post"}],"author":[{"embeddable":true,"href":"https:\/\/tucomarca.whitekongsoftware.com\/ca\/wp-json\/wp\/v2\/users\/13"}],"replies":[{"embeddable":true,"href":"https:\/\/tucomarca.whitekongsoftware.com\/ca\/wp-json\/wp\/v2\/comments?post=237613"}],"version-history":[{"count":0,"href":"https:\/\/tucomarca.whitekongsoftware.com\/ca\/wp-json\/wp\/v2\/posts\/237613\/revisions"}],"wp:featuredmedia":[{"embeddable":true,"href":"https:\/\/tucomarca.whitekongsoftware.com\/ca\/wp-json\/wp\/v2\/media\/237610"}],"wp:attachment":[{"href":"https:\/\/tucomarca.whitekongsoftware.com\/ca\/wp-json\/wp\/v2\/media?parent=237613"}],"wp:term":[{"taxonomy":"category","embeddable":true,"href":"https:\/\/tucomarca.whitekongsoftware.com\/ca\/wp-json\/wp\/v2\/categories?post=237613"},{"taxonomy":"post_tag","embeddable":true,"href":"https:\/\/tucomarca.whitekongsoftware.com\/ca\/wp-json\/wp\/v2\/tags?post=237613"}],"curies":[{"name":"wp","href":"https:\/\/api.w.org\/{rel}","templated":true}]}}