{"id":237318,"date":"2024-09-19T10:55:00","date_gmt":"2024-09-19T08:55:00","guid":{"rendered":"https:\/\/www.tucomarca.com\/wordpress\/segunda\/?p=237318"},"modified":"2024-09-19T16:11:41","modified_gmt":"2024-09-19T14:11:41","slug":"el-forum-docupacio-labora-en-ruta-aconsegueix-la-realitzacio-de135-entrevistes-de-treball-a-utiel","status":"publish","type":"post","link":"https:\/\/tucomarca.whitekongsoftware.com\/ca\/el-forum-docupacio-labora-en-ruta-aconsegueix-la-realitzacio-de135-entrevistes-de-treball-a-utiel\/","title":{"rendered":"El F\u00f2rum d&#8217;Ocupaci\u00f3 LABORA en Ruta aconsegueix la realitzaci\u00f3 de135 entrevistes de treball a Utiel"},"content":{"rendered":"\n<h3 class=\"wp-block-heading\">M\u00e9s de 400 persones s&#8217;han donat cita en aquesta trobada de foment de la inserci\u00f3 laboral i la formaci\u00f3 cont\u00ednua a trav\u00e9s d&#8217;una marat\u00f3 d&#8217;entrevistes de treball, confer\u00e8ncies i tallers dirigits per professionals de l&#8217;orientaci\u00f3 laboral i estands informatius.<\/h3>\n\n\n\n<p class=\"wp-block-paragraph\">M\u00e9s de 400 persones s&#8217;han donat cita en l&#8217;\u00faltim F\u00f2rum d&#8217;Ocupaci\u00f3 LABORA en Ruta, aquest dimecres 18 de setembre, en el Sal\u00f3 Polivalent d&#8217;Utiel. Una trobada promoguda per LABORA, amb la col\u00b7laboraci\u00f3 de Adapt@+t, el Projecte d&#8217;Ocupaci\u00f3, Emprenedoria i Economia Social de la Mancomunitat de l&#8217;Interior Terra del Vi (MITV), per a fomentar la inserci\u00f3 laboral entre la ciutadania de la comarca i promoure la formaci\u00f3 cont\u00ednua a trav\u00e9s de diferents activitats, com una marat\u00f3 d&#8217;entrevistes de treball, confer\u00e8ncies i tallers dirigits per professionals de l&#8217;orientaci\u00f3 laboral i estands informatius.<\/p>\n\n\n\n<p class=\"wp-block-paragraph\">L&#8217;esdeveniment ha comptat amb la pres\u00e8ncia de la directora general de Planificaci\u00f3 i Serveis de LABORA, Marisa Mezquita, l&#8217;alcalde d&#8217;Utiel, Ricardo Gabald\u00f3n, i el president de la MITV, Luis Francisco L\u00f3pez, que va voler donar les gr\u00e0cies al Servici Valenci\u00e0 d&#8217;Ocupaci\u00f3 i Formaci\u00f3 \u201cper fer una parada en Terra Boval i facilitar de manera experiencial el contacte entre empreses, demandants, entitats formatives i agents socials com a sindicats i altres entitats p\u00fabliques\u201d.<\/p>\n\n\n\n<p class=\"wp-block-paragraph\">L\u00f3pez va posar en valor la xarxa de Pactes Territorials de LABORA, en particular del pacte de la MITV, perqu\u00e8 \u201ca partir d&#8217;eixe moment comptem amb el finan\u00e7ament d&#8217;aquesta entitat per a la posada en marxa del Projecte d&#8217;Ocupaci\u00f3, Emprenedoria, Economia social i Desenvolupament Local denominat Adapt@+t\u201d.<\/p>\n\n\n\n<figure class=\"wp-block-gallery has-nested-images columns-2 is-cropped wp-block-gallery-1 is-layout-flex wp-block-gallery-is-layout-flex\">\n<figure class=\"wp-block-image size-large\"><img loading=\"lazy\" decoding=\"async\" width=\"1024\" height=\"576\" data-id=\"237310\" src=\"https:\/\/www.tucomarca.com\/wordpress\/segunda\/wp-content\/uploads\/2024\/09\/MancomTVLabora3-1024x576.jpg\" alt=\"\" class=\"wp-image-237310\" srcset=\"https:\/\/tucomarca.whitekongsoftware.com\/wp-content\/uploads\/2024\/09\/MancomTVLabora3-1024x576.jpg 1024w, https:\/\/tucomarca.whitekongsoftware.com\/wp-content\/uploads\/2024\/09\/MancomTVLabora3-300x169.jpg 300w, https:\/\/tucomarca.whitekongsoftware.com\/wp-content\/uploads\/2024\/09\/MancomTVLabora3-768x432.jpg 768w, https:\/\/tucomarca.whitekongsoftware.com\/wp-content\/uploads\/2024\/09\/MancomTVLabora3-678x381.jpg 678w, https:\/\/tucomarca.whitekongsoftware.com\/wp-content\/uploads\/2024\/09\/MancomTVLabora3.jpg 1400w\" sizes=\"auto, (max-width: 1024px) 100vw, 1024px\" \/><\/figure>\n\n\n\n<figure class=\"wp-block-image size-large\"><img loading=\"lazy\" decoding=\"async\" width=\"1024\" height=\"576\" data-id=\"237312\" src=\"https:\/\/www.tucomarca.com\/wordpress\/segunda\/wp-content\/uploads\/2024\/09\/MancomTVLabora4-1024x576.jpg\" alt=\"\" class=\"wp-image-237312\" srcset=\"https:\/\/tucomarca.whitekongsoftware.com\/wp-content\/uploads\/2024\/09\/MancomTVLabora4-1024x576.jpg 1024w, https:\/\/tucomarca.whitekongsoftware.com\/wp-content\/uploads\/2024\/09\/MancomTVLabora4-300x169.jpg 300w, https:\/\/tucomarca.whitekongsoftware.com\/wp-content\/uploads\/2024\/09\/MancomTVLabora4-768x432.jpg 768w, https:\/\/tucomarca.whitekongsoftware.com\/wp-content\/uploads\/2024\/09\/MancomTVLabora4-678x381.jpg 678w, https:\/\/tucomarca.whitekongsoftware.com\/wp-content\/uploads\/2024\/09\/MancomTVLabora4.jpg 1400w\" sizes=\"auto, (max-width: 1024px) 100vw, 1024px\" \/><\/figure>\n\n\n\n<figure class=\"wp-block-image size-large\"><img loading=\"lazy\" decoding=\"async\" width=\"1024\" height=\"576\" data-id=\"237308\" src=\"https:\/\/www.tucomarca.com\/wordpress\/segunda\/wp-content\/uploads\/2024\/09\/MancomTVLabora2-1024x576.jpg\" alt=\"\" class=\"wp-image-237308\" srcset=\"https:\/\/tucomarca.whitekongsoftware.com\/wp-content\/uploads\/2024\/09\/MancomTVLabora2-1024x576.jpg 1024w, https:\/\/tucomarca.whitekongsoftware.com\/wp-content\/uploads\/2024\/09\/MancomTVLabora2-300x169.jpg 300w, https:\/\/tucomarca.whitekongsoftware.com\/wp-content\/uploads\/2024\/09\/MancomTVLabora2-768x432.jpg 768w, https:\/\/tucomarca.whitekongsoftware.com\/wp-content\/uploads\/2024\/09\/MancomTVLabora2-678x381.jpg 678w, https:\/\/tucomarca.whitekongsoftware.com\/wp-content\/uploads\/2024\/09\/MancomTVLabora2.jpg 1400w\" sizes=\"auto, (max-width: 1024px) 100vw, 1024px\" \/><\/figure>\n<\/figure>\n\n\n\n<p class=\"wp-block-paragraph\"><strong>Un total de 135 entrevistes de treball<\/strong><\/p>\n\n\n\n<p class=\"wp-block-paragraph\">El balan\u00e7 de la marat\u00f3 d&#8217;entrevistes d&#8217;ocupaci\u00f3 ha sigut de 135 entrevistes per a un total de 95 persones aspirants entrevistades i 49 ofertes de treball. En aquest sentit, un total de 19 empreses han participat en aquesta trobada pensada per a posar en contacte a empreses que busquen talent i persones en cerca d&#8217;una oportunitat laboral o un canvi d&#8217;ocupaci\u00f3 i orientaci\u00f3 que millore la seua carrera professional.<\/p>\n\n\n\n<p class=\"wp-block-paragraph\">Tot aix\u00f2 en una jornada que ha comptat, a m\u00e9s, amb confer\u00e8ncies i taules redones condu\u00efdes per professionals de selecci\u00f3 i orientaci\u00f3 laboral, aix\u00ed com tallers pr\u00e0ctics per a millorar el proc\u00e9s de cerca d&#8217;ocupaci\u00f3 i estands informatius on resoldre dubtes i rebre orientaci\u00f3 laboral i formativa a mesura.<\/p>\n\n\n\n<p class=\"wp-block-paragraph\">L&#8217;esdeveniment va comptar amb la pres\u00e8ncia del personal t\u00e8cnic del Projecte Adapt@+t de MITV, que va aprofitar la jornada per a informar sobre els serveis d&#8217;orientaci\u00f3 i intermediaci\u00f3 laboral, emprenedoria, formaci\u00f3 i enfortiment empresarial, dirigits a tota la ciutadania i empreses de la comarca.<\/p>\n\n\n\n<p class=\"wp-block-paragraph\">A m\u00e9s, els instituts d&#8217;Educaci\u00f3 Secund\u00e0ria de la comarca, l&#8217;Escola de Viticultura i Enologia F\u00e9lix Jim\u00e9nez de Requena no van voler perdre l&#8217;oportunitat per a mostrar i informar sobre l&#8217;oferta formativa a la comarca.<\/p>\n\n\n\n<p class=\"wp-block-paragraph\">Adapt@+t \u00e9s el Projecte d&#8217;Ocupaci\u00f3, Emprenedoria, Economia social i Desenvolupament local, que naix gr\u00e0cies a l&#8217;Acord Territorial en Mat\u00e8ria d&#8217;Ocupaci\u00f3 i Desenvolupament Local de la MITV promogut des de LABORA. L&#8217;\u00e0mbit d&#8217;execuci\u00f3 del mateix est\u00e0 circumscrit al territori de les d\u00e8nou entitats signants de l&#8217;Acord Territorial en mat\u00e8ria d&#8217;Ocupaci\u00f3 i Desenvolupament Local de la MITV, totes elles pertanyents als nou municipis que componen la comarca.<\/p>\n","protected":false},"excerpt":{"rendered":"<div class=\"mh-excerpt\">M\u00e9s de 400 persones s&#8217;han donat cita en aquesta trobada de foment de la inserci\u00f3 laboral i la formaci\u00f3 cont\u00ednua a trav\u00e9s d&#8217;una marat\u00f3 d&#8217;entrevistes de treball, confer\u00e8ncies i tallers dirigits per professionals de l&#8217;orientaci\u00f3 <a class=\"mh-excerpt-more\" href=\"https:\/\/tucomarca.whitekongsoftware.com\/ca\/el-forum-docupacio-labora-en-ruta-aconsegueix-la-realitzacio-de135-entrevistes-de-treball-a-utiel\/\" title=\"El F\u00f2rum d&#8217;Ocupaci\u00f3 LABORA en Ruta aconsegueix la realitzaci\u00f3 de135 entrevistes de treball a Utiel\">[+] <\/a><\/div>\n","protected":false},"author":12,"featured_media":237315,"comment_status":"open","ping_status":"open","sticky":false,"template":"","format":"gallery","meta":{"footnotes":""},"categories":[10898,10948,10894,10947,10909,10896,11059],"tags":[20458,11485,12387,10910,11174],"class_list":["post-237318","post","type-post","status-publish","format-gallery","has-post-thumbnail","category-ventana-ca","category-infraestructuras-ca","category-la-comarca-ca","category-politica","category-requena-utiel-ca","category-seccion-ca","category-utiel-ca","tag-adaptt-ca","tag-labora-ca","tag-mancomunidad-del-interior-tierra-del-vino-ca","tag-requena-utiel-ca","tag-utiel-ca","post_format-post-format-gallery"],"_links":{"self":[{"href":"https:\/\/tucomarca.whitekongsoftware.com\/ca\/wp-json\/wp\/v2\/posts\/237318","targetHints":{"allow":["GET"]}}],"collection":[{"href":"https:\/\/tucomarca.whitekongsoftware.com\/ca\/wp-json\/wp\/v2\/posts"}],"about":[{"href":"https:\/\/tucomarca.whitekongsoftware.com\/ca\/wp-json\/wp\/v2\/types\/post"}],"author":[{"embeddable":true,"href":"https:\/\/tucomarca.whitekongsoftware.com\/ca\/wp-json\/wp\/v2\/users\/12"}],"replies":[{"embeddable":true,"href":"https:\/\/tucomarca.whitekongsoftware.com\/ca\/wp-json\/wp\/v2\/comments?post=237318"}],"version-history":[{"count":0,"href":"https:\/\/tucomarca.whitekongsoftware.com\/ca\/wp-json\/wp\/v2\/posts\/237318\/revisions"}],"wp:featuredmedia":[{"embeddable":true,"href":"https:\/\/tucomarca.whitekongsoftware.com\/ca\/wp-json\/wp\/v2\/media\/237315"}],"wp:attachment":[{"href":"https:\/\/tucomarca.whitekongsoftware.com\/ca\/wp-json\/wp\/v2\/media?parent=237318"}],"wp:term":[{"taxonomy":"category","embeddable":true,"href":"https:\/\/tucomarca.whitekongsoftware.com\/ca\/wp-json\/wp\/v2\/categories?post=237318"},{"taxonomy":"post_tag","embeddable":true,"href":"https:\/\/tucomarca.whitekongsoftware.com\/ca\/wp-json\/wp\/v2\/tags?post=237318"}],"curies":[{"name":"wp","href":"https:\/\/api.w.org\/{rel}","templated":true}]}}