{"id":237095,"date":"2024-09-20T09:20:00","date_gmt":"2024-09-20T07:20:00","guid":{"rendered":"https:\/\/www.tucomarca.com\/wordpress\/segunda\/?p=237095"},"modified":"2024-09-20T09:38:03","modified_gmt":"2024-09-20T07:38:03","slug":"turis-presenta-al-teatre-ideal-tribut-a-nino-bravo","status":"publish","type":"post","link":"https:\/\/tucomarca.whitekongsoftware.com\/ca\/turis-presenta-al-teatre-ideal-tribut-a-nino-bravo\/","title":{"rendered":"Tur\u00eds presenta al Teatre Ideal \u201cTribut a Nino Bravo\u201d"},"content":{"rendered":"\n<p class=\"wp-block-paragraph\">Diumenge que ve, Tur\u00eds retr\u00e0 homenatge a un de les grans icones de la m\u00fasica valenciana, Nino Bravo, amb un tribut que tindr\u00e0 lloc en el Teatre Ideal a partir de les 19.00 h. Els assistents podran gaudir d&#8217;un emotiu recorregut per les can\u00e7ons que han marcat generacions i que continuen sent part fonamental de la cultura musical. Aquest concert gratu\u00eft est\u00e0 organitzat per la regidoria de Cultura de l&#8217;Ajuntament de Tur\u00eds i patrocinat per l&#8217;\u00e0rea de Cultura de la Diputaci\u00f3 de Val\u00e8ncia, SARC.<\/p>\n\n\n\n<p class=\"wp-block-paragraph\">Aquest recital promet ser una experi\u00e8ncia inoblidable per als amants de la m\u00fasica de Nino Bravo, brindant l&#8217;oportunitat de reviure els seus inoblidables \u00e8xits en una vetlada plena d&#8217;emoci\u00f3 i nost\u00e0lgia.<\/p>\n\n\n\n<figure class=\"wp-block-image size-large\"><img loading=\"lazy\" decoding=\"async\" width=\"1024\" height=\"1024\" src=\"http:\/\/www.tucomarca.com\/wordpress\/segunda\/wp-content\/uploads\/2024\/09\/TurisNino-1024x1024.jpg\" alt=\"\" class=\"wp-image-237094\" srcset=\"https:\/\/tucomarca.whitekongsoftware.com\/wp-content\/uploads\/2024\/09\/TurisNino-1024x1024.jpg 1024w, https:\/\/tucomarca.whitekongsoftware.com\/wp-content\/uploads\/2024\/09\/TurisNino-300x300.jpg 300w, https:\/\/tucomarca.whitekongsoftware.com\/wp-content\/uploads\/2024\/09\/TurisNino-290x290.jpg 290w, https:\/\/tucomarca.whitekongsoftware.com\/wp-content\/uploads\/2024\/09\/TurisNino-768x768.jpg 768w, https:\/\/tucomarca.whitekongsoftware.com\/wp-content\/uploads\/2024\/09\/TurisNino.jpg 1080w\" sizes=\"auto, (max-width: 1024px) 100vw, 1024px\" \/><\/figure>\n","protected":false},"excerpt":{"rendered":"<div class=\"mh-excerpt\">Diumenge que ve, Tur\u00eds retr\u00e0 homenatge a un de les grans icones de la m\u00fasica valenciana, Nino Bravo, amb un tribut que tindr\u00e0 lloc en el Teatre Ideal a partir de les 19.00 h. Els <a class=\"mh-excerpt-more\" href=\"https:\/\/tucomarca.whitekongsoftware.com\/ca\/turis-presenta-al-teatre-ideal-tribut-a-nino-bravo\/\" title=\"Tur\u00eds presenta al Teatre Ideal \u201cTribut a Nino Bravo\u201d\">[+] <\/a><\/div>\n","protected":false},"author":12,"featured_media":237094,"comment_status":"open","ping_status":"open","sticky":false,"template":"","format":"standard","meta":{"footnotes":""},"categories":[11019,11005,10894,10902,11007,10896,11047],"tags":[],"class_list":["post-237095","post","type-post","status-publish","format-standard","has-post-thumbnail","category-agenda-ca","category-canal-musica","category-la-comarca-ca","category-la-ribera-ca","category-ocio-y-cultura-ca","category-seccion-ca","category-turis-ca"],"_links":{"self":[{"href":"https:\/\/tucomarca.whitekongsoftware.com\/ca\/wp-json\/wp\/v2\/posts\/237095","targetHints":{"allow":["GET"]}}],"collection":[{"href":"https:\/\/tucomarca.whitekongsoftware.com\/ca\/wp-json\/wp\/v2\/posts"}],"about":[{"href":"https:\/\/tucomarca.whitekongsoftware.com\/ca\/wp-json\/wp\/v2\/types\/post"}],"author":[{"embeddable":true,"href":"https:\/\/tucomarca.whitekongsoftware.com\/ca\/wp-json\/wp\/v2\/users\/12"}],"replies":[{"embeddable":true,"href":"https:\/\/tucomarca.whitekongsoftware.com\/ca\/wp-json\/wp\/v2\/comments?post=237095"}],"version-history":[{"count":0,"href":"https:\/\/tucomarca.whitekongsoftware.com\/ca\/wp-json\/wp\/v2\/posts\/237095\/revisions"}],"wp:featuredmedia":[{"embeddable":true,"href":"https:\/\/tucomarca.whitekongsoftware.com\/ca\/wp-json\/wp\/v2\/media\/237094"}],"wp:attachment":[{"href":"https:\/\/tucomarca.whitekongsoftware.com\/ca\/wp-json\/wp\/v2\/media?parent=237095"}],"wp:term":[{"taxonomy":"category","embeddable":true,"href":"https:\/\/tucomarca.whitekongsoftware.com\/ca\/wp-json\/wp\/v2\/categories?post=237095"},{"taxonomy":"post_tag","embeddable":true,"href":"https:\/\/tucomarca.whitekongsoftware.com\/ca\/wp-json\/wp\/v2\/tags?post=237095"}],"curies":[{"name":"wp","href":"https:\/\/api.w.org\/{rel}","templated":true}]}}