{"id":236986,"date":"2024-09-17T10:30:00","date_gmt":"2024-09-17T08:30:00","guid":{"rendered":"https:\/\/www.tucomarca.com\/wordpress\/segunda\/?p=236986"},"modified":"2024-09-17T14:50:50","modified_gmt":"2024-09-17T12:50:50","slug":"lajuntament-de-bunyol-participa-en-les-jornades-dacolliment-familiar-organitzades-per-acaronar-en-el-centre-de-menors","status":"publish","type":"post","link":"https:\/\/tucomarca.whitekongsoftware.com\/ca\/lajuntament-de-bunyol-participa-en-les-jornades-dacolliment-familiar-organitzades-per-acaronar-en-el-centre-de-menors\/","title":{"rendered":"L&#8217;Ajuntament de Bunyol participa en les Jornades d&#8217;Acolliment Familiar organitzades per Acaronar en el Centre de Menors"},"content":{"rendered":"\n<p class=\"wp-block-paragraph\">L&#8217;Ajuntament de Bunyol ha participat en les jornades d&#8217;Acolliment Familiar, organitzades per Acaronar, i que han sigut tot un \u00e8xit de participaci\u00f3 i assist\u00e8ncia. Virginia Sanz, Alcaldessa i regidora de Serveis Socials de Bunyol, va estar acompanyada per t\u00e8cnics de Serveis Socials de l&#8217;Ajuntament en una jornada organitzada en el Centre de Menors de la localitat.<\/p>\n\n\n\n<p class=\"wp-block-paragraph\">L&#8217;objectiu \u00e9s informar dels tipus d&#8217;acolliments familiars i de la possibilitat que els menors que estan vivint en el centre de Bunyol puguen ser acollits per fam\u00edlies del municipi i aix\u00ed eixir els caps de setmana i en per\u00edode vacacional per a proporcionar major estabilitat i ampliar vincles familiars.<\/p>\n\n\n\n<p class=\"wp-block-paragraph\">\u201cS\u00f3n jornades molt emotives i familiars protagonitzades per fam\u00edlies d&#8217;acolliment que compten les seues viv\u00e8ncies particulars, a m\u00e9s d&#8217;oferir consells a altres fam\u00edlies que tinguen intenci\u00f3 de sumar-se a aquesta bella i solid\u00e0ria iniciativa social\u201d, va confirmar la primer edil bunyolense.<\/p>\n\n\n\n<p class=\"wp-block-paragraph\">Tant membres de Acaronar com del Centre de Menors van ser presents acompanyant a les fam\u00edlies. Despr\u00e9s de les xarrades es va oferir una xicoteta \u00e0gape a tots els assistents.<\/p>\n\n\n\n<figure class=\"wp-block-gallery has-nested-images columns-2 is-cropped wp-block-gallery-1 is-layout-flex wp-block-gallery-is-layout-flex\">\n<figure class=\"wp-block-image size-large\"><img loading=\"lazy\" decoding=\"async\" width=\"886\" height=\"796\" data-id=\"236981\" src=\"https:\/\/www.tucomarca.com\/wordpress\/segunda\/wp-content\/uploads\/2024\/09\/BunolAcogimiento4.jpg\" alt=\"\" class=\"wp-image-236981\" srcset=\"https:\/\/tucomarca.whitekongsoftware.com\/wp-content\/uploads\/2024\/09\/BunolAcogimiento4.jpg 886w, https:\/\/tucomarca.whitekongsoftware.com\/wp-content\/uploads\/2024\/09\/BunolAcogimiento4-300x270.jpg 300w, https:\/\/tucomarca.whitekongsoftware.com\/wp-content\/uploads\/2024\/09\/BunolAcogimiento4-768x690.jpg 768w\" sizes=\"auto, (max-width: 886px) 100vw, 886px\" \/><\/figure>\n\n\n\n<figure class=\"wp-block-image size-large\"><img loading=\"lazy\" decoding=\"async\" width=\"886\" height=\"548\" data-id=\"236983\" src=\"https:\/\/www.tucomarca.com\/wordpress\/segunda\/wp-content\/uploads\/2024\/09\/BunolAcogimiento3.jpg\" alt=\"\" class=\"wp-image-236983\" srcset=\"https:\/\/tucomarca.whitekongsoftware.com\/wp-content\/uploads\/2024\/09\/BunolAcogimiento3.jpg 886w, https:\/\/tucomarca.whitekongsoftware.com\/wp-content\/uploads\/2024\/09\/BunolAcogimiento3-300x186.jpg 300w, https:\/\/tucomarca.whitekongsoftware.com\/wp-content\/uploads\/2024\/09\/BunolAcogimiento3-768x475.jpg 768w\" sizes=\"auto, (max-width: 886px) 100vw, 886px\" \/><\/figure>\n\n\n\n<figure class=\"wp-block-image size-large\"><img loading=\"lazy\" decoding=\"async\" width=\"886\" height=\"550\" data-id=\"236979\" src=\"https:\/\/www.tucomarca.com\/wordpress\/segunda\/wp-content\/uploads\/2024\/09\/BunolAcogimiento2.jpg\" alt=\"\" class=\"wp-image-236979\" srcset=\"https:\/\/tucomarca.whitekongsoftware.com\/wp-content\/uploads\/2024\/09\/BunolAcogimiento2.jpg 886w, https:\/\/tucomarca.whitekongsoftware.com\/wp-content\/uploads\/2024\/09\/BunolAcogimiento2-300x186.jpg 300w, https:\/\/tucomarca.whitekongsoftware.com\/wp-content\/uploads\/2024\/09\/BunolAcogimiento2-768x477.jpg 768w\" sizes=\"auto, (max-width: 886px) 100vw, 886px\" \/><\/figure>\n<\/figure>\n","protected":false},"excerpt":{"rendered":"<div class=\"mh-excerpt\">L&#8217;Ajuntament de Bunyol ha participat en les jornades d&#8217;Acolliment Familiar, organitzades per Acaronar, i que han sigut tot un \u00e8xit de participaci\u00f3 i assist\u00e8ncia. Virginia Sanz, Alcaldessa i regidora de Serveis Socials de Bunyol, va <a class=\"mh-excerpt-more\" href=\"https:\/\/tucomarca.whitekongsoftware.com\/ca\/lajuntament-de-bunyol-participa-en-les-jornades-dacolliment-familiar-organitzades-per-acaronar-en-el-centre-de-menors\/\" title=\"L&#8217;Ajuntament de Bunyol participa en les Jornades d&#8217;Acolliment Familiar organitzades per Acaronar en el Centre de Menors\">[+] <\/a><\/div>\n","protected":false},"author":12,"featured_media":236978,"comment_status":"open","ping_status":"open","sticky":false,"template":"","format":"gallery","meta":{"footnotes":""},"categories":[10911,10948,10894,10912,10896],"tags":[11387,16834,10913,10914],"class_list":["post-236986","post","type-post","status-publish","format-gallery","has-post-thumbnail","category-bunol-ca","category-infraestructuras-ca","category-la-comarca-ca","category-la-hoya-ca","category-seccion-ca","tag-acaronar-ca","tag-acogimiento-familiar-ca","tag-bunol-ca","tag-la-hoya-de-bunol-chiva-ca","post_format-post-format-gallery"],"_links":{"self":[{"href":"https:\/\/tucomarca.whitekongsoftware.com\/ca\/wp-json\/wp\/v2\/posts\/236986","targetHints":{"allow":["GET"]}}],"collection":[{"href":"https:\/\/tucomarca.whitekongsoftware.com\/ca\/wp-json\/wp\/v2\/posts"}],"about":[{"href":"https:\/\/tucomarca.whitekongsoftware.com\/ca\/wp-json\/wp\/v2\/types\/post"}],"author":[{"embeddable":true,"href":"https:\/\/tucomarca.whitekongsoftware.com\/ca\/wp-json\/wp\/v2\/users\/12"}],"replies":[{"embeddable":true,"href":"https:\/\/tucomarca.whitekongsoftware.com\/ca\/wp-json\/wp\/v2\/comments?post=236986"}],"version-history":[{"count":0,"href":"https:\/\/tucomarca.whitekongsoftware.com\/ca\/wp-json\/wp\/v2\/posts\/236986\/revisions"}],"wp:featuredmedia":[{"embeddable":true,"href":"https:\/\/tucomarca.whitekongsoftware.com\/ca\/wp-json\/wp\/v2\/media\/236978"}],"wp:attachment":[{"href":"https:\/\/tucomarca.whitekongsoftware.com\/ca\/wp-json\/wp\/v2\/media?parent=236986"}],"wp:term":[{"taxonomy":"category","embeddable":true,"href":"https:\/\/tucomarca.whitekongsoftware.com\/ca\/wp-json\/wp\/v2\/categories?post=236986"},{"taxonomy":"post_tag","embeddable":true,"href":"https:\/\/tucomarca.whitekongsoftware.com\/ca\/wp-json\/wp\/v2\/tags?post=236986"}],"curies":[{"name":"wp","href":"https:\/\/api.w.org\/{rel}","templated":true}]}}