{"id":236973,"date":"2024-09-17T11:00:00","date_gmt":"2024-09-17T09:00:00","guid":{"rendered":"https:\/\/www.tucomarca.com\/wordpress\/segunda\/?p=236973"},"modified":"2024-09-17T14:55:09","modified_gmt":"2024-09-17T12:55:09","slug":"la-unio-assegura-que-la-collita-dolives-daquesta-campanya-caura-un-68-en-la-comunitat-sobre-la-mitjana-de-les-ultimes-pels-efectes-de-la-sequera","status":"publish","type":"post","link":"https:\/\/tucomarca.whitekongsoftware.com\/ca\/la-unio-assegura-que-la-collita-dolives-daquesta-campanya-caura-un-68-en-la-comunitat-sobre-la-mitjana-de-les-ultimes-pels-efectes-de-la-sequera\/","title":{"rendered":"La Uni\u00f3 assegura que la collita d&#8217;olives d&#8217;aquesta campanya caur\u00e0 un 68% en la Comunitat sobre la mitjana de les \u00faltimes pels efectes de la sequera"},"content":{"rendered":"\n<h3 class=\"wp-block-heading\">La p\u00e8rdua d\u2019ingressos per als productors ser\u00e0 de m\u00e9s de 49 milions d\u2019euros.<\/h3>\n\n\n\n<p class=\"wp-block-paragraph\">La Uni\u00f3 preveu aquesta campanya una producci\u00f3 d&#8217;olives en la Comunitat Valenciana d&#8217;al voltant de 35.500 tones, m\u00e9s baixa encara que l&#8217;anterior que ja va tindre una collita redu\u00efda i molt allunyada de la mitjana dels \u00faltims 20 anys que se situa en les 113.000 tones. Aquestes xifres que deixen els efectes de la sequera prolongada representen un descens del 68% sobre la mitjana i comportaran una p\u00e8rdua d&#8217;ingressos per als productors valencians estimada per La Uni\u00f3 en 49,2 milions d&#8217;euros.<br>Per a compensar aquestes baixes produccions i tamb\u00e9 la p\u00e8rdua de superf\u00edcie acollida a la PAC i les particularitats de l&#8217;olivar en les zones d&#8217;interior, La Uni\u00f3 ha sol\u00b7licitat a la Conselleria i al Ministeri d&#8217;Agricultura que adapten la Pol\u00edtica Agr\u00e0ria Comuna (PAC) a les condicions espec\u00edfiques del sector de l&#8217;olivar en la Comunitat Valenciana. \u201c\u00c9s imprescindible una revisi\u00f3 d&#8217;aquesta pol\u00edtica per a garantir la viabilitat d&#8217;un cultiu clau per a l&#8217;economia rural valenciana\u201d, assenyala.<br>En l&#8217;actualitat, la superf\u00edcie d&#8217;olivar acollida a la PAC en territori valenci\u00e0 ha caigut un 2,72% entre 2023 i 2024, passant de 46.133,24 hect\u00e0rees a 44.880,52 hect\u00e0rees. Aquest descens contrasta amb l&#8217;increment del 0,87% de la superf\u00edcie PAC a nivell nacional i reflecteix un desajustament estructural que deixa als olivarers valencians en desavantatge enfront d&#8217;altres comunitats aut\u00f2nomes. A m\u00e9s, nom\u00e9s el 47,49% de la superf\u00edcie agr\u00e0ria de la Comunitat est\u00e0 acollida a ajudes PAC, molt per davall de la mitjana nacional del 83,68%.<br>El sistema actual de distribuci\u00f3 d&#8217;ajudes de la PAC a Espanya perpetua una desigualtat evident. Mentre Andalusia acapara m\u00e9s del 66% de la superf\u00edcie estatal d&#8217;olivar amb dret a ajudes PAC, la Comunitat Valenciana queda relegada amb nom\u00e9s un 1,92%. En aquest punt, Enrique Sim\u00f3, responsable del sector de l&#8217;olivar de La Uni\u00f3 aposta per \u201cestablir un reequilibri de les ajudes a l&#8217;olivar en la PEPAC perqu\u00e8 contemple totes les realitats productives de l&#8217;olivar existents a Espanya. En la Comunitat Valenciana l&#8217;olivar, malgrat les seues limitacions productives, juga un paper fonamental en la preservaci\u00f3 del medi ambient i l&#8217;estabilitat poblacional en les zones rurals de l&#8217;interior, moltes d&#8217;elles amb alt risc de despoblaci\u00f3\u201d.<br>En aquest sentit, l&#8217;olivar valenci\u00e0 es cultiva majorit\u00e0riament en zones d&#8217;interior, on les dificultats i limitacions productives, al costat de les condicions clim\u00e0tiques adverses, fan inviable complir amb algunes normatives actuals. Aquestes \u00e0rees, a m\u00e9s, s\u00f3n essencials per al manteniment de la biodiversitat, l&#8217;estabilitat de la poblaci\u00f3 als pobles i la incorporaci\u00f3 de llauradors joves al sector.<br>Per aix\u00f2 La Uni\u00f3 ha sol\u00b7licitat algunes adaptacions com una flexibilitzaci\u00f3 de les normes sobre biodiversitat. El Decret 1048\/2022 imposa criteris de biodiversitat que no s&#8217;ajusten a les caracter\u00edstiques de l&#8217;olivar valenci\u00e0. En aquest entorn, la vegetaci\u00f3 aut\u00f2ctona ja compleix funcions vitals per a la conservaci\u00f3 del medi ambient i actualment no es contemplen en la normativa estatal. L&#8217;organitzaci\u00f3 demana que es reconeguen aquests elements naturals dins de l&#8217;eco-r\u00e8gim perqu\u00e8 els olivarers puguen accedir a les ajudes en igualtat de condicions. Tamb\u00e9 ha demanat una adaptaci\u00f3 de la normativa sobre cobertures vegetals. En moltes zones de la Comunitat Valenciana, el sistema de cultiu tradicional i les condicions clim\u00e0tiques, com \u00e9s el fort vent, exigeixen la recol\u00b7lecci\u00f3 directa del s\u00f2l. Aix\u00f2 implica la necessitat de mantindre el terreny lliure de vegetaci\u00f3 durant la collita. La Uni\u00f3 ha traslladat que es permeta la retirada temporal de les cobertes vegetals per a facilitar la recol\u00b7lecci\u00f3, sense que aix\u00f2 implique la p\u00e8rdua d&#8217;ajudes.<br>Sim\u00f3 afirma que \u201csi no s&#8217;escometen canvis en la PAC, moltes explotacions olivareres corren el risc de desapar\u00e9ixer, afectant greument l&#8217;economia rural valenciana\u201d. La Uni\u00f3 alerta que aquesta situaci\u00f3 tamb\u00e9 podria provocar la p\u00e8rdua de la biodiversitat local i la despoblaci\u00f3 d&#8217;\u00e0rees rurals, ja que l&#8217;agricultura \u00e9s un dels principals motors econ\u00f2mics d&#8217;aquestes zones. A m\u00e9s, perqu\u00e8 el sector de l&#8217;oli continue sent atractiu per als joves, \u00e9s fonamental que s&#8217;adapten les normatives a la realitat del cultiu en la Comunitat Valenciana. La Uni\u00f3 continuar\u00e0 lluitant per una PAC justa que atenga les necessitats de l&#8217;olivar valenci\u00e0 i reclama una resposta immediata per part de les autoritats. \u201cNom\u00e9s amb una adaptaci\u00f3 adequada es podr\u00e0 garantir la competitivitat i sostenibilitat d&#8217;un sector clau per al camp valenci\u00e0\u201d, indica l&#8217;organitzaci\u00f3.<\/p>\n","protected":false},"excerpt":{"rendered":"<div class=\"mh-excerpt\">La p\u00e8rdua d\u2019ingressos per als productors ser\u00e0 de m\u00e9s de 49 milions d\u2019euros. La Uni\u00f3 preveu aquesta campanya una producci\u00f3 d&#8217;olives en la Comunitat Valenciana d&#8217;al voltant de 35.500 tones, m\u00e9s baixa encara que l&#8217;anterior <a class=\"mh-excerpt-more\" href=\"https:\/\/tucomarca.whitekongsoftware.com\/ca\/la-unio-assegura-que-la-collita-dolives-daquesta-campanya-caura-un-68-en-la-comunitat-sobre-la-mitjana-de-les-ultimes-pels-efectes-de-la-sequera\/\" title=\"La Uni\u00f3 assegura que la collita d&#8217;olives d&#8217;aquesta campanya caur\u00e0 un 68% en la Comunitat sobre la mitjana de les \u00faltimes pels efectes de la sequera\">[+] <\/a><\/div>\n","protected":false},"author":12,"featured_media":236972,"comment_status":"open","ping_status":"open","sticky":false,"template":"","format":"standard","meta":{"footnotes":""},"categories":[10905,10951,10898,10948,10894,10904,10903,10909,10896],"tags":[21213,17606,18022],"class_list":["post-236973","post","type-post","status-publish","format-standard","has-post-thumbnail","category-agricultura-la-comarca-ca","category-ayora-cofrentes-ca","category-ventana-ca","category-infraestructuras-ca","category-la-comarca-ca","category-sin-categorizar-ca","category-medio-ambiente-la-comarca-ca","category-requena-utiel-ca","category-seccion-ca","tag-ayudas-pac-ca","tag-cosecha-de-aceitunas-ca","tag-la-unio-llauradora-ca"],"_links":{"self":[{"href":"https:\/\/tucomarca.whitekongsoftware.com\/ca\/wp-json\/wp\/v2\/posts\/236973","targetHints":{"allow":["GET"]}}],"collection":[{"href":"https:\/\/tucomarca.whitekongsoftware.com\/ca\/wp-json\/wp\/v2\/posts"}],"about":[{"href":"https:\/\/tucomarca.whitekongsoftware.com\/ca\/wp-json\/wp\/v2\/types\/post"}],"author":[{"embeddable":true,"href":"https:\/\/tucomarca.whitekongsoftware.com\/ca\/wp-json\/wp\/v2\/users\/12"}],"replies":[{"embeddable":true,"href":"https:\/\/tucomarca.whitekongsoftware.com\/ca\/wp-json\/wp\/v2\/comments?post=236973"}],"version-history":[{"count":0,"href":"https:\/\/tucomarca.whitekongsoftware.com\/ca\/wp-json\/wp\/v2\/posts\/236973\/revisions"}],"wp:featuredmedia":[{"embeddable":true,"href":"https:\/\/tucomarca.whitekongsoftware.com\/ca\/wp-json\/wp\/v2\/media\/236972"}],"wp:attachment":[{"href":"https:\/\/tucomarca.whitekongsoftware.com\/ca\/wp-json\/wp\/v2\/media?parent=236973"}],"wp:term":[{"taxonomy":"category","embeddable":true,"href":"https:\/\/tucomarca.whitekongsoftware.com\/ca\/wp-json\/wp\/v2\/categories?post=236973"},{"taxonomy":"post_tag","embeddable":true,"href":"https:\/\/tucomarca.whitekongsoftware.com\/ca\/wp-json\/wp\/v2\/tags?post=236973"}],"curies":[{"name":"wp","href":"https:\/\/api.w.org\/{rel}","templated":true}]}}