{"id":236958,"date":"2024-09-17T09:45:00","date_gmt":"2024-09-17T07:45:00","guid":{"rendered":"https:\/\/www.tucomarca.com\/wordpress\/segunda\/?p=236958"},"modified":"2024-09-17T10:17:12","modified_gmt":"2024-09-17T08:17:12","slug":"el-pp-critica-el-nou-sistema-de-recollida-descombraries-a-leliana-i-demana-la-renovacio-dels-contenidors","status":"publish","type":"post","link":"https:\/\/tucomarca.whitekongsoftware.com\/ca\/el-pp-critica-el-nou-sistema-de-recollida-descombraries-a-leliana-i-demana-la-renovacio-dels-contenidors\/","title":{"rendered":"El PP critica el nou sistema de recollida d&#8217;escombraries a l&#8217;Eliana i demana la renovaci\u00f3 dels contenidors"},"content":{"rendered":"\n<h3 class=\"wp-block-heading\">Mar\u00eda Jos\u00e9 Marco es mostra cr\u00edtica amb la recollida d&#8217;escombraries porta a porta &#8220;hi ha altres maneres m\u00e9s eficaces de reciclar&#8221;.<\/h3>\n\n\n\n<h3 class=\"wp-block-heading\">Els contendores grisos causen danys a usuaris per no tindre l&#8217;obligada caiguda esmorte\u00efda que exigeix el PP.<\/h3>\n\n\n\n<h3 class=\"wp-block-heading\">PSOE i Comprom\u00eds voten en contra de la moci\u00f3 perqu\u00e8 els contenidors complisquen la normativa vigent.<\/h3>\n\n\n\n<p class=\"wp-block-paragraph\">El Partit Popular de l&#8217;Eliana ha sol\u00b7licitat \u201cque es retiren de la via p\u00fablica amb car\u00e0cter urgent els contenidors de color gris, per a la recollida de la RESTA, instal\u00b7lats recentment en el nostre municipi, aix\u00ed com qualsevol altre el mecanisme d&#8217;obertura del qual de la tapa no dispose d&#8217;un sistema de seguretat que impedisca la caiguda accidental de la mateixa sobre els usuaris, i que se substitu\u00efsquen per uns altres que estiguen dotats dels sistemes de seguretat adequats\u201d. Els contenidors instal\u00b7lats per l&#8217;empresa concession\u00e0ria que retira les escombraries han de complir amb uns m\u00ednims de seguretat per normativa i contracte, no obstant aix\u00f2, no compleixen.<\/p>\n\n\n\n<p class=\"wp-block-paragraph\">El plec de prescripcions t\u00e8cniques estableix que: Han de disposar d&#8217;un sistema d&#8217;amortiment d&#8217;obertura i tancament de la tapa. Han de complir amb la norma UNE EN-840-6 que diu textualment:<\/p>\n\n\n\n<ul class=\"wp-block-list\">\n<li>10.1 \u201cLes tapes planes no han de danyar els dits\u201d<\/li>\n\n\n\n<li>10.2 \u201cEls contenidors amb tapes de tancament assistit han d&#8217;estar equipats amb un dispositiu que assegure que la tapa no puga causar lesions durant el seu moviment\u201d.<\/li>\n<\/ul>\n\n\n<div class=\"wp-block-image\">\n<figure class=\"alignleft size-large is-resized\"><img loading=\"lazy\" decoding=\"async\" width=\"768\" height=\"1024\" src=\"https:\/\/www.tucomarca.com\/wordpress\/segunda\/wp-content\/uploads\/2024\/09\/PPEliana2-768x1024.jpg\" alt=\"\" class=\"wp-image-236944\" style=\"width:292px;height:auto\" srcset=\"https:\/\/tucomarca.whitekongsoftware.com\/wp-content\/uploads\/2024\/09\/PPEliana2-768x1024.jpg 768w, https:\/\/tucomarca.whitekongsoftware.com\/wp-content\/uploads\/2024\/09\/PPEliana2-225x300.jpg 225w, https:\/\/tucomarca.whitekongsoftware.com\/wp-content\/uploads\/2024\/09\/PPEliana2.jpg 886w\" sizes=\"auto, (max-width: 768px) 100vw, 768px\" \/><\/figure>\n<\/div>\n\n\n<p class=\"wp-block-paragraph\">Els contenidors de RESTA instal\u00b7lats no compleixen amb les exig\u00e8ncies del plec de prescripcions t\u00e8cniques, ja que no disposen de cap sistema d&#8217;amortiment del tancament de la tapa i com a conseq\u00fc\u00e8ncia ja han provocat alguns accidents de consideraci\u00f3.<\/p>\n\n\n\n<p class=\"wp-block-paragraph\">Malgrat demostrar documentalment que no es compleixen les prescripcions t\u00e8cniques del plec ni la norma UNE EN-840-6 i d&#8217;haver mostrat, en el ple, la foto amb els dits danyats d&#8217;un dels ve\u00efns afectats, l&#8217;equip de govern PSOE-COMPROMIS va votar en contra de la proposta del Partit Popular.<\/p>\n\n\n\n<p class=\"wp-block-paragraph\">Mar\u00eda Jos\u00e9 Marco, portaveu del PP a l&#8217;Eliana, comenta que &#8220;els contenidors incompleixen el contracte amb l&#8217;Ajuntament i la normativa de seguretat, no entenem perqu\u00e8 el PSOE i Comprom\u00eds voten en contra d&#8217;exigir els que ens toca per llei i que \u00e9s bo per als ve\u00efns de l&#8217;Eliana. El nou servei d&#8217;escombraries \u00e9s un desastre i un caos i els contenidors perillosos&#8221; i conclou &#8220;continuarem exigint un nou model i que es complisca la normativa, encara que l&#8217;equip de govern s&#8217;obstine a defensar-lo&#8221;. La portaveu popular s&#8217;ha mostrat molt cr\u00edtica amb la recollida d&#8217;escombraries porta a porta &#8220;hi ha altres maneres m\u00e9s eficaces de reciclar&#8221;.<\/p>\n\n\n\n<p class=\"wp-block-paragraph\">La\u00edn Navarro, regidor del PP i responsable de l&#8217;\u00e0rea, va sol\u00b7licitar les certificacions t\u00e8cniques i assegura que ha pogut comprovar que estan caducats des de l&#8217;any 2022. Segons Navarro \u201cel Partit Popular continuar\u00e0 treballant perqu\u00e8 L&#8217;Eliana tinga uns contenidors completament segurs per als nostres ve\u00efns, no entenc l&#8217;afany del PSOE i Comprom\u00eds per situar sempre els interessos d&#8217;empreses privades per davant dels ciutadans del nostre poble&#8221;.<\/p>\n","protected":false},"excerpt":{"rendered":"<div class=\"mh-excerpt\">Mar\u00eda Jos\u00e9 Marco es mostra cr\u00edtica amb la recollida d&#8217;escombraries porta a porta &#8220;hi ha altres maneres m\u00e9s eficaces de reciclar&#8221;. Els contendores grisos causen danys a usuaris per no tindre l&#8217;obligada caiguda esmorte\u00efda que <a class=\"mh-excerpt-more\" href=\"https:\/\/tucomarca.whitekongsoftware.com\/ca\/el-pp-critica-el-nou-sistema-de-recollida-descombraries-a-leliana-i-demana-la-renovacio-dels-contenidors\/\" title=\"El PP critica el nou sistema de recollida d&#8217;escombraries a l&#8217;Eliana i demana la renovaci\u00f3 dels contenidors\">[+] <\/a><\/div>\n","protected":false},"author":12,"featured_media":236948,"comment_status":"open","ping_status":"open","sticky":false,"template":"","format":"standard","meta":{"footnotes":""},"categories":[10892,10948,10894,10893,10903,10947,10896],"tags":[10395,645,10433,11657],"class_list":["post-236958","post","type-post","status-publish","format-standard","has-post-thumbnail","category-camp-de-turia-ca","category-infraestructuras-ca","category-la-comarca-ca","category-leliana-ca","category-medio-ambiente-la-comarca-ca","category-politica","category-seccion-ca","tag-camp-de-turia","tag-contenedores","tag-leliana","tag-pp-leliana"],"_links":{"self":[{"href":"https:\/\/tucomarca.whitekongsoftware.com\/ca\/wp-json\/wp\/v2\/posts\/236958","targetHints":{"allow":["GET"]}}],"collection":[{"href":"https:\/\/tucomarca.whitekongsoftware.com\/ca\/wp-json\/wp\/v2\/posts"}],"about":[{"href":"https:\/\/tucomarca.whitekongsoftware.com\/ca\/wp-json\/wp\/v2\/types\/post"}],"author":[{"embeddable":true,"href":"https:\/\/tucomarca.whitekongsoftware.com\/ca\/wp-json\/wp\/v2\/users\/12"}],"replies":[{"embeddable":true,"href":"https:\/\/tucomarca.whitekongsoftware.com\/ca\/wp-json\/wp\/v2\/comments?post=236958"}],"version-history":[{"count":0,"href":"https:\/\/tucomarca.whitekongsoftware.com\/ca\/wp-json\/wp\/v2\/posts\/236958\/revisions"}],"wp:featuredmedia":[{"embeddable":true,"href":"https:\/\/tucomarca.whitekongsoftware.com\/ca\/wp-json\/wp\/v2\/media\/236948"}],"wp:attachment":[{"href":"https:\/\/tucomarca.whitekongsoftware.com\/ca\/wp-json\/wp\/v2\/media?parent=236958"}],"wp:term":[{"taxonomy":"category","embeddable":true,"href":"https:\/\/tucomarca.whitekongsoftware.com\/ca\/wp-json\/wp\/v2\/categories?post=236958"},{"taxonomy":"post_tag","embeddable":true,"href":"https:\/\/tucomarca.whitekongsoftware.com\/ca\/wp-json\/wp\/v2\/tags?post=236958"}],"curies":[{"name":"wp","href":"https:\/\/api.w.org\/{rel}","templated":true}]}}