{"id":236933,"date":"2024-09-16T08:55:00","date_gmt":"2024-09-16T06:55:00","guid":{"rendered":"https:\/\/www.tucomarca.com\/wordpress\/segunda\/?p=236933"},"modified":"2024-09-16T18:39:45","modified_gmt":"2024-09-16T16:39:45","slug":"xest-acull-la-segona-edicio-de-reviscola-la-foia","status":"publish","type":"post","link":"https:\/\/tucomarca.whitekongsoftware.com\/ca\/xest-acull-la-segona-edicio-de-reviscola-la-foia\/","title":{"rendered":"Xest acull la segona edici\u00f3 de Reviscola La Foia"},"content":{"rendered":"\n<p class=\"wp-block-paragraph\">Xest ha inaugurat la segona edici\u00f3 de Reviscola La Foia, unes jornades divulgatives sobre el Patrimoni de la comarca, organitzades des de la Federaci\u00f3 d\u2019Instituts d\u2019Estudis del Pa\u00eds Valenci\u00e0, juntament amb les regidories de Cultura i Medi Ambient de l&#8217;Ajuntament de Xest i l&#8217;Institut d&#8217;Estudis Comarcals (IEC) de la Foia de Bunyol-Xiva.<\/p>\n\n\n\n<p class=\"wp-block-paragraph\">L&#8217;acte, que va tindre lloc divendres passat, 13 de setembre, va ser condu\u00eft per Manel Pastor, secretari de l&#8217;IEC La Foia, qui va explicar la finalitat i l&#8217;origen de les jornades. \u201cL&#8217;objecte de Reviscola \u00e9s fer honor al significat d&#8217;aquesta paraula valenciana, arreplegant eixa idea de reanimar-se, agafar forces i tirar cap avant\u201d, explicava l&#8217;historiador. \u201cEn les primeres jornades abordem tem\u00e0tiques com la m\u00fasica popular i la gastronomia i debatem sobre la joventut a la comarca; dos anys despr\u00e9s reprenem la iniciativa, repetint amb la tem\u00e0tica del Patrimoni, perqu\u00e8 \u00e9s molt \u00e0mplia, i tamb\u00e9 despr\u00e9s d&#8217;haver detectat una sensibilitat especial per alguns elements patrimonials de la comarca; en aquesta ocasi\u00f3 abordarem el Patrimoni natural i, al desembre, parlarem sobre el Patrimoni Cultural, material i immaterial\u201d.<\/p>\n\n\n\n<figure class=\"wp-block-gallery has-nested-images columns-default is-cropped wp-block-gallery-1 is-layout-flex wp-block-gallery-is-layout-flex\">\n<figure class=\"wp-block-image size-large\"><img loading=\"lazy\" decoding=\"async\" width=\"1024\" height=\"682\" data-id=\"236926\" src=\"https:\/\/www.tucomarca.com\/wordpress\/segunda\/wp-content\/uploads\/2024\/09\/Cheste_Reviscola-La-Hoya_6-1024x682.jpg\" alt=\"\" class=\"wp-image-236926\" srcset=\"https:\/\/tucomarca.whitekongsoftware.com\/wp-content\/uploads\/2024\/09\/Cheste_Reviscola-La-Hoya_6-1024x682.jpg 1024w, https:\/\/tucomarca.whitekongsoftware.com\/wp-content\/uploads\/2024\/09\/Cheste_Reviscola-La-Hoya_6-300x200.jpg 300w, https:\/\/tucomarca.whitekongsoftware.com\/wp-content\/uploads\/2024\/09\/Cheste_Reviscola-La-Hoya_6-768x512.jpg 768w, https:\/\/tucomarca.whitekongsoftware.com\/wp-content\/uploads\/2024\/09\/Cheste_Reviscola-La-Hoya_6.jpg 1181w\" sizes=\"auto, (max-width: 1024px) 100vw, 1024px\" \/><\/figure>\n\n\n\n<figure class=\"wp-block-image size-large\"><img loading=\"lazy\" decoding=\"async\" width=\"1024\" height=\"682\" data-id=\"236929\" src=\"https:\/\/www.tucomarca.com\/wordpress\/segunda\/wp-content\/uploads\/2024\/09\/Cheste_Reviscola-La-Hoya_5-1-1024x682.jpg\" alt=\"\" class=\"wp-image-236929\" srcset=\"https:\/\/tucomarca.whitekongsoftware.com\/wp-content\/uploads\/2024\/09\/Cheste_Reviscola-La-Hoya_5-1-1024x682.jpg 1024w, https:\/\/tucomarca.whitekongsoftware.com\/wp-content\/uploads\/2024\/09\/Cheste_Reviscola-La-Hoya_5-1-300x200.jpg 300w, https:\/\/tucomarca.whitekongsoftware.com\/wp-content\/uploads\/2024\/09\/Cheste_Reviscola-La-Hoya_5-1-768x512.jpg 768w, https:\/\/tucomarca.whitekongsoftware.com\/wp-content\/uploads\/2024\/09\/Cheste_Reviscola-La-Hoya_5-1.jpg 1181w\" sizes=\"auto, (max-width: 1024px) 100vw, 1024px\" \/><\/figure>\n<\/figure>\n\n\n\n<p class=\"wp-block-paragraph\"><strong>Discursos d&#8217;inauguraci\u00f3<\/strong><br>La inauguraci\u00f3 de les jornades va comptar amb la participaci\u00f3 de l&#8217;alcalde de Xest, Jos\u00e9 Morell; la regidora de Cultura, M\u00aa \u00c1ngeles Llorente, i el director t\u00e8cnic de la Federaci\u00f3 d&#8217;Instituts d&#8217;Estudis Comarcals del Pa\u00eds Valenci\u00e0, Andreu Gin\u00e9s.<\/p>\n\n\n\n<p class=\"wp-block-paragraph\">En les seues intervencions, tant l&#8217;alcalde com la regidora, van destacar la labor dels instituts d&#8217;estudis comarcals de la Comunitat i van reivindicar la necessitat de finan\u00e7ament p\u00fablic per a aquestes entitats. \u201cCon\u00e9ixer el nostre Patrimoni \u00e9s con\u00e9ixer la nostra Hist\u00f2ria, i aix\u00f2 \u00e9s una cosa molt important per a l&#8217;Ajuntament, perqu\u00e8 ens serveix per a posar en valor la nostra identitat i tamb\u00e9 perqu\u00e8 aporta riquesa a la comunitat en el seu conjunt, per\u00f2 sobretot, ens ajuda a promoure una ciutadania activa i informada\u201d, explicava Morell. \u201cNo obstant aix\u00f2, ara mateix, part de les ajudes p\u00fabliques que permeten que els instituts d&#8217;estudis comarcals de la Comunitat desenvolupen la seua labor estan en perill. \u00c9s necessari fer costat a institucions com aquestes i vull que sigueu coneixedors que nosaltres, des de l&#8217;Ajuntament, en la mesura que siga possible, continuarem fent-lo\u201d, explicava Morell.<\/p>\n\n\n\n<p class=\"wp-block-paragraph\">\u201cGr\u00e0cies a les persones que ens acompanyen hui, pel seu treball altruista; perqu\u00e8 totes aquestes associacions i instituts es mantenen gr\u00e0cies a l&#8217;esfor\u00e7 de molta gent que ofereix el seu temps i espai per a col\u00b7laborar, i aix\u00f2 \u00e9s molt d&#8217;agrair, perqu\u00e8 la Cultura \u00e9s important\u00edssima i hui estem davant una activitat cultural de primer ordre\u201d, apuntava la regidora de Cultura. \u201cEn aquest sentit, nosaltres, com a Ajuntament de Xest, hem col\u00b7laborat sempre amb l&#8217;Institut d&#8217;Estudis Comarcals en tot el que ens han plantejat, per\u00f2 a part, tamb\u00e9 des de l&#8217;Ajuntament els hem plantejat a ells m\u00faltiples iniciatives; potser un punt a explorar serien els centres educatius de Prim\u00e0ria, on hi ha molt\u00edssima faena que realitzar. Jo els convide que comencem a col\u00b7laborar en eixa via. El Patrimoni Cultural ens pertany a tots i a totes i per aix\u00f2 t\u00e9 dret a ser finan\u00e7ada la seua investigaci\u00f3, posada en valor i difusi\u00f3 per part de les institucions p\u00fabliques\u201d, finalitzava Llorente.<\/p>\n\n\n\n<p class=\"wp-block-paragraph\">Per part seua, el director t\u00e8cnic de la Federaci\u00f3 d&#8217;Instituts d&#8217;Estudis Comarcals del Pa\u00eds Valenci\u00e0, Andreu Gin\u00e9s, va aprofundir en la finalitat del projecte Reviscola La Foia. \u201cEn aquesta edici\u00f3 volem reflexionar tant sobre el Patrimoni Natural, com sobre l&#8217;el Patrimoni Cultural, material i immaterial, amb l&#8217;objectiu de posar el focus en aquells elements que tal vegada s\u00f3n menys coneguts, que estan m\u00e9s amena\u00e7ats i que, en definitiva, necessiten un poc de la nostra atenci\u00f3 per a assegurar-nos que no desapareguen; es tracta de reivindicar el Patrimoni i, a trav\u00e9s d&#8217;ell, millorar la nostra societat, i aix\u00f2 \u00e9s el que hui ens reuneix a tots #ac\u00ed\u201d, manifestava Gin\u00e9s.<\/p>\n\n\n\n<p class=\"wp-block-paragraph\"><strong>Taula redona<\/strong><br>Despr\u00e9s de la benvinguda va tindre lloc una taula redona en la qual van participar els experts Emilio Laguna, director del CIEF (Centre per a la Investigaci\u00f3 i Experimentaci\u00f3 Forestal), Gabriel Ballester, director del Parc Natural de Xera-Sot de Xera, i Ricardo Barber\u00e1, t\u00e8cnic d&#8217;arbres monumentals del CIEF. Laguna i Ballester van desgranar els espais protegits de la comarca, van posar en valor els elements naturals m\u00e9s destacats i van reflexionar sobre la necessitat d&#8217;incrementar les mesures de protecci\u00f3. Barber\u00e1, per part seua, va oferir dades sobre el patrimoni arbori de La Foia, detenint-se en els exemplars m\u00e9s valuosos.<\/p>\n\n\n\n<p class=\"wp-block-paragraph\"><strong>Experi\u00e8ncies<\/strong><br>En la segona part de la jornada, Vicente Serena, t\u00e8cnic forestal i membre de la Plataforma per a la defensa i protecci\u00f3 de la Serra de Xiva, va exposar la labor de l&#8217;entitat per a la conservaci\u00f3 del territori, destacant activitats d&#8217;educaci\u00f3 ambiental en els centres educatius, rutes guiades, catalogaci\u00f3 de monuments de pedra en sec o cens i seguiment de rapinyaires, entre moltes altres.<\/p>\n\n\n\n<p class=\"wp-block-paragraph\">L&#8217;acte es va tancar amb la projecci\u00f3 del documental La mem\u00f2ria dels nostres arbres, un projecte de l&#8217;educadora mediambiental Sandra Fraile que t\u00e9 com a objectiu conscienciar a la poblaci\u00f3 sobre el valor dels arbres, a trav\u00e9s de la recopilaci\u00f3 d&#8217;hist\u00f2ries viscudes entorn d&#8217;exemplars singulars de Xest.<\/p>\n\n\n\n<p class=\"wp-block-paragraph\"><strong>Altres activitats<\/strong><br>El dissabte, 14 de setembre, els t\u00e8cnics Vicente Serena i Sandra Fraile van realitzar un recorregut guiat titulat \u201cEl Pa\u00eds de les Garroferas\u201d, activitat amb la qual es van donar per concloses les jornades de Patrimoni Natural.<\/p>\n\n\n\n<p class=\"wp-block-paragraph\">Els dies 13 i 14 de desembre de 2024, el projecte Reviscola La Foia es tornar\u00e0 a celebrar a Xest, amb un programa que contempla confer\u00e8ncies, taules redones, rutes, visites guiades i exposicions que abordaran diferents aspectes del Patrimoni Cultural, material i immaterial, de la comarca.<\/p>\n","protected":false},"excerpt":{"rendered":"<div class=\"mh-excerpt\">Xest ha inaugurat la segona edici\u00f3 de Reviscola La Foia, unes jornades divulgatives sobre el Patrimoni de la comarca, organitzades des de la Federaci\u00f3 d\u2019Instituts d\u2019Estudis del Pa\u00eds Valenci\u00e0, juntament amb les regidories de Cultura <a class=\"mh-excerpt-more\" href=\"https:\/\/tucomarca.whitekongsoftware.com\/ca\/xest-acull-la-segona-edicio-de-reviscola-la-foia\/\" title=\"Xest acull la segona edici\u00f3 de Reviscola La Foia\">[+] <\/a><\/div>\n","protected":false},"author":12,"featured_media":236920,"comment_status":"open","ping_status":"open","sticky":false,"template":"","format":"gallery","meta":{"footnotes":""},"categories":[10894,10912,11007,10896,10974],"tags":[11071,10914,21208],"class_list":["post-236933","post","type-post","status-publish","format-gallery","has-post-thumbnail","category-la-comarca-ca","category-la-hoya-ca","category-ocio-y-cultura-ca","category-seccion-ca","category-cheste-ca","tag-cheste","tag-la-hoya-de-bunol-chiva-ca","tag-reviscola-la-hoya-ca","post_format-post-format-gallery"],"_links":{"self":[{"href":"https:\/\/tucomarca.whitekongsoftware.com\/ca\/wp-json\/wp\/v2\/posts\/236933","targetHints":{"allow":["GET"]}}],"collection":[{"href":"https:\/\/tucomarca.whitekongsoftware.com\/ca\/wp-json\/wp\/v2\/posts"}],"about":[{"href":"https:\/\/tucomarca.whitekongsoftware.com\/ca\/wp-json\/wp\/v2\/types\/post"}],"author":[{"embeddable":true,"href":"https:\/\/tucomarca.whitekongsoftware.com\/ca\/wp-json\/wp\/v2\/users\/12"}],"replies":[{"embeddable":true,"href":"https:\/\/tucomarca.whitekongsoftware.com\/ca\/wp-json\/wp\/v2\/comments?post=236933"}],"version-history":[{"count":0,"href":"https:\/\/tucomarca.whitekongsoftware.com\/ca\/wp-json\/wp\/v2\/posts\/236933\/revisions"}],"wp:featuredmedia":[{"embeddable":true,"href":"https:\/\/tucomarca.whitekongsoftware.com\/ca\/wp-json\/wp\/v2\/media\/236920"}],"wp:attachment":[{"href":"https:\/\/tucomarca.whitekongsoftware.com\/ca\/wp-json\/wp\/v2\/media?parent=236933"}],"wp:term":[{"taxonomy":"category","embeddable":true,"href":"https:\/\/tucomarca.whitekongsoftware.com\/ca\/wp-json\/wp\/v2\/categories?post=236933"},{"taxonomy":"post_tag","embeddable":true,"href":"https:\/\/tucomarca.whitekongsoftware.com\/ca\/wp-json\/wp\/v2\/tags?post=236933"}],"curies":[{"name":"wp","href":"https:\/\/api.w.org\/{rel}","templated":true}]}}