{"id":236906,"date":"2024-09-16T12:00:00","date_gmt":"2024-09-16T10:00:00","guid":{"rendered":"https:\/\/www.tucomarca.com\/wordpress\/segunda\/?p=236906"},"modified":"2024-09-16T14:17:41","modified_gmt":"2024-09-16T12:17:41","slug":"la-diputacio-de-valencia-i-aras-de-los-olmos-impulsen-la-creacio-dun-centre-dinnovacio-territorial-cit-amb-suport-del-ministeri","status":"publish","type":"post","link":"https:\/\/tucomarca.whitekongsoftware.com\/ca\/la-diputacio-de-valencia-i-aras-de-los-olmos-impulsen-la-creacio-dun-centre-dinnovacio-territorial-cit-amb-suport-del-ministeri\/","title":{"rendered":"La Diputaci\u00f3 de Val\u00e8ncia i Aras de los Olmos impulsen la creaci\u00f3 d&#8217;un Centre d&#8217;Innovaci\u00f3 Territorial (CIT) amb suport del Ministeri"},"content":{"rendered":"\n<h3 class=\"wp-block-heading\">Avelino Mascarell, diputat responsable de Desenvolupament Rural, i Rafael Gim\u00e9nez, alcalde d&#8217;Aras de los Olmos, es reunixen a Madrid amb Francesc Boya, secretari general de Repte Demogr\u00e0fic, per a col\u00b7laborar en la posada en marxa del primer CIT en la Comunitat Valenciana.<\/h3>\n\n\n\n<p class=\"wp-block-paragraph\">L&#8217;\u00e0rea de Desenvolupament Rural de la Diputaci\u00f3 de Val\u00e8ncia promour\u00e0 la creaci\u00f3 en Aras de los Olmos d&#8217;un Centre d&#8217;Innovaci\u00f3 Territorial (CIT) integrat en la xarxa coordinada pel Ministeri per a la Transici\u00f3 Ecol\u00f2gica i el Repte Demogr\u00e0fic, per a impulsar accions orientades al desenvolupament dels municipis rurals de la prov\u00edncia de Val\u00e8ncia.<\/p>\n\n\n\n<p class=\"wp-block-paragraph\">Amb eixe objectiu, el diputat de Desenvolupament Rural, Avelino Mascarell, i l&#8217;alcalde d&#8217;Aras de los Olmos, Rafael Gim\u00e9nez, han mantingut una reuni\u00f3 de treball amb Francesc Boya, secretari general del Repte Demogr\u00e0fic, en la qual s&#8217;han abordat les claus d&#8217;estos centres, aix\u00ed com els criteris del Ministeri per a la seua distribuci\u00f3 territorial.<\/p>\n\n\n\n<p class=\"wp-block-paragraph\">Una de les conclusions de l\u2019encontre ha sigut la voluntat de les dos parts, Ministeri i Diputaci\u00f3, d&#8217;establir un marc de col\u00b7laboraci\u00f3 per a avan\u00e7ar en la possibilitat d&#8217;instal\u00b7lar en este municipi de la Serran\u00eda el que seria primer CIT situat en la Comunitat Valenciana. Aix\u00f2 es traduiria, tal com explica Avelino Mascarell, \u201cen un conveni de cofinan\u00e7ament entre el Ministeri i la Diputaci\u00f3, que es complementaria amb un altre entre la instituci\u00f3 provincial i l&#8217;ajuntament d\u2019Aras, amb l&#8217;objectiu de poder subscriure&#8217;l en el pr\u00f2xim exercici\u201d.<\/p>\n\n\n\n<p class=\"wp-block-paragraph\">El diputat explica que \u201cels centres d&#8217;innovaci\u00f3 territorial estan totalment alineats amb les \u00e0rees d&#8217;acci\u00f3 en les quals treballa la Diputaci\u00f3 en mat\u00e8ria de desenvolupament rural\u201d i especifica que \u201cla participaci\u00f3 de la Diputaci\u00f3 en el CIT permetr\u00e0 una major projecci\u00f3 en el temps, i que les iniciatives que es desenvolupen all\u00ed es puguen beneficiar d&#8217;altres projectes que ja estan en funcionament com la mentoria rural, l&#8217;atracci\u00f3 de fam\u00edlies europees a trav\u00e9s del programa Rural Life o les iniciatives auton\u00f2miques de col\u00b7locaci\u00f3 professional.\u201d<\/p>\n\n\n\n<p class=\"wp-block-paragraph\">\u201cLa lluita contra la despoblaci\u00f3 \u00e9s una carrera de llarga dist\u00e0ncia -afig Avelino Mascarell-. Totes les administracions hem de ser conscients que els reptes de l&#8217;Espanya buidada han d&#8217;abordar-se de manera transversal i confrontar-se amb estrat\u00e8gies a mitj\u00e0 i llarg termini. No es tracta de subvencionar a fons perdut, sin\u00f3 de reaccionar a la necessitat immediata de pobles i persones per\u00f2 descobrint, facilitant i treballant en projectes viables i sostenibles, capa\u00e7os d&#8217;autofinan\u00e7ar-se en un per\u00edode raonable.\u201d<\/p>\n\n\n\n<p class=\"wp-block-paragraph\"><strong>RuralTEC com a punt de partida<\/strong><\/p>\n\n\n\n<p class=\"wp-block-paragraph\">L&#8217;ajuntament d&#8217;Aras de los Olmos forma part, junt amb la \u2018Fundaci\u00f3n El Olmo\u2019, del Consorci RuralTEC, concebut per a la posada en marxa d&#8217;un espai d&#8217;innovaci\u00f3 rural que impulse el seu entorn, amb atenci\u00f3 a les concretes infraestructures, productes, servicis, i altres recursos i medis naturals, humans i log\u00edstics de qu\u00e8 disposen.<\/p>\n\n\n\n<p class=\"wp-block-paragraph\">\u201cEl projecte RuralTEC -indica Avelino Mascarell- compta ja amb un equip t\u00e8cnic que coneix a fons les diferents l\u00ednies d&#8217;acci\u00f3 que podrien partir del CIT, la qual cosa suposa un actiu m\u00e9s per a la candidatura perqu\u00e8 permetria potenciar les seues activitats centrant-se en l&#8217;entorn rural de tota la prov\u00edncia\u201d.<\/p>\n\n\n\n<p class=\"wp-block-paragraph\"><strong>Centres CIT per tota Espanya<\/strong><\/p>\n\n\n\n<p class=\"wp-block-paragraph\">Els Centres d&#8217;Innovaci\u00f3 Territorial (CIT) es plantegen com a motors per a la dinamitzaci\u00f3, innovaci\u00f3 i emprenedoria en clau rural, fomentant el desenvolupament socioecon\u00f2mic local i la col\u00b7laboraci\u00f3 entre actors p\u00fablics i privats.<\/p>\n\n\n\n<p class=\"wp-block-paragraph\">Estes infraestructures se situen en zones rurals que afronten els reptes de despoblaci\u00f3, no sols propiciant arrelament a trav\u00e9s dels emprenedors que desenvolupen all\u00ed els seus projectes, sin\u00f3 tamb\u00e9 generant atracci\u00f3 perqu\u00e8 eixes idees cristal\u00b7litzen en el propi entorn, dinamitzant tot l&#8217;\u00e0rea d&#8217;influ\u00e8ncia del CIT.<\/p>\n\n\n\n<p class=\"wp-block-paragraph\">La seua estrat\u00e8gia s&#8217;incardina en tres grans eixos: potenciar les oportunitats de desenvolupament, incentivar la intel\u00b7lig\u00e8ncia col\u00b7lectiva i facilitar la cooperaci\u00f3 en les comunitats locals. Este ecosistema de co-creaci\u00f3 aspira a convertir-se en l&#8217;impuls de projectes ambiciosos, capa\u00e7os de refor\u00e7ar la cohesi\u00f3 social i territorial atesa l&#8217;especial idiosincr\u00e0sia del territori.<\/p>\n\n\n\n<p class=\"wp-block-paragraph\">Actualment formen part de la Xarxa CIT 10 centres a Ast\u00faries, Badajoz, C\u00e0ceres, Conca, Guadalajara, Ja\u00e9n, Lle\u00f3, Lleida, S\u00f2ria i Terol, coordinats des del node principal situat en Cubillos de Sil (Lle\u00f3) i amb la participaci\u00f3 de diputacions provincials i altres entitats de promoci\u00f3 del desenvolupament rural.<\/p>\n","protected":false},"excerpt":{"rendered":"<div class=\"mh-excerpt\">Avelino Mascarell, diputat responsable de Desenvolupament Rural, i Rafael Gim\u00e9nez, alcalde d&#8217;Aras de los Olmos, es reunixen a Madrid amb Francesc Boya, secretari general de Repte Demogr\u00e0fic, per a col\u00b7laborar en la posada en marxa <a class=\"mh-excerpt-more\" href=\"https:\/\/tucomarca.whitekongsoftware.com\/ca\/la-diputacio-de-valencia-i-aras-de-los-olmos-impulsen-la-creacio-dun-centre-dinnovacio-territorial-cit-amb-suport-del-ministeri\/\" title=\"La Diputaci\u00f3 de Val\u00e8ncia i Aras de los Olmos impulsen la creaci\u00f3 d&#8217;un Centre d&#8217;Innovaci\u00f3 Territorial (CIT) amb suport del Ministeri\">[+] <\/a><\/div>\n","protected":false},"author":12,"featured_media":236905,"comment_status":"open","ping_status":"open","sticky":false,"template":"","format":"standard","meta":{"footnotes":""},"categories":[11042,11046,10898,10948,10894,10947,10896],"tags":[14714,21205,21206,11246,11928,11080],"class_list":["post-236906","post","type-post","status-publish","format-standard","has-post-thumbnail","category-aras-de-olmos-ca","category-los-serranos-ca","category-ventana-ca","category-infraestructuras-ca","category-la-comarca-ca","category-politica","category-seccion-ca","tag-aras-de-los-olmos-ca","tag-centro-de-innovacion-terrotorial-ca","tag-cit-ca","tag-diputacio-de-valencia-ca","tag-la-serrania-ca","tag-los-serranos-ca"],"_links":{"self":[{"href":"https:\/\/tucomarca.whitekongsoftware.com\/ca\/wp-json\/wp\/v2\/posts\/236906","targetHints":{"allow":["GET"]}}],"collection":[{"href":"https:\/\/tucomarca.whitekongsoftware.com\/ca\/wp-json\/wp\/v2\/posts"}],"about":[{"href":"https:\/\/tucomarca.whitekongsoftware.com\/ca\/wp-json\/wp\/v2\/types\/post"}],"author":[{"embeddable":true,"href":"https:\/\/tucomarca.whitekongsoftware.com\/ca\/wp-json\/wp\/v2\/users\/12"}],"replies":[{"embeddable":true,"href":"https:\/\/tucomarca.whitekongsoftware.com\/ca\/wp-json\/wp\/v2\/comments?post=236906"}],"version-history":[{"count":0,"href":"https:\/\/tucomarca.whitekongsoftware.com\/ca\/wp-json\/wp\/v2\/posts\/236906\/revisions"}],"wp:featuredmedia":[{"embeddable":true,"href":"https:\/\/tucomarca.whitekongsoftware.com\/ca\/wp-json\/wp\/v2\/media\/236905"}],"wp:attachment":[{"href":"https:\/\/tucomarca.whitekongsoftware.com\/ca\/wp-json\/wp\/v2\/media?parent=236906"}],"wp:term":[{"taxonomy":"category","embeddable":true,"href":"https:\/\/tucomarca.whitekongsoftware.com\/ca\/wp-json\/wp\/v2\/categories?post=236906"},{"taxonomy":"post_tag","embeddable":true,"href":"https:\/\/tucomarca.whitekongsoftware.com\/ca\/wp-json\/wp\/v2\/tags?post=236906"}],"curies":[{"name":"wp","href":"https:\/\/api.w.org\/{rel}","templated":true}]}}