{"id":236877,"date":"2024-09-16T09:00:00","date_gmt":"2024-09-16T07:00:00","guid":{"rendered":"https:\/\/www.tucomarca.com\/wordpress\/segunda\/?p=236877"},"modified":"2024-09-16T13:26:45","modified_gmt":"2024-09-16T11:26:45","slug":"el-ivc-posa-a-la-venda-els-abonaments-dinici-de-temporada-del-teatre-principal","status":"publish","type":"post","link":"https:\/\/tucomarca.whitekongsoftware.com\/ca\/el-ivc-posa-a-la-venda-els-abonaments-dinici-de-temporada-del-teatre-principal\/","title":{"rendered":"El IVC posa a la venda els abonaments d&#8217;inici de temporada del Teatre Principal"},"content":{"rendered":"\n<h3 class=\"wp-block-heading\">Carlos Hip\u00f2lit, la premie de dansa Rafaela Carrasco, El Zoo de Vidre\u2019 de Tennessee Williams o \u2018Carmen. Res de Ning\u00fa\u2019 amb M\u00f3nica L\u00f3pez, entre les propostes del Principal.<\/h3>\n\n\n\n<h3 class=\"wp-block-heading\">El Auditori de Castell\u00f3 rep a la Orquestra de la Comuntat Valenciana, Engeg\u00e4rd Quartet, La Dispersione, la Orquestra de Val\u00e8ncia o la Orquestra Simf\u00f2nica de Castell\u00f3.<\/h3>\n\n\n\n<p class=\"wp-block-paragraph\">La Conselleria d&#8217;Educaci\u00f3, Cultura, Universitats i Ocupaci\u00f3 posa a la venda els abonaments culturals de la nova temporada del Teatre Principal i Auditori de Castell\u00f3. Tots dos espais, gestionats pel Institut Valenci\u00e0 de Cultura, presenten en abonament una oferta cultural dirigida a tots els p\u00fablics.<br>La proposta, liderada pel nou equip directiu del Institut Valenci\u00e0 de Cultura, ha planificat una completa programaci\u00f3 en la qual, a m\u00e9s de l&#8217;oferta de l&#8217;abonament, presenta durant l&#8217;\u00faltim trimestre de l&#8217;any, importants novetats que amplien el projecte cultural a la ciutat de Castell\u00f3. Tota la programaci\u00f3 dels espais gestionats pel IVC a la prov\u00edncia, Museu de Belles Arts de Castell\u00f3, EACC, Palau de Congressos de Pen\u00edscola, Teatre Principal i Auditori de Castell\u00f3, es donar\u00e0 a con\u00e9ixer pr\u00f2ximament.<\/p>\n\n\n\n<p class=\"wp-block-paragraph\"><strong>Teatre Principal, huit propostes en abonament<\/strong><\/p>\n\n\n\n<p class=\"wp-block-paragraph\">El Teatre Principal de Castell\u00f3 presenta un abonament d&#8217;inici de temporada compost per 8 grans espectacles. La programaci\u00f3 s&#8217;iniciar\u00e0 el 13 d&#8217;octubre amb l&#8217;obra \u2018Burro\u2019, un espectacle amb m\u00fasica en directe inspirat en les obres mestres de la literatura que giren entorn de l&#8217;ase, i protagonitzat per un dels actors essencials de la hist\u00f2ria del teatre espanyol, Carlos Hip\u00f2lit.<br>El cl\u00e0ssic de Tenessee Williams \u2018El zoo de vidre\u2019 arriba el 20 d&#8217;octubre amb la prestigiosa companyia La Perla 29 i tancar\u00e0 el mes, el dia 26, \u2018El nuvi d&#8217;Espanya\u2019, una com\u00e8dia musical que posa com a protagonistes a Luis Mariano i Carmen Sevilla i arreplega part de la hist\u00f2ria d&#8217;Espanya.<br>El mes de novembre comen\u00e7ar\u00e0 amb la com\u00e8dia d&#8217;intriga \u2018Maror\u2019 escrita per Rodolf Sirera per a donar pas, el diumenge 10, a la inquietant obra de Emmnauel Carr\u00e8re \u2018L\u2019Adversari\u2019 amb Pere Arquillu\u00e9 com a protagonista. Tancar\u00e0 novembre la com\u00e8dia rom\u00e0ntica \u2018Valpara\u00edso\u2019 de l&#8217;actor, dramaturg i director valenci\u00e0 Manuel Valls.<br>El flamenc ser\u00e0 una de les \u00faltimes propostes de l&#8217;any 2024 del Teatre Principal de Castell\u00f3. L&#8217;1 de desembre, la Premi Nacional de Dansa 2023 Rafaela Carrasco puja a l&#8217;escenari de la pla\u00e7a La Paz amb \u2018Creaviva\u2019 d&#8217;\u00c1lvaro Tato.<br>La programaci\u00f3 d&#8217;abonament es tancar\u00e0 el 15 de desembre amb \u2018Carmen, res de ning\u00fa\u2019, una producci\u00f3 del Teatre Espanyol protagonitzada per M\u00f3nica L\u00f3pez i que aborda la vida de Carmen D\u00edez de Rivera. Una dona que va aconseguir, durant la transici\u00f3, un lloc que cap altra havia exercit en aquest pa\u00eds: cap del gabinet de la Presid\u00e8ncia del Govern.<br>L&#8217;abonament general del Teatre Principal de Castell\u00f3 inclou huit grans espectacles amb preus que van des dels 30 als 100 euros depenent de la butaca triada. Tamb\u00e9 existeix un abonament redu\u00eft, amb quatre espectacles, a un preu de 50 euros.<br>La renovaci\u00f3 d&#8217;abonaments comen\u00e7ar\u00e0 el dimarts 17 de setembre. Aquelles persones que vulguen abonar-se per primera vegada podran fer-ho des del dimarts 25 de setembre. Les entrades soltes estaran disponibles des de l&#8217;1 d&#8217;octubre. Poden adquirir-se en taquilla o en la web ivc.gva.es<\/p>\n\n\n\n<p class=\"wp-block-paragraph\"><strong>Auditori de Castell\u00f3, grans obres i orquestres<\/strong><\/p>\n\n\n\n<p class=\"wp-block-paragraph\">El Auditori de Castell\u00f3 refor\u00e7a l&#8217;oferta musical durant la nova temporada 24\/25. A m\u00e9s de la programaci\u00f3 inclosa en abonament, el Auditori presenta un variat cartell, que es donar\u00e0 a con\u00e9ixer en els pr\u00f2xims dies, que inclou una \u00e0mplia oferta composta per diferents estils musicals que van des de l&#8217;\u00f2pera, passant pel jazz, les bandes de m\u00fasica o sons contemporanis.<br>El Auditori de Castell\u00f3 inicia la temporada i la programaci\u00f3 d&#8217;abonament, el 10 d&#8217;octubre, amb l&#8217;exigent simfonia N\u00ba6 de Gustav Mahler amb la Orquestra de la Comunitat Valenciana sota la direcci\u00f3 de Sir Mark Elder.<br>Des de Noruega arriba el 15 d&#8217;octubre al Auditori de Castell\u00f3 Engeg\u00e4rd Quartet amb obres de Beethooven, Anderson i Mendelssohh.<br>Per part seua, la Orquestra de Val\u00e8ncia presenta dos concerts durant aquest trimestre. D&#8217;una banda, el 26 d&#8217;octubre presenta un programa compost per la simfonia N.7 de Bruckner i \u2018La Valse\u2019 de Ravel. Al desembre, la Orquestra de Val\u00e8ncia protagonitzar\u00e0 una nit dedicada als grans ballets amb peces de Stravinski, Khatxaturian i Txaikovski.<br>A m\u00e9s, La Orquestra Simf\u00f2nica de Castell\u00f3 interpretar\u00e0 la reconeguda \u2018Carmina Burana\u2019 de Carl Off el 22 de novembre.<br>D&#8217;altra banda, el mes de desembre, el dia 11, l&#8217;agrupaci\u00f3 valenciana La Dispersione presenta un programa denominat \u2018Tempestat gran. Jos\u00e9 de Nebra i l\u2019escena del seu temps\u2019 en el qual, amb la soprano Margarita Rodr\u00edguez, s&#8217;interpretaran obres de Vicent Mart\u00edn i Soler, Mart\u00edn i Coll, Dur\u00f3n, Pradas, Literes i Luigi Boccherini.<br>El Auditori de Castell\u00f3 tancar\u00e0 el trimestre com el va obrir, amb la Orquestra de la Comunitat Valenciana que sota la batuta de James Gaffigan i amb el reconegut pianista Javier Perianes com a solista presenten \u2018Ciutats, sommis i poemes\u2019. Un programa que cont\u00e9, entre altres peces, l&#8217;estrena a Espanya de \u2018Ciutat sense somni\u2019 de F. Coll. Una obra encarregue del Palau de les Arts Reina Sofia, London Philharmonic Orchestra, Toronto Symphony Orchestra i Sinfonierorchester Basel.<br>La renovaci\u00f3 d&#8217;abonaments del Auditori de Castell\u00f3 s&#8217;inicia el 17 de setembre amb preus des dels 30 euros fins als 115 euros. Els nous abonats podran fer-ho des del 25 de setembre. Les entrades soltes es posaran a la venda des de l&#8217;1 d&#8217;octubre. M\u00e9s informaci\u00f3 en taquilles i en la web del IVC.<\/p>\n","protected":false},"excerpt":{"rendered":"<div class=\"mh-excerpt\">Carlos Hip\u00f2lit, la premie de dansa Rafaela Carrasco, El Zoo de Vidre\u2019 de Tennessee Williams o \u2018Carmen. Res de Ning\u00fa\u2019 amb M\u00f3nica L\u00f3pez, entre les propostes del Principal. El Auditori de Castell\u00f3 rep a la <a class=\"mh-excerpt-more\" href=\"https:\/\/tucomarca.whitekongsoftware.com\/ca\/el-ivc-posa-a-la-venda-els-abonaments-dinici-de-temporada-del-teatre-principal\/\" title=\"El IVC posa a la venda els abonaments d&#8217;inici de temporada del Teatre Principal\">[+] <\/a><\/div>\n","protected":false},"author":12,"featured_media":236875,"comment_status":"open","ping_status":"open","sticky":false,"template":"","format":"standard","meta":{"footnotes":""},"categories":[11019,10898,10904,11007,10896],"tags":[21200,13274,17761],"class_list":["post-236877","post","type-post","status-publish","format-standard","has-post-thumbnail","category-agenda-ca","category-ventana-ca","category-sin-categorizar-ca","category-ocio-y-cultura-ca","category-seccion-ca","tag-abonos-temporada-ca","tag-institut-valencia-de-cultura-ca","tag-ivc-ca"],"_links":{"self":[{"href":"https:\/\/tucomarca.whitekongsoftware.com\/ca\/wp-json\/wp\/v2\/posts\/236877","targetHints":{"allow":["GET"]}}],"collection":[{"href":"https:\/\/tucomarca.whitekongsoftware.com\/ca\/wp-json\/wp\/v2\/posts"}],"about":[{"href":"https:\/\/tucomarca.whitekongsoftware.com\/ca\/wp-json\/wp\/v2\/types\/post"}],"author":[{"embeddable":true,"href":"https:\/\/tucomarca.whitekongsoftware.com\/ca\/wp-json\/wp\/v2\/users\/12"}],"replies":[{"embeddable":true,"href":"https:\/\/tucomarca.whitekongsoftware.com\/ca\/wp-json\/wp\/v2\/comments?post=236877"}],"version-history":[{"count":0,"href":"https:\/\/tucomarca.whitekongsoftware.com\/ca\/wp-json\/wp\/v2\/posts\/236877\/revisions"}],"wp:featuredmedia":[{"embeddable":true,"href":"https:\/\/tucomarca.whitekongsoftware.com\/ca\/wp-json\/wp\/v2\/media\/236875"}],"wp:attachment":[{"href":"https:\/\/tucomarca.whitekongsoftware.com\/ca\/wp-json\/wp\/v2\/media?parent=236877"}],"wp:term":[{"taxonomy":"category","embeddable":true,"href":"https:\/\/tucomarca.whitekongsoftware.com\/ca\/wp-json\/wp\/v2\/categories?post=236877"},{"taxonomy":"post_tag","embeddable":true,"href":"https:\/\/tucomarca.whitekongsoftware.com\/ca\/wp-json\/wp\/v2\/tags?post=236877"}],"curies":[{"name":"wp","href":"https:\/\/api.w.org\/{rel}","templated":true}]}}