{"id":236734,"date":"2024-09-13T09:30:00","date_gmt":"2024-09-13T07:30:00","guid":{"rendered":"https:\/\/www.tucomarca.com\/wordpress\/segunda\/?p=236734"},"modified":"2024-09-13T18:55:41","modified_gmt":"2024-09-13T16:55:41","slug":"la-diputacio-de-valencia-reunix-alcaldes-de-la-provincia-per-a-desenvolupar-un-programa-de-seguretat-viaria-escolar-en-el-circuit-de-cheste","status":"publish","type":"post","link":"https:\/\/tucomarca.whitekongsoftware.com\/ca\/la-diputacio-de-valencia-reunix-alcaldes-de-la-provincia-per-a-desenvolupar-un-programa-de-seguretat-viaria-escolar-en-el-circuit-de-cheste\/","title":{"rendered":"La Diputaci\u00f3 de Val\u00e8ncia reunix alcaldes de la prov\u00edncia per a desenvolupar un programa de seguretat vi\u00e0ria escolar en el Circuit de Cheste"},"content":{"rendered":"\n<h3 class=\"wp-block-heading\">L&#8217;\u00e0rea de Carreteres que dirigix Reme Mazzolari explica les claus d&#8217;esta iniciativa a alcaldes i alcaldesses perqu\u00e8 l&#8217;Alumnat de 6\u00e9 de prim\u00e0ria i 1r d&#8217;ESO dels seus municipis puga participar gratu\u00eftament en unes jornades l\u00fadiques i educatives que tindran lloc a l&#8217;octubre i novembre.<\/h3>\n\n\n\n<h3 class=\"wp-block-heading\">El president de la Diputaci\u00f3 de Val\u00e8ncia, Vicent Momp\u00f3, ha clausurat la jornada explicativa, destacant que l&#8217;objectiu \u201c\u00e9s conscienciar des de la base per a construir una societat m\u00e9s responsable en la carretera\u201d.<\/h3>\n\n\n\n<p class=\"wp-block-paragraph\">La Diputaci\u00f3 de Val\u00e8ncia ha reunit este mat\u00ed en el Centre Cultural La Benefic\u00e8ncia a alcaldes i alcaldesses de la prov\u00edncia per a explicar-los els detalls d&#8217;un programa de seguretat vi\u00e0ria escolar que es dur\u00e0 a terme durant els pr\u00f2xims mesos d&#8217;octubre i novembre en el Circuit Ricardo Tormo de Cheste.<\/p>\n\n\n\n<p class=\"wp-block-paragraph\">Esta iniciativa conjunta entre les \u00e0rees de Carreteres i d&#8217;Esports, en col\u00b7laboraci\u00f3 amb el circuit, tracta de conscienciar als escolars sobre la import\u00e0ncia de la seguretat vi\u00e0ria. L&#8217;alumnat de 6\u00e9 de prim\u00e0ria i 1r d&#8217;ESO podr\u00e0 participar, gratu\u00eftament, a l&#8217;Escola de Seguretat Vi\u00e0ria que es desenrotlla en les emblem\u00e0tiques instal\u00b7lacions esportives que acullen el mundial de motociclisme, entre moltes altres proves esportives.<\/p>\n\n\n\n<p class=\"wp-block-paragraph\">Per a poder fer-ho, s\u00f3n els propis municipis els que han de promoure l&#8217;activitat en els centres educatius. Els ajuntaments s&#8217;encarregaran de traslladar el programa a les seues poblacions de manera que els joves puguen acudir mitjan\u00e7ant viatges organitzats al circuit, i la Diputaci\u00f3 sufragar\u00e0 el cost de la participaci\u00f3 en les jornades, amb totes les activitats incloses.<\/p>\n\n\n\n<p class=\"wp-block-paragraph\">\u201cVolem conscienciar des de la base perqu\u00e8 la responsabilitat i el respecte a les normes s\u00f3n pilars essencials per a conviure en la via p\u00fablica\u201d, ha destacat el president de la Diputaci\u00f3 de Val\u00e8ncia, Vicent Momp\u00f3, qui ha clausurat la jornada. Momp\u00f3 ha esgrimit que \u201ccom m\u00e9s prompte arribe el missatge de la seguretat als nostres joves, abans podrem construir una societat m\u00e9s responsable i m\u00e9s conscient dels perills i responsabilitats que existixen en les nostres carreteres\u201d.<\/p>\n\n\n\n<p class=\"wp-block-paragraph\">En la mateixa l\u00ednia, ha argumentat, \u201ctreballem perqu\u00e8 les nostres carreteres siguen m\u00e9s segures, perqu\u00e8 els nostres pobles i ciutats siguen espais de benestar i conviv\u00e8ncia, i perqu\u00e8, amb iniciatives com esta, tots tinguem un futur m\u00e9s segur\u201d. En este sentit, ha agra\u00eft a l&#8217;\u00c0rea de Carreteres i al seu responsable i vicepresidenta segona, Reme Mazzolari, la seua dedicaci\u00f3.<\/p>\n\n\n\n<p class=\"wp-block-paragraph\">Per part seua, Mazzolari, ha subratllat que \u201cla seguretat vi\u00e0ria \u00e9s priorit\u00e0ria i per aix\u00f2 \u00e9s l&#8217;eix principal de totes les actuacions que es duen a terme sobre la xarxa de carreteres de la prov\u00edncia\u201d. Igualment, ha recalcat, \u201camb esta activitat pretenem conscienciar als menors sobre la import\u00e0ncia de la seguretat vi\u00e0ria, al mateix temps que disfruten d&#8217;una excursi\u00f3 inoblidable\u201d.<\/p>\n\n\n\n<p class=\"wp-block-paragraph\">De la mateixa manera, el director del Circuit Ricardo Tormo, Nicol\u00e1s Collado, ha explicat que l&#8217;objectiu de l&#8217;escola \u201c\u00e9s buscar v\u00edctimes 0 en la carretera\u201d. \u201cAnem treballant cada any i si aconseguim salvar una vida i conscienciar a un xiquet perqu\u00e8 li diga al seu pare \u2018posa&#8217;t el cintur\u00f3\u2019 o \u2018no c\u00f3rregues\u2019 el donem per bo\u201d, ha afegit.<\/p>\n\n\n\n<p class=\"wp-block-paragraph\"><strong>Caracter\u00edstiques de l&#8217;activitat<\/strong><\/p>\n\n\n\n<p class=\"wp-block-paragraph\">Les jornades l\u00fadiques i educatives es desenvoluparan durant els mesos d&#8217;octubre i novembre de 2024 en les pr\u00f2pies instal\u00b7lacions del Circuit Ricardo Tormo de Cheste, en horari de 09:30 a 16:00 hores.<\/p>\n\n\n\n<p class=\"wp-block-paragraph\">Per a poder accedir a l&#8217;activitat, hauran d&#8217;assistir un m\u00ednim de 50 alumnes i un m\u00e0xim de 100 per dia, garantint el Circuit l&#8217;exclusivitat de l&#8217;\u00fas de les instal\u00b7lacions on es duen a terme les activitats programades.<\/p>\n\n\n\n<p class=\"wp-block-paragraph\">La jornada es dividir\u00e0 en dos parts diferenciades: una te\u00f2rica que s&#8217;impartir\u00e0 a les aules, una altra pr\u00e0ctica que tindr\u00e0 lloc en el mini circuit de seguretat vi\u00e0ria amb l&#8217;\u00fas de vehicles aptes en funci\u00f3 de cada edat. Aix\u00ed mateix, els participants podran con\u00e9ixer totes les instal\u00b7lacions del circuit de velocitat gr\u00e0cies a una visita guiada programada amb la qual finalitzar\u00e0 cada sessi\u00f3.<\/p>\n\n\n\n<p class=\"wp-block-paragraph\">Este programa s&#8217;afig a la col\u00b7laboraci\u00f3 que ha posat en marxa la Diputaci\u00f3 de Val\u00e8ncia, a trav\u00e9s de l&#8217;\u00e0rea d&#8217;Esports que dirigix el diputat Pedro Cuesta, amb el Circuit Ricardo Tormo de Cheste, gr\u00e0cies a la qual la corporaci\u00f3 provincial promocionar\u00e0 diverses carreres de velocitat durant este 2024.<\/p>\n\n\n\n<p class=\"wp-block-paragraph\">\u201cNo hi havia millor escenari per a fer-ho que el Circuit Ricardo, que, per cert, ahir va celebrar el seu 25 aniversari. Una instal\u00b7laci\u00f3 que \u00e9s testimoni del que significa combinar velocitat, emoci\u00f3 i, sobretot, seguretat. En l&#8217;\u00e0mbit de la competici\u00f3, les regles i la precauci\u00f3 s\u00f3n essencials, no sols per a guanyar, sin\u00f3 per a protegir-se i protegir als altres\u201d, ha declarat el president de la Diputaci\u00f3.<\/p>\n","protected":false},"excerpt":{"rendered":"<div class=\"mh-excerpt\">L&#8217;\u00e0rea de Carreteres que dirigix Reme Mazzolari explica les claus d&#8217;esta iniciativa a alcaldes i alcaldesses perqu\u00e8 l&#8217;Alumnat de 6\u00e9 de prim\u00e0ria i 1r d&#8217;ESO dels seus municipis puga participar gratu\u00eftament en unes jornades l\u00fadiques <a class=\"mh-excerpt-more\" href=\"https:\/\/tucomarca.whitekongsoftware.com\/ca\/la-diputacio-de-valencia-reunix-alcaldes-de-la-provincia-per-a-desenvolupar-un-programa-de-seguretat-viaria-escolar-en-el-circuit-de-cheste\/\" title=\"La Diputaci\u00f3 de Val\u00e8ncia reunix alcaldes de la prov\u00edncia per a desenvolupar un programa de seguretat vi\u00e0ria escolar en el Circuit de Cheste\">[+] <\/a><\/div>\n","protected":false},"author":12,"featured_media":236732,"comment_status":"open","ping_status":"open","sticky":false,"template":"","format":"standard","meta":{"footnotes":""},"categories":[10898,10948,10894,10904,10912,10947,10896,10974],"tags":[11071,11412,11246,10914,19738],"class_list":["post-236734","post","type-post","status-publish","format-standard","has-post-thumbnail","category-ventana-ca","category-infraestructuras-ca","category-la-comarca-ca","category-sin-categorizar-ca","category-la-hoya-ca","category-politica","category-seccion-ca","category-cheste-ca","tag-cheste","tag-circuit-ricardo-tormo-ca","tag-diputacio-de-valencia-ca","tag-la-hoya-de-bunol-chiva-ca","tag-seguridad-vial-ca"],"_links":{"self":[{"href":"https:\/\/tucomarca.whitekongsoftware.com\/ca\/wp-json\/wp\/v2\/posts\/236734","targetHints":{"allow":["GET"]}}],"collection":[{"href":"https:\/\/tucomarca.whitekongsoftware.com\/ca\/wp-json\/wp\/v2\/posts"}],"about":[{"href":"https:\/\/tucomarca.whitekongsoftware.com\/ca\/wp-json\/wp\/v2\/types\/post"}],"author":[{"embeddable":true,"href":"https:\/\/tucomarca.whitekongsoftware.com\/ca\/wp-json\/wp\/v2\/users\/12"}],"replies":[{"embeddable":true,"href":"https:\/\/tucomarca.whitekongsoftware.com\/ca\/wp-json\/wp\/v2\/comments?post=236734"}],"version-history":[{"count":0,"href":"https:\/\/tucomarca.whitekongsoftware.com\/ca\/wp-json\/wp\/v2\/posts\/236734\/revisions"}],"wp:featuredmedia":[{"embeddable":true,"href":"https:\/\/tucomarca.whitekongsoftware.com\/ca\/wp-json\/wp\/v2\/media\/236732"}],"wp:attachment":[{"href":"https:\/\/tucomarca.whitekongsoftware.com\/ca\/wp-json\/wp\/v2\/media?parent=236734"}],"wp:term":[{"taxonomy":"category","embeddable":true,"href":"https:\/\/tucomarca.whitekongsoftware.com\/ca\/wp-json\/wp\/v2\/categories?post=236734"},{"taxonomy":"post_tag","embeddable":true,"href":"https:\/\/tucomarca.whitekongsoftware.com\/ca\/wp-json\/wp\/v2\/tags?post=236734"}],"curies":[{"name":"wp","href":"https:\/\/api.w.org\/{rel}","templated":true}]}}