{"id":236726,"date":"2024-09-13T09:04:00","date_gmt":"2024-09-13T07:04:00","guid":{"rendered":"https:\/\/www.tucomarca.com\/wordpress\/segunda\/?p=236726"},"modified":"2024-09-13T19:07:13","modified_gmt":"2024-09-13T17:07:13","slug":"linstitut-valencia-de-cultura-promou-la-curiositat-per-les-arts-esceniques-a-traves-duna-nova-area-de-mediacio-i-formacio","status":"publish","type":"post","link":"https:\/\/tucomarca.whitekongsoftware.com\/ca\/linstitut-valencia-de-cultura-promou-la-curiositat-per-les-arts-esceniques-a-traves-duna-nova-area-de-mediacio-i-formacio\/","title":{"rendered":"L\u2019Institut Valenci\u00e0 de Cultura promou la curiositat per les arts esc\u00e8niques a trav\u00e9s d\u2019una nova \u00e0rea de mediaci\u00f3 i formaci\u00f3"},"content":{"rendered":"\n<h3 class=\"wp-block-heading\">La temporada d\u2019arts esc\u00e8niques inclou una l\u00ednia de mediaci\u00f3 i formaci\u00f3 amb accions dirigides a p\u00fablic i professionals.<\/h3>\n\n\n\n<h3 class=\"wp-block-heading\">S\u2019inclouen xarrades amb professionals com Javier C\u00e1mara, Jos\u00e9 Sanchis Sinisterra, Clara Sanchis i Pablo Rivero i Luis Bermejo.<\/h3>\n\n\n\n<p class=\"wp-block-paragraph\">La Conselleria d\u2019Educaci\u00f3, Cultura, Universitats i Ocupaci\u00f3, a trav\u00e9s de l\u2019Institut Valenci\u00e0 de Cultura (IVC), presenta una nova \u00e0rea de mediaci\u00f3 i formaci\u00f3 amb l\u2019objectiu de generar vincles actius amb la ciutadania i convertir-se en una instituci\u00f3 accessible per a tota la poblaci\u00f3.<br>Amb el lema \u2018La teua mirada \u00e9s principal\u2019, l\u2019IVC vol encuriosir de la societat per les arts esc\u00e8niques i fer-la part\u00edcip de tot el que s\u2019esdev\u00e9 en la present temporada.<br>La directora adjunta d\u2019IVC-Arts Esc\u00e8niques, Mar\u00eda Jos\u00e9 Mora, ha manifestat que l\u2019objectiu \u00e9s que l\u2019IVC \u201csiga una instituci\u00f3 oberta i dialogant, que propicie la mirada activa del p\u00fablic amb l\u2019anhel de compartir experi\u00e8ncies i promoure l\u2019art com a part de la vida, de les seues preguntes i les seues possibles respostes\u201d.<br>\u201cPer a fer-ho, hem confeccionat un programa de mediaci\u00f3, participaci\u00f3 i formaci\u00f3 amb el qual establirem vasos comunicants entre el que ocorre en l\u2019escena, l\u2019\u00e0mbit professional i la participaci\u00f3 popular\u201d, ha destacat.<br>IVC Arts Esc\u00e8niques inicia una nova etapa que busca aproximar-se a la que es considera una instituci\u00f3 cultural contempor\u00e0nia en la qual la participaci\u00f3 ciutadana i l\u2019accessibilitat est\u00e0 m\u00e9s present. Els ciutadans passen a ser un pilar fonamental de l\u2019IVC i per a la seua participaci\u00f3 s\u2019han preparat diferents accions.<br>Aix\u00ed, per primera vegada s\u2019ha creat una \u2018Comunitat IVC\u2019, un grup d\u2019espectadors no experts, divers i intergeneracional que, juntament la mediadora Maribel Bayona, desenrotllar\u00e0 diverses activitats artisticocr\u00edtiques al voltant dels espectacles programats en el Teatre Rialto i el Teatre Principal de Val\u00e8ncia durant la temporada 24-25.<br>De la mateixa manera, es crear\u00e0 un \u2018Grup Jove\u2019 en col\u00b7laboraci\u00f3 amb les universitats valencianes amb l\u2019objectiu de sumar les arts esc\u00e8niques al men\u00fa d\u2019oci de l\u2019alumnat i incentivar l\u2019escriptura cr\u00edtica esc\u00e8nica proporcionant-los ferramentes per a la valoraci\u00f3 i descripci\u00f3 de propostes esc\u00e8niques.<br>D\u2019altra banda, continuen les xarrades \u2018Confid\u00e8ncies amb\u2019, trobades disteses obertes al p\u00fablic en el vest\u00edbul del Teatre Principal amb persones rellevants del panorama esc\u00e8nic. Esta temporada conversarem amb Javier C\u00e1mara, Jos\u00e9 Sanchis Sinisterra, Clara Sanchis i Pablo Rivero i Luis Bermejo.<br>Aix\u00ed mateix, es faran funcions matinals amb col\u00b7loquis post funci\u00f3 amb els equips art\u00edstics de les creacions programades, aix\u00ed com una trobada formativa, \u2018Calder\u00f3n pr\u00f2xim\u2019, obert al p\u00fablic abans del cicle de programaci\u00f3 de Calder\u00f3n de la Barca per a fer una introducci\u00f3 de la seua obra.<br>Tamb\u00e9 s\u2019ha previst el projecte social \u2018El cos \u00e9s Principal\u2019, en el qual la dansa s\u2019oferix com a experi\u00e8ncia de superaci\u00f3, for\u00e7a i autoestima, destinat a dones i h\u00f2mens que patixen fibromi\u00e0lgia.<br>En el cas de les produccions pr\u00f2pies de l\u2019IVC, com La mancha, es far\u00e0 una mediaci\u00f3 espec\u00edfica a Val\u00e8ncia, Castell\u00f3 i Alacant i es prestar\u00e0 especial atenci\u00f3 a col\u00b7lectius amb dif\u00edcil acc\u00e9s a la cultura a trav\u00e9s de l\u2019Escola d\u2019Adults Vicent Ventura.<br>A m\u00e9s, esta temporada hi haur\u00e0 funcions accessibles per a persones amb discapacitat sensorial. Este servici s\u2019oferir\u00e0 gratu\u00eftament en els espectacles La Regenta el 13 d\u2019octubre i en La Mancha l\u20191 de desembre.<br>A esta nova \u00e0rea de mediaci\u00f3 se li sumen els programes participatius i educatius dels projectes d\u2019IVC Festival Dansa Val\u00e8ncia i Espai LaGranja, en els quals es propicia l\u2019acostament a les arts del moviment des de la pr\u00e0ctica i l\u2019assist\u00e8ncia mediata a espectacles.<\/p>\n\n\n\n<p class=\"wp-block-paragraph\"><\/p>\n","protected":false},"excerpt":{"rendered":"<div class=\"mh-excerpt\">La temporada d\u2019arts esc\u00e8niques inclou una l\u00ednia de mediaci\u00f3 i formaci\u00f3 amb accions dirigides a p\u00fablic i professionals. S\u2019inclouen xarrades amb professionals com Javier C\u00e1mara, Jos\u00e9 Sanchis Sinisterra, Clara Sanchis i Pablo Rivero i Luis <a class=\"mh-excerpt-more\" href=\"https:\/\/tucomarca.whitekongsoftware.com\/ca\/linstitut-valencia-de-cultura-promou-la-curiositat-per-les-arts-esceniques-a-traves-duna-nova-area-de-mediacio-i-formacio\/\" title=\"L\u2019Institut Valenci\u00e0 de Cultura promou la curiositat per les arts esc\u00e8niques a trav\u00e9s d\u2019una nova \u00e0rea de mediaci\u00f3 i formaci\u00f3\">[+] <\/a><\/div>\n","protected":false},"author":12,"featured_media":229188,"comment_status":"open","ping_status":"open","sticky":false,"template":"","format":"standard","meta":{"footnotes":""},"categories":[10898,10894,10904,11007,10896],"tags":[21190,20514,13274,17761],"class_list":["post-236726","post","type-post","status-publish","format-standard","has-post-thumbnail","category-ventana-ca","category-la-comarca-ca","category-sin-categorizar-ca","category-ocio-y-cultura-ca","category-seccion-ca","tag-artes-escenicas-ca","tag-conselleria-de-cultura-ca","tag-institut-valencia-de-cultura-ca","tag-ivc-ca"],"_links":{"self":[{"href":"https:\/\/tucomarca.whitekongsoftware.com\/ca\/wp-json\/wp\/v2\/posts\/236726","targetHints":{"allow":["GET"]}}],"collection":[{"href":"https:\/\/tucomarca.whitekongsoftware.com\/ca\/wp-json\/wp\/v2\/posts"}],"about":[{"href":"https:\/\/tucomarca.whitekongsoftware.com\/ca\/wp-json\/wp\/v2\/types\/post"}],"author":[{"embeddable":true,"href":"https:\/\/tucomarca.whitekongsoftware.com\/ca\/wp-json\/wp\/v2\/users\/12"}],"replies":[{"embeddable":true,"href":"https:\/\/tucomarca.whitekongsoftware.com\/ca\/wp-json\/wp\/v2\/comments?post=236726"}],"version-history":[{"count":0,"href":"https:\/\/tucomarca.whitekongsoftware.com\/ca\/wp-json\/wp\/v2\/posts\/236726\/revisions"}],"wp:featuredmedia":[{"embeddable":true,"href":"https:\/\/tucomarca.whitekongsoftware.com\/ca\/wp-json\/wp\/v2\/media\/229188"}],"wp:attachment":[{"href":"https:\/\/tucomarca.whitekongsoftware.com\/ca\/wp-json\/wp\/v2\/media?parent=236726"}],"wp:term":[{"taxonomy":"category","embeddable":true,"href":"https:\/\/tucomarca.whitekongsoftware.com\/ca\/wp-json\/wp\/v2\/categories?post=236726"},{"taxonomy":"post_tag","embeddable":true,"href":"https:\/\/tucomarca.whitekongsoftware.com\/ca\/wp-json\/wp\/v2\/tags?post=236726"}],"curies":[{"name":"wp","href":"https:\/\/api.w.org\/{rel}","templated":true}]}}