{"id":236701,"date":"2024-09-13T09:01:00","date_gmt":"2024-09-13T07:01:00","guid":{"rendered":"https:\/\/www.tucomarca.com\/wordpress\/segunda\/?p=236701"},"modified":"2024-09-13T12:21:33","modified_gmt":"2024-09-13T10:21:33","slug":"la-mancomunitat-del-camp-de-turia-insta-a-la-generalitat-a-continuar-amb-la-construccio-de-la-la-ronda-oest-cv50-al-seu-pas-per-vilamarxant-i-acabar-lautovia-cv50-entre-benaguasil-i-xest","status":"publish","type":"post","link":"https:\/\/tucomarca.whitekongsoftware.com\/ca\/la-mancomunitat-del-camp-de-turia-insta-a-la-generalitat-a-continuar-amb-la-construccio-de-la-la-ronda-oest-cv50-al-seu-pas-per-vilamarxant-i-acabar-lautovia-cv50-entre-benaguasil-i-xest\/","title":{"rendered":"La Mancomunitat del Camp de T\u00faria insta a la Generalitat a continuar amb la construcci\u00f3 de la la Ronda Oest CV50 al seu pas per Vilamarxant i acabar l&#8217;autovia CV50 entre Benaguasil i Xest"},"content":{"rendered":"\n<p class=\"wp-block-paragraph\">La Mancomunitat del Camp de T\u00faria insta a la Generalitat Valenciana a iniciar els tr\u00e0mits per a dotar de pressupost i iniciar la licitaci\u00f3 per a l&#8217;execuci\u00f3 de la Ronda Oest CV50 al seu pas per Vilamarxant, aix\u00ed com actualitzar el projecte constructiu per a continuar l&#8217;autovia CV50 entre Benaguasil i Xest, despr\u00e9s de la celebraci\u00f3 del ple celebrat ahir #a la vesprada a Ll\u00edria.<\/p>\n\n\n\n<p class=\"wp-block-paragraph\">El bloc de partits independents format pels representants de Ciutadans, Uni\u00f3 de Ciutadans Independents (UCIN), Ciutadans d&#8217;Urbanitzacions de la Pobla de Vallbona (CONTINGENT), Millorem Benaguasil, Uni\u00f3 Popular de N\u00e0quera (UPdN) i Centrats a Sa Pobla han promogut aquesta moci\u00f3 per a promoure aquesta infraestructura b\u00e0sica per a tota la comarca.<\/p>\n\n\n\n<p class=\"wp-block-paragraph\">Despr\u00e9s de l&#8217;eliminaci\u00f3 per part de la Generalitat Valenciana de la partida assignada per al pressupost 2024 per a efectuar aquest projecte, la Mancomunitat Camp de T\u00faria sol\u00b7licita gr\u00e0cies als vots de tots els membres assistents al ple, a excepci\u00f3 del PP i VOX que no van donar suport a la moci\u00f3 per a sol\u00b7licitar continuar amb la CV50, a la Conselleria d&#8217;Hisenda, Economia i Administraci\u00f3 P\u00fablica que es realitze una modificaci\u00f3 del pressupost per a \u201cincloure els recursos econ\u00f2mics suficients per a iniciar la licitaci\u00f3 per a l&#8217;execuci\u00f3 de la construcci\u00f3 del projecte Ronda Oest CV50 de Vilamarxant\u201d.<\/p>\n\n\n\n<p class=\"wp-block-paragraph\">Aix\u00ed mateix, insta la Conselleria de Medi Ambient, Aigua, Infraestructures i Territori al fet que accelere els tr\u00e0mits per a la construcci\u00f3 de la Ronda Oest CV50 i aix\u00ed es pose fi a una reclamaci\u00f3 hist\u00f2rica de Vilamarxant, l&#8217;\u00fanic municipi de m\u00e9s de 10.000 habitants sense circumval\u00b7laci\u00f3 i que pateix els problemes que suposa veure&#8217;s travessat per una carretera com la CV50.<\/p>\n\n\n\n<p class=\"wp-block-paragraph\">Finalment, la Mancomunitat tamb\u00e9 demana a la Conselleria de Medi Ambient, Aigua, Infraestructures i Territori que incloga en el pressupost de 2025 una partida econ\u00f2mica per a actualitzar el projecte constructiu, realitzat per a crear l&#8217;Autovia CV50 des de Benaguasil a Xest.<\/p>\n\n\n\n<p class=\"wp-block-paragraph\">La CV50 \u00e9s una via fonamental en la xarxa de la Comunitat Valenciana i, en particular, de la comarca del Camp de T\u00faria, ja que connecta les comarques de la Regi\u00f3 muntanyenca, Rinc\u00f3n de Adem\u00faz i la parteix nord del Camp de T\u00faria amb l&#8217;A3, via principal de connexi\u00f3 amb Madrid i la resta del pa\u00eds.<\/p>\n\n\n\n<p class=\"wp-block-paragraph\">L&#8217;augment de les \u00e0rees industrials i el creixement de la poblaci\u00f3 de Camp de T\u00faria ha provocat que la CV50 i el seu pas pel municipi de Vilamarxant es convertisca en un problema comarcal per al tr\u00e0nsit provocant grans contaminaci\u00f3, brut\u00edcia, sorolls, col\u00b7lapses i retards en aquesta poblaci\u00f3, aix\u00ed com per a les empreses instal\u00b7lades que manquen d&#8217;una via d&#8217;eixida \u00f2ptima.<\/p>\n\n\n\n<p class=\"wp-block-paragraph\">El grup de partits independents de la comarca mostra aix\u00ed la seua uni\u00f3 i cerca d&#8217;objectius comuns amb la qual defensar cadascun el seu municipi i tots els de tots.<\/p>\n\n\n\n<p class=\"wp-block-paragraph\"><\/p>\n","protected":false},"excerpt":{"rendered":"<div class=\"mh-excerpt\">La Mancomunitat del Camp de T\u00faria insta a la Generalitat Valenciana a iniciar els tr\u00e0mits per a dotar de pressupost i iniciar la licitaci\u00f3 per a l&#8217;execuci\u00f3 de la Ronda Oest CV50 al seu pas <a class=\"mh-excerpt-more\" href=\"https:\/\/tucomarca.whitekongsoftware.com\/ca\/la-mancomunitat-del-camp-de-turia-insta-a-la-generalitat-a-continuar-amb-la-construccio-de-la-la-ronda-oest-cv50-al-seu-pas-per-vilamarxant-i-acabar-lautovia-cv50-entre-benaguasil-i-xest\/\" title=\"La Mancomunitat del Camp de T\u00faria insta a la Generalitat a continuar amb la construcci\u00f3 de la la Ronda Oest CV50 al seu pas per Vilamarxant i acabar l&#8217;autovia CV50 entre Benaguasil i Xest\">[+] <\/a><\/div>\n","protected":false},"author":12,"featured_media":236700,"comment_status":"open","ping_status":"open","sticky":false,"template":"","format":"standard","meta":{"footnotes":""},"categories":[10952,10892,10898,10948,10894,10947,10896,10927],"tags":[10899,21187,14037,11090],"class_list":["post-236701","post","type-post","status-publish","format-standard","has-post-thumbnail","category-benaguasil-ca","category-camp-de-turia-ca","category-ventana-ca","category-infraestructuras-ca","category-la-comarca-ca","category-politica","category-seccion-ca","category-vilamarxant-ca","tag-camp-de-turia-ca","tag-cv50-ca","tag-mancomunitat-camp-de-turia-ca","tag-vilamarxant-ca"],"_links":{"self":[{"href":"https:\/\/tucomarca.whitekongsoftware.com\/ca\/wp-json\/wp\/v2\/posts\/236701","targetHints":{"allow":["GET"]}}],"collection":[{"href":"https:\/\/tucomarca.whitekongsoftware.com\/ca\/wp-json\/wp\/v2\/posts"}],"about":[{"href":"https:\/\/tucomarca.whitekongsoftware.com\/ca\/wp-json\/wp\/v2\/types\/post"}],"author":[{"embeddable":true,"href":"https:\/\/tucomarca.whitekongsoftware.com\/ca\/wp-json\/wp\/v2\/users\/12"}],"replies":[{"embeddable":true,"href":"https:\/\/tucomarca.whitekongsoftware.com\/ca\/wp-json\/wp\/v2\/comments?post=236701"}],"version-history":[{"count":0,"href":"https:\/\/tucomarca.whitekongsoftware.com\/ca\/wp-json\/wp\/v2\/posts\/236701\/revisions"}],"wp:featuredmedia":[{"embeddable":true,"href":"https:\/\/tucomarca.whitekongsoftware.com\/ca\/wp-json\/wp\/v2\/media\/236700"}],"wp:attachment":[{"href":"https:\/\/tucomarca.whitekongsoftware.com\/ca\/wp-json\/wp\/v2\/media?parent=236701"}],"wp:term":[{"taxonomy":"category","embeddable":true,"href":"https:\/\/tucomarca.whitekongsoftware.com\/ca\/wp-json\/wp\/v2\/categories?post=236701"},{"taxonomy":"post_tag","embeddable":true,"href":"https:\/\/tucomarca.whitekongsoftware.com\/ca\/wp-json\/wp\/v2\/tags?post=236701"}],"curies":[{"name":"wp","href":"https:\/\/api.w.org\/{rel}","templated":true}]}}