{"id":236672,"date":"2024-09-13T09:10:00","date_gmt":"2024-09-13T07:10:00","guid":{"rendered":"https:\/\/www.tucomarca.com\/wordpress\/segunda\/?p=236672"},"modified":"2024-09-13T12:15:27","modified_gmt":"2024-09-13T10:15:27","slug":"detingut-un-lladre-molt-actiu-a-lliria-la-pobla-de-vallbona-i-leliana","status":"publish","type":"post","link":"https:\/\/tucomarca.whitekongsoftware.com\/ca\/detingut-un-lladre-molt-actiu-a-lliria-la-pobla-de-vallbona-i-leliana\/","title":{"rendered":"Detingut un lladre molt actiu a Ll\u00edria, la Pobla de Vallbona i l&#8217;Eliana"},"content":{"rendered":"\n<h3 class=\"wp-block-heading\">El detingut, que tenia ordres d&#8217;allunyament de la Pobla de Vallbona i de l&#8217;Eliana, canviava sovint de domicili, la qual cosa va dificultar la seua localitzaci\u00f3.<\/h3>\n\n\n\n<p class=\"wp-block-paragraph\">La Gu\u00e0rdia Civil de Val\u00e8ncia ha detingut a un home per diversos delictes de robatori amb for\u00e7a i danys en diverses urbanitzacions de Ll\u00edria i trencament de condemna en produir-se diversos fets delictius en les localitats de Pobla de Vallbona i L&#8217;Eliana, on tenia prohibici\u00f3 judicial d&#8217;acostar-se.<\/p>\n\n\n\n<p class=\"wp-block-paragraph\">La investigaci\u00f3 va comen\u00e7ar a mitjan agost, quan es va detectar un augment de casos de robatori amb for\u00e7a en diverses urbanitzacions de Ll\u00edria. La pr\u00e0ctica de les primeres dilig\u00e8ncies va permetre obtindre la identitat de l&#8217;autor dels fets i, a m\u00e9s, comprovar que havia perpetrat altres robatoris en localitats en les quals tenia vigent una ordre d&#8217;allunyament.<\/p>\n\n\n\n<p class=\"wp-block-paragraph\">En eixos moments es va establir un dispositiu operatiu per a detindre&#8217;l, la dificultat del qual residia en qu\u00e8 l&#8217;ara detingut canviava sovint de domicili. Es va intensificar la cerca i finalment a principis de setembre es va aconseguir detindre a l&#8217;autor dels fets just quan acabava de cometre un robatori. Va ser sorpr\u00e9s amb dos televisors, aixeteria i eines que utilitzava per a realitzar els robatoris.<\/p>\n\n\n\n<p class=\"wp-block-paragraph\">El detingut \u00e9s un home de 41 anys i nacionalitat espanyola, al qual se li imputen diversos delictes de robatori amb for\u00e7a i danys, a m\u00e9s de trencament de condemna, en haver acudit a Pobla de Vallbona i L&#8217;Eliana malgrat que tenia una ordre d&#8217;allunyament de tots dos municipis.<\/p>\n","protected":false},"excerpt":{"rendered":"<div class=\"mh-excerpt\">El detingut, que tenia ordres d&#8217;allunyament de la Pobla de Vallbona i de l&#8217;Eliana, canviava sovint de domicili, la qual cosa va dificultar la seua localitzaci\u00f3. La Gu\u00e0rdia Civil de Val\u00e8ncia ha detingut a un <a class=\"mh-excerpt-more\" href=\"https:\/\/tucomarca.whitekongsoftware.com\/ca\/detingut-un-lladre-molt-actiu-a-lliria-la-pobla-de-vallbona-i-leliana\/\" title=\"Detingut un lladre molt actiu a Ll\u00edria, la Pobla de Vallbona i l&#8217;Eliana\">[+] <\/a><\/div>\n","protected":false},"author":12,"featured_media":213591,"comment_status":"open","ping_status":"open","sticky":false,"template":"","format":"standard","meta":{"footnotes":""},"categories":[10892,10898,10894,10915,10928,10893,10896,10897],"tags":[10395,2891,10433,10396,1874],"class_list":["post-236672","post","type-post","status-publish","format-standard","has-post-thumbnail","category-camp-de-turia-ca","category-ventana-ca","category-la-comarca-ca","category-la-pobla-ca","category-lliria-ca","category-leliana-ca","category-seccion-ca","category-sucesos-la-comarca-ca","tag-camp-de-turia","tag-guardia-civil-de-valencia","tag-leliana","tag-lliria","tag-pobla-de-vallbona"],"_links":{"self":[{"href":"https:\/\/tucomarca.whitekongsoftware.com\/ca\/wp-json\/wp\/v2\/posts\/236672","targetHints":{"allow":["GET"]}}],"collection":[{"href":"https:\/\/tucomarca.whitekongsoftware.com\/ca\/wp-json\/wp\/v2\/posts"}],"about":[{"href":"https:\/\/tucomarca.whitekongsoftware.com\/ca\/wp-json\/wp\/v2\/types\/post"}],"author":[{"embeddable":true,"href":"https:\/\/tucomarca.whitekongsoftware.com\/ca\/wp-json\/wp\/v2\/users\/12"}],"replies":[{"embeddable":true,"href":"https:\/\/tucomarca.whitekongsoftware.com\/ca\/wp-json\/wp\/v2\/comments?post=236672"}],"version-history":[{"count":0,"href":"https:\/\/tucomarca.whitekongsoftware.com\/ca\/wp-json\/wp\/v2\/posts\/236672\/revisions"}],"wp:featuredmedia":[{"embeddable":true,"href":"https:\/\/tucomarca.whitekongsoftware.com\/ca\/wp-json\/wp\/v2\/media\/213591"}],"wp:attachment":[{"href":"https:\/\/tucomarca.whitekongsoftware.com\/ca\/wp-json\/wp\/v2\/media?parent=236672"}],"wp:term":[{"taxonomy":"category","embeddable":true,"href":"https:\/\/tucomarca.whitekongsoftware.com\/ca\/wp-json\/wp\/v2\/categories?post=236672"},{"taxonomy":"post_tag","embeddable":true,"href":"https:\/\/tucomarca.whitekongsoftware.com\/ca\/wp-json\/wp\/v2\/tags?post=236672"}],"curies":[{"name":"wp","href":"https:\/\/api.w.org\/{rel}","templated":true}]}}