{"id":236629,"date":"2024-09-12T10:15:00","date_gmt":"2024-09-12T08:15:00","guid":{"rendered":"https:\/\/www.tucomarca.com\/wordpress\/segunda\/?p=236629"},"modified":"2024-09-12T18:56:42","modified_gmt":"2024-09-12T16:56:42","slug":"linstitut-valencia-de-cultura-presenta-la-programacio-del-46e-festival-de-musica-contemporania-ensems","status":"publish","type":"post","link":"https:\/\/tucomarca.whitekongsoftware.com\/ca\/linstitut-valencia-de-cultura-presenta-la-programacio-del-46e-festival-de-musica-contemporania-ensems\/","title":{"rendered":"L\u2019Institut Valenci\u00e0 de Cultura presenta la programaci\u00f3 del 46\u00e9 festival de m\u00fasica contempor\u00e0nia Ensems"},"content":{"rendered":"\n<h3 class=\"wp-block-heading\">Se celebra del 19 al 25 de setembre, amb 14 concerts, converses i activitats paral\u00b7leles en Les Arts i el Palau de la M\u00fasica de Val\u00e8ncia.<\/h3>\n\n\n\n<h3 class=\"wp-block-heading\">El festival reflexionar\u00e0 sobre la viol\u00e8ncia a partir de l\u2019obra de Heiner Goebbels \u2018Songs of wars I have seen\u2019, el lema d\u2019esta edici\u00f3.<\/h3>\n\n\n\n<p class=\"wp-block-paragraph\">L\u2019Institut Valenci\u00e0 de Cultura ha presentat la programaci\u00f3 de la 46a edici\u00f3 d\u2019Ensems, el festival deg\u00e0 de la m\u00fasica contempor\u00e0nia a Espanya, que se celebra del 19 al 25 de setembre amb una programaci\u00f3 de catorze concerts i activitats paral\u00b7leles que es dividiran entre Les Arts i el Palau de la M\u00fasica de Val\u00e8ncia.<\/p>\n\n\n\n<p class=\"wp-block-paragraph\">La programaci\u00f3 d\u2019Ensems s\u2019ha donat a con\u00e9ixer en una roda de premsa que ha comptat amb el director general de l\u2019Institut Valenci\u00e0 de Cultura, \u00c1lvaro L\u00f3pez-Jamar, i el director adjunt de M\u00fasica i Cultura Popular de l\u2019IVC, Joan Cerver\u00f3.<\/p>\n\n\n\n<figure class=\"wp-block-image size-large\"><img loading=\"lazy\" decoding=\"async\" width=\"1024\" height=\"682\" src=\"https:\/\/www.tucomarca.com\/wordpress\/segunda\/wp-content\/uploads\/2024\/09\/IVC_ENSEMS24_2-1024x682.jpg\" alt=\"\" class=\"wp-image-236624\" srcset=\"https:\/\/tucomarca.whitekongsoftware.com\/wp-content\/uploads\/2024\/09\/IVC_ENSEMS24_2-1024x682.jpg 1024w, https:\/\/tucomarca.whitekongsoftware.com\/wp-content\/uploads\/2024\/09\/IVC_ENSEMS24_2-300x200.jpg 300w, https:\/\/tucomarca.whitekongsoftware.com\/wp-content\/uploads\/2024\/09\/IVC_ENSEMS24_2-768x512.jpg 768w, https:\/\/tucomarca.whitekongsoftware.com\/wp-content\/uploads\/2024\/09\/IVC_ENSEMS24_2.jpg 1181w\" sizes=\"auto, (max-width: 1024px) 100vw, 1024px\" \/><\/figure>\n\n\n\n<p class=\"wp-block-paragraph\">El lema d\u2019esta edici\u00f3 d\u2019Ensems \u00e9s \u2018Songs of wars I have seen\u2019, en refer\u00e8ncia a l\u2019obra de Heiner Goebbels que t\u00e9 un lloc destacat en la programaci\u00f3, amb la direcci\u00f3 de Chloe Rooke, i que ser\u00e0 el punt de partida per a una reflexi\u00f3 sobre la viol\u00e8ncia i les guerres, especialment cap al patiment de les dones en estes.<\/p>\n\n\n\n<p class=\"wp-block-paragraph\">De nou, el festival Ensems compta amb la col\u00b7laboraci\u00f3 del Palau de les Arts, que en esta ocasi\u00f3 acollir\u00e0 l\u2019afr\u00f2pera The Golden Stool, de Gorges Ocloo, una producci\u00f3 de LOD Muziektheater &amp; Toneelhuis en coproducci\u00f3 amb Opera Ballet Vlaanderen &amp; O. Festival Rotterdam, amb el suport d\u2019ENOA, que obri la programaci\u00f3 del festival el 19 de setembre i que ja ha exhaurit les entrades disponibles.<\/p>\n\n\n\n<p class=\"wp-block-paragraph\">El director de l\u2019Institut Valenci\u00e0 de Cultura, \u00c1lvaro L\u00f3pez-Jamar, ha assenyalat que el festival \u201ctorna amb uns dies intensos de programaci\u00f3 que no solament reunixen a Val\u00e8ncia les figures m\u00e9s destacades de la m\u00fasica contempor\u00e0nia, sin\u00f3 que situen la ciutat com la capital mundial del sector, un node de reuni\u00f3, reflexi\u00f3 i exhibici\u00f3 que pren el pols a la creaci\u00f3 musical actual\u201d.<\/p>\n\n\n\n<p class=\"wp-block-paragraph\">Per la seua part, el director adjunt de M\u00fasica i Cultura Popular de l\u2019IVC, Joan Cerver\u00f3 ha explicat que en esta edici\u00f3 \u201cs\u2019ha recuperat la pres\u00e8ncia de solistes i grups valencians, que representen una part important de la programaci\u00f3, i hem volgut estructurar les propostes entorn d\u2019un tema central, que en este cas ha sigut la reflexi\u00f3 sobre la visi\u00f3 que t\u00e9 la m\u00fasica contempor\u00e0nia sobre les guerres i la viol\u00e8ncia, no parlar de les guerres en si mateixes\u201d.<\/p>\n\n\n\n<p class=\"wp-block-paragraph\">\u201cTot aix\u00f2 sense oblidar efem\u00e8rides que tenim molt presents i que tamb\u00e9 tindran el seu espai, com el 150 aniversari del naixement d\u2019Arnold Sch\u00f6nberg o l\u2019homenatge a Jos\u00e9 Evangelista\u201d, ha afegit.<\/p>\n\n\n\n<p class=\"wp-block-paragraph\"><strong>Eixos tem\u00e0tics<\/strong><\/p>\n\n\n\n<p class=\"wp-block-paragraph\">En esta edici\u00f3 d\u2019Ensems, la programaci\u00f3 s\u2019ha constru\u00eft sobre la base de quatre blocs tem\u00e0tics: \u2018Songs of wars I have seen\u2019, com a obra central i lema de l\u2019edici\u00f3; el 150 aniversari del naixement del compositor austr\u00edac Arnold Sch\u00f6nberg; l\u2019homenatge al compositor valenci\u00e0-canadenc Jos\u00e9 Evangelista, mort en 2023; i la reflexi\u00f3 sobre la m\u00fasica contempor\u00e0nia amb di\u00e0legs i taules redones.<\/p>\n\n\n\n<p class=\"wp-block-paragraph\">Destaquen les estrenes dels enc\u00e0rrecs de composici\u00f3, amb obres d\u2019\u00d3scar Colomina per a l\u2019Orquestra de Val\u00e8ncia, Carlos Perales per a la Banda Simf\u00f2nica Municipal de Val\u00e8ncia i Josep Sanz Quintana, per al quartet Kuarist.<\/p>\n\n\n\n<p class=\"wp-block-paragraph\">A m\u00e9s, per primera vegada apareix la figura dels festivals convidats, una sinergia entre cert\u00e0mens que permet diversificar els estils i aportar a la programaci\u00f3 noves visions. D\u2019esta manera, el festival Volumens, amb nou edicions dedicades a la cultura digital i el new media art, aportar\u00e0 el concert de Bromo, amb una arriscada proposta electr\u00f2nica de m\u00fasica experimental, i el festival Polir\u00edtmia incorpora quatre concerts dedicats a la percussi\u00f3.<\/p>\n\n\n\n<p class=\"wp-block-paragraph\">D\u2019altra banda, la programaci\u00f3 dels 36\u00e9 Encontres sobre Composici\u00f3 comptar\u00e0 amb la col\u00b7laboraci\u00f3 i pres\u00e8ncia de les figures m\u00e9s destacades de la m\u00fasica contempor\u00e0nia actual, inclosos m\u00e9s de deu premis nacionals de m\u00fasica, que seran convidats a assistir als concerts, a debatre sobre l\u2019estat de la m\u00fasica contempor\u00e0nia a Espanya i tamb\u00e9 a participar en les activitats paral\u00b7leles del festival.<\/p>\n\n\n\n<p class=\"wp-block-paragraph\"><strong>La programaci\u00f3<\/strong><\/p>\n\n\n\n<p class=\"wp-block-paragraph\">La 46a edici\u00f3 d\u2019Ensems s\u2019inicia el dijous 19 de setembre amb la inauguraci\u00f3 de la instal\u00b7laci\u00f3 sonora Acu\u00e1tica, de Bosch &amp; Simons en Les Arts, seguida per l\u2019afr\u00f2pera The Golden Stool, de Gorges Ocloo en el Teatre Mart\u00edn i Soler.<\/p>\n\n\n\n<p class=\"wp-block-paragraph\">El divendres, 20 de setembre, la programaci\u00f3 es trasllada al Palau de la M\u00fasica, a on a les 12:00 hores tindr\u00e0 lloc el concert del percussionista David Moliner, amb un programa per a marimba sol.<\/p>\n\n\n\n<p class=\"wp-block-paragraph\">A la vesprada s\u2019inaugurar\u00e0 la instal\u00b7laci\u00f3 sonora de Jos\u00e9 Antonio Orts, justament abans de la primera de les activitats \u2018En conversaci\u00f3\u2019, que comptar\u00e0 amb la subdirectora del Palau de la M\u00fasica, Nieves Pascual; el compositor i deg\u00e0 de l\u2019Escola Superior de M\u00fasica Reina Sofia, \u00d2scar Colomina; i el director de relacions externes de l\u2019Escola Superior de M\u00fasica Reina Sofia, \u00c1lvaro Guibert.<\/p>\n\n\n\n<p class=\"wp-block-paragraph\">A les 19:30 hores ser\u00e0 el concert de l\u2019Orquestra de Val\u00e8ncia que celebra el 150 aniversari Sch\u00f6nberg, amb Baldur Br\u00f6nnimann com a director i un programa amb obres de Joaqu\u00edn Rodrigo, \u00d2scar Colomina, Akira Miyoshi i Arnold Sch\u00f6nberg.<\/p>\n\n\n\n<p class=\"wp-block-paragraph\">El dissabte, 21 de setembre, en l\u2019Aula Magistral de Les Arts se celebrar\u00e0 la 36a edici\u00f3 dels Encontres sobre Composici\u00f3, amb dos taules redones; la primera, que tra\u00e7ar\u00e0 el mapa emocional de la m\u00fasica contempor\u00e0nia, comptar\u00e0 amb la music\u00f2loga Eva Sandoval i els compositors Teresa Catal\u00e1n i H\u00e9ctor Parra.<\/p>\n\n\n\n<p class=\"wp-block-paragraph\">En la segona taula, que se centrar\u00e0 en les estrat\u00e8gies per a la nova m\u00fasica espanyola, intervindran el music\u00f2leg Miguel \u00c1ngel Mar\u00edn, la violinista Cecilia Bercovich i el compositor Jos\u00e9 Manuel L\u00f3pez L\u00f3pez.<\/p>\n\n\n\n<p class=\"wp-block-paragraph\">A les 17:00 hores, el quartet de saxofons Kuarist, guanyadors del concurs Re_cre@ 2023 interpretar\u00e0 un programa que explora la relaci\u00f3 de la m\u00fasica occidental i els mites i tradicions orientals. A continuaci\u00f3, \u2018En conversaci\u00f3 II\u2019 reunir\u00e0 els compositors Heiner Goebbels, Joan G\u00f3mez Alemany i Mauricio Sotelo amb el tema \u2018Songs of wars\u2019.<\/p>\n\n\n\n<p class=\"wp-block-paragraph\">L\u2019espectacle que dona t\u00edtol a esta edici\u00f3 d\u2019Ensems, \u2018Songs of wars I have seen\u2019 arribar\u00e0 al Teatre Mart\u00edn i Soler dels Arts a les 19:30 hores, interpretat per Harmonia del Parn\u00e0s i el Grup Instrumental de Val\u00e8ncia. Per a acabar la jornada del dissabte, DJ Soak oferir\u00e0 una sessi\u00f3 en l\u2019exterior del Teatre Mart\u00edn i Soler amb el t\u00edtol ENSEMS Remix amb un remix electr\u00f2nic d\u2019algunes de les peces dels compositors programats en el festival.<\/p>\n\n\n\n<p class=\"wp-block-paragraph\">El diumenge 22 de setembre l\u2019Aula Magistral de Les Arts acollir\u00e0 a les 12:00 hores el concert d\u2019Amores Grup de Percussi\u00f3 amb el programa Prison song, que arreplega tres obres que reflexionen sobre la realitat social. A les 17:00 hores, el percussionista Joan Pons i la soprano Bel\u00e9n Roig oferiran un homenatge al compositor Jos\u00e9 Evangelista. En acabar, \u2018En conversaci\u00f3 III\u2019 reunir\u00e0 Matilde Asencio, viuda del compositor i filla de Vicente Asencio i Matilde Salvador; Joan Cerver\u00f3 i l\u2019instrumentista Joan Pons entorn de la figura del desaparegut compositor valenci\u00e0-canadenc.<\/p>\n\n\n\n<p class=\"wp-block-paragraph\">A les 19:30 hores en el Teatre Mart\u00edn i Soler de Les Arts tindr\u00e0 lloc el concert del pianista Bartomeu Jaume, que interpretar\u00e0 un programa monogr\u00e0fic d\u2019algunes de les composicions m\u00e9s representatives de Jos\u00e9 Evangelista.<\/p>\n\n\n\n<p class=\"wp-block-paragraph\">El dilluns 23 de setembre a les 18:00 hores, l\u2019Aula Magistral de Les Arts acollir\u00e0 el concert de m\u00fasica electr\u00f2nica i experimental de Bromo, una proposta que procedix del festival convidat Volumens, i a les 19:30 hores en el Teatre Mart\u00edn i Soler ser\u00e0 el torn de la saxofonista Xelo Giner.<\/p>\n\n\n\n<p class=\"wp-block-paragraph\">El dimarts 24 de setembre l\u2019activitat es traslladar\u00e0 al Palau de la M\u00fasica de Val\u00e8ncia, amb la proposta dels portuguesos Drumming Grupo de Percuss\u00e2o a les 12:00 hores. A les 18:00 hores, \u2018En conversaci\u00f3 IV\u2019 reflexionar\u00e0 sobre la m\u00fasica contempor\u00e0nia amb els compositors Andr\u00e9s Valero, Pere Vicalet i Carlos Perales. A les 19:30 hores, en la sala Jos\u00e9 Iturbi tindr\u00e0 lloc el concert de la Banda Municipal de Val\u00e8ncia, dirigida per Crist\u00f3bal Soler, amb un programa amb obres de David Pont, Carlos D. Perales, Francisco Bort i Karel Husa.<\/p>\n\n\n\n<p class=\"wp-block-paragraph\">L\u2019\u00faltima jornada d\u2019esta edici\u00f3 d\u2019Ensems, el dimecres 25 de setembre, comen\u00e7ar\u00e0 a les 18:00 hores a l\u2019Aula Magistral de Les Arts amb Quintet Cuesta i un programa que commemora el 150 aniversari de Sch\u00f6nberg. A les 19:30 hores en el Teatre Mart\u00edn i Soler, Arditti Quartet, grup de refer\u00e8ncia internacional de la m\u00fasica contempor\u00e0nia actual, que rebr\u00e0 el guard\u00f3 Ensems d\u2019Or, en reconeixement a la seua traject\u00f2ria. El guard\u00f3 \u00e9s un disseny del dissenyador valenci\u00e0 Iban Ram\u00f3n.<\/p>\n\n\n\n<p class=\"wp-block-paragraph\">Totes les activitats de la programaci\u00f3 d\u2019Ensems s\u00f3n d\u2019acc\u00e9s lliure fins que es complete l\u2019aforament, excepte l\u2019\u00f2pera The Golden Stool i el concert de l\u2019Orquestra de Val\u00e8ncia, les entrades de la qual ja estan a la venda. Les invitacions per als concerts es poden obtindre en la web de l\u2019IVC.<\/p>\n","protected":false},"excerpt":{"rendered":"<div class=\"mh-excerpt\">Se celebra del 19 al 25 de setembre, amb 14 concerts, converses i activitats paral\u00b7leles en Les Arts i el Palau de la M\u00fasica de Val\u00e8ncia. El festival reflexionar\u00e0 sobre la viol\u00e8ncia a partir de <a class=\"mh-excerpt-more\" href=\"https:\/\/tucomarca.whitekongsoftware.com\/ca\/linstitut-valencia-de-cultura-presenta-la-programacio-del-46e-festival-de-musica-contemporania-ensems\/\" title=\"L\u2019Institut Valenci\u00e0 de Cultura presenta la programaci\u00f3 del 46\u00e9 festival de m\u00fasica contempor\u00e0nia Ensems\">[+] <\/a><\/div>\n","protected":false},"author":12,"featured_media":236628,"comment_status":"open","ping_status":"open","sticky":false,"template":"","format":"standard","meta":{"footnotes":""},"categories":[11019,10898,10894,10904,11007,10896],"tags":[21179,13274,17761],"class_list":["post-236629","post","type-post","status-publish","format-standard","has-post-thumbnail","category-agenda-ca","category-ventana-ca","category-la-comarca-ca","category-sin-categorizar-ca","category-ocio-y-cultura-ca","category-seccion-ca","tag-festival-ensems-ca","tag-institut-valencia-de-cultura-ca","tag-ivc-ca"],"_links":{"self":[{"href":"https:\/\/tucomarca.whitekongsoftware.com\/ca\/wp-json\/wp\/v2\/posts\/236629","targetHints":{"allow":["GET"]}}],"collection":[{"href":"https:\/\/tucomarca.whitekongsoftware.com\/ca\/wp-json\/wp\/v2\/posts"}],"about":[{"href":"https:\/\/tucomarca.whitekongsoftware.com\/ca\/wp-json\/wp\/v2\/types\/post"}],"author":[{"embeddable":true,"href":"https:\/\/tucomarca.whitekongsoftware.com\/ca\/wp-json\/wp\/v2\/users\/12"}],"replies":[{"embeddable":true,"href":"https:\/\/tucomarca.whitekongsoftware.com\/ca\/wp-json\/wp\/v2\/comments?post=236629"}],"version-history":[{"count":0,"href":"https:\/\/tucomarca.whitekongsoftware.com\/ca\/wp-json\/wp\/v2\/posts\/236629\/revisions"}],"wp:featuredmedia":[{"embeddable":true,"href":"https:\/\/tucomarca.whitekongsoftware.com\/ca\/wp-json\/wp\/v2\/media\/236628"}],"wp:attachment":[{"href":"https:\/\/tucomarca.whitekongsoftware.com\/ca\/wp-json\/wp\/v2\/media?parent=236629"}],"wp:term":[{"taxonomy":"category","embeddable":true,"href":"https:\/\/tucomarca.whitekongsoftware.com\/ca\/wp-json\/wp\/v2\/categories?post=236629"},{"taxonomy":"post_tag","embeddable":true,"href":"https:\/\/tucomarca.whitekongsoftware.com\/ca\/wp-json\/wp\/v2\/tags?post=236629"}],"curies":[{"name":"wp","href":"https:\/\/api.w.org\/{rel}","templated":true}]}}