{"id":236493,"date":"2024-09-11T11:50:00","date_gmt":"2024-09-11T09:50:00","guid":{"rendered":"https:\/\/www.tucomarca.com\/wordpress\/segunda\/?p=236493"},"modified":"2024-09-11T18:20:33","modified_gmt":"2024-09-11T16:20:33","slug":"enguix-anuncia-que-les-comparses-de-moros-i-cristians-ja-poden-sollicitar-a-la-diputacio-les-ajudes-que-equiparen-la-festa-a-les-falles","status":"publish","type":"post","link":"https:\/\/tucomarca.whitekongsoftware.com\/ca\/enguix-anuncia-que-les-comparses-de-moros-i-cristians-ja-poden-sollicitar-a-la-diputacio-les-ajudes-que-equiparen-la-festa-a-les-falles\/","title":{"rendered":"Enguix anuncia que les comparses de moros i cristians ja poden sol\u00b7licitar a la Diputaci\u00f3 les ajudes que equiparen la festa a les Falles"},"content":{"rendered":"\n<h3 class=\"wp-block-heading\">Les sol\u00b7licitants disposen d&#8217;un mes des de la publicaci\u00f3 en el BOP el dimarts 10 de setembre. La corporaci\u00f3 ha habilitat un pressupost inicial de 200.000 euros ampliable fins a 300.000 euros per a enguany.<\/h3>\n\n\n\n<h3 class=\"wp-block-heading\">La vicepresidenta primera, Nat\u00e0lia Enguix, celebra haver complit la paraula donada al col\u00b7lectiu de concedir estes subvencions. \u201c\u00c9s una de les dos grans festes de la prov\u00edncia i hem de recon\u00e9ixer-la com a tal\u201d.<\/h3>\n\n\n\n<p class=\"wp-block-paragraph\">Les comparses i \u2018filaes\u2019 de moros i cristians de les comarques valencianes poden sol\u00b7licitar ja a la Diputaci\u00f3 la subvenci\u00f3 de 500 euros que la instituci\u00f3 provincial concedix per a equiparar la festa amb la de les Falles. Aix\u00ed ho ha anunciat este dimecres la vicepresidenta primera, Nat\u00e0lia Enguix, que ha destacat que m\u00e9s enll\u00e0 de l&#8217;ajuda econ\u00f2mica, \u201cla Diputaci\u00f3 vol recon\u00e9ixer una de les grans tradicions dels nostres pobles i ciutats i contribuir a la seua difusi\u00f3 tant nacional com internacional\u201d.<\/p>\n\n\n\n<p class=\"wp-block-paragraph\">El Butllet\u00ed Oficial de la Prov\u00edncia (BOP) va publicar este dimarts la convocat\u00f2ria perqu\u00e8 les entitats constitu\u00efdes abans de gener de 2024, amb seu en qualsevol municipi valenci\u00e0 i l&#8217;activitat principal de les quals siga la participaci\u00f3 en les festes de Moros i Cristians puga presentar la seua sol\u00b7licitud a la Diputaci\u00f3 que presidix Vicent Momp\u00f3. El termini de presentaci\u00f3 \u00e9s d&#8217;un mes a partir de la publicaci\u00f3 en el BOP, el text complet de les bases pot consultar-se en https:\/\/www.infosubvenciones.es\/bdnstrans\/ge\/es\/convocatoria\/783421 i la petici\u00f3 es realitzar\u00e0 de manera telem\u00e0tica a trav\u00e9s de la seu electr\u00f2nica de la Diputaci\u00f3 i la carpeta Tr\u00e0mits-Presid\u00e8ncia.<\/p>\n\n\n\n<p class=\"wp-block-paragraph\">La convocat\u00f2ria s&#8217;obri amb un pressupost inicial de 200.000 euros que pot ampliar-se a 300.000 euros en el present exercici en funci\u00f3 de la demanda. \u201cL&#8217;aportaci\u00f3 econ\u00f2mica sempre \u00e9s important perqu\u00e8 les comparses puguen organitzar activitats vinculades a la festa, com succe\u00efx amb l&#8217;ajuda que esta instituci\u00f3 ha donat tradicionalment a les Falles\u201d, apunta Enguix, qui considera que el m\u00e9s important \u201c\u00e9s que finalment la Diputaci\u00f3 concedir\u00e0 el mateix tractament a les dos principals festes de la prov\u00edncia, despr\u00e9s de diversos intents pol\u00edtics que han quedat en una declaraci\u00f3 d&#8217;intencions\u201d.<\/p>\n\n\n\n<p class=\"wp-block-paragraph\">En la mateixa l\u00ednia s&#8217;expressa el president Momp\u00f3, disposat a \u201crefor\u00e7ar les ajudes de la Diputaci\u00f3 als col\u00b7lectius festers que treballen per a mantindre vives les nostres tradicions dins i fora de la prov\u00edncia\u201d. \u201cJa vam dir que defensar\u00edem les nostres senyes d&#8217;identitat, i tant les Falles com els Moros i Cristians s\u00f3n part essencial de la cultura i les festes que ens definixen com a poble\u201d.<\/p>\n\n\n\n<p class=\"wp-block-paragraph\"><strong>Reivindicaci\u00f3 hist\u00f2rica<\/strong><\/p>\n\n\n\n<p class=\"wp-block-paragraph\">La presidenta de la Uni\u00f3 Nacional d&#8217;Entitats Festeres de Moros i Cristians (UNDEF), Pepa Prats, qualifica com a \u201cespectacular\u201d l\u2019ajuda de la Diputaci\u00f3 i desitja que \u201cpuga mantindre&#8217;s tots els anys, perqu\u00e8 esta festa \u00e9s molt familiar i el treball de tot un any i el cost que t\u00e9 acaba eixint principalment de la butxaca de les fam\u00edlies i persones que participen i fan possible la celebraci\u00f3 dels Moros i Cristians\u201d.<\/p>\n\n\n\n<p class=\"wp-block-paragraph\">La presidenta de la UNDEF destaca la gran acceptaci\u00f3 que ha tingut l&#8217;anunci de la Diputaci\u00f3 entre el col\u00b7lectiu fester. \u201cHem enviat la informaci\u00f3 a les federacions i juntes dels 50 municipis valencians on tenim comparses associades perqu\u00e8 puguen presentar la sol\u00b7licitud; ara \u00e9s cada comparsa la que ha de completar el proc\u00e9s\u201d, explica Prats.<\/p>\n\n\n\n<p class=\"wp-block-paragraph\">Per part seua, el president de la Societat de Festers Sant\u00edssim Crist de l\u2019Agonia d\u2019Ontinyent, Vicent Pla, assenyala que estes ajudes \u201cs\u00f3n la resposta a la reivindicaci\u00f3 hist\u00f2rica de la festa de Moros i Cristians d&#8217;equiparar-se a les Falles\u201d. La capital de la Vall d&#8217;Albaida compta amb 24 comparses, 12 de moros i altres tantes de cristians. \u201cEls hem passat les bases i estan totes al punt del que han de fer per a rebre l&#8217;ajuda, que totes coincidixen que contribuir\u00e0 a millorar els espectacles que cada any es preparen ex profeso per a la festa\u201d.<\/p>\n","protected":false},"excerpt":{"rendered":"<div class=\"mh-excerpt\">Les sol\u00b7licitants disposen d&#8217;un mes des de la publicaci\u00f3 en el BOP el dimarts 10 de setembre. La corporaci\u00f3 ha habilitat un pressupost inicial de 200.000 euros ampliable fins a 300.000 euros per a enguany. <a class=\"mh-excerpt-more\" href=\"https:\/\/tucomarca.whitekongsoftware.com\/ca\/enguix-anuncia-que-les-comparses-de-moros-i-cristians-ja-poden-sollicitar-a-la-diputacio-les-ajudes-que-equiparen-la-festa-a-les-falles\/\" title=\"Enguix anuncia que les comparses de moros i cristians ja poden sol\u00b7licitar a la Diputaci\u00f3 les ajudes que equiparen la festa a les Falles\">[+] <\/a><\/div>\n","protected":false},"author":12,"featured_media":236490,"comment_status":"open","ping_status":"open","sticky":false,"template":"","format":"standard","meta":{"footnotes":""},"categories":[20529,11005,10898,10904,20456,11007,10896],"tags":[11246,20661,20404,20823],"class_list":["post-236493","post","type-post","status-publish","format-standard","has-post-thumbnail","category-patrimonio-cultural-ca","category-canal-musica","category-ventana-ca","category-sin-categorizar-ca","category-la-diputacio-de-valencia-informa-ca","category-ocio-y-cultura-ca","category-seccion-ca","tag-diputacio-de-valencia-ca","tag-moros-y-cristianos-ca","tag-natalia-enguix-2-ca","tag-patrimonio-cultural-ca"],"_links":{"self":[{"href":"https:\/\/tucomarca.whitekongsoftware.com\/ca\/wp-json\/wp\/v2\/posts\/236493","targetHints":{"allow":["GET"]}}],"collection":[{"href":"https:\/\/tucomarca.whitekongsoftware.com\/ca\/wp-json\/wp\/v2\/posts"}],"about":[{"href":"https:\/\/tucomarca.whitekongsoftware.com\/ca\/wp-json\/wp\/v2\/types\/post"}],"author":[{"embeddable":true,"href":"https:\/\/tucomarca.whitekongsoftware.com\/ca\/wp-json\/wp\/v2\/users\/12"}],"replies":[{"embeddable":true,"href":"https:\/\/tucomarca.whitekongsoftware.com\/ca\/wp-json\/wp\/v2\/comments?post=236493"}],"version-history":[{"count":0,"href":"https:\/\/tucomarca.whitekongsoftware.com\/ca\/wp-json\/wp\/v2\/posts\/236493\/revisions"}],"wp:featuredmedia":[{"embeddable":true,"href":"https:\/\/tucomarca.whitekongsoftware.com\/ca\/wp-json\/wp\/v2\/media\/236490"}],"wp:attachment":[{"href":"https:\/\/tucomarca.whitekongsoftware.com\/ca\/wp-json\/wp\/v2\/media?parent=236493"}],"wp:term":[{"taxonomy":"category","embeddable":true,"href":"https:\/\/tucomarca.whitekongsoftware.com\/ca\/wp-json\/wp\/v2\/categories?post=236493"},{"taxonomy":"post_tag","embeddable":true,"href":"https:\/\/tucomarca.whitekongsoftware.com\/ca\/wp-json\/wp\/v2\/tags?post=236493"}],"curies":[{"name":"wp","href":"https:\/\/api.w.org\/{rel}","templated":true}]}}