{"id":236465,"date":"2024-09-11T09:55:00","date_gmt":"2024-09-11T07:55:00","guid":{"rendered":"https:\/\/www.tucomarca.com\/wordpress\/segunda\/?p=236465"},"modified":"2024-09-11T18:11:42","modified_gmt":"2024-09-11T16:11:42","slug":"compromis-denuncia-que-el-conveni-que-cedeix-el-servei-de-trasllat-sanitari-a-les-assegurances-privades-va-deixar-a-utiel-sense-samu","status":"publish","type":"post","link":"https:\/\/tucomarca.whitekongsoftware.com\/ca\/compromis-denuncia-que-el-conveni-que-cedeix-el-servei-de-trasllat-sanitari-a-les-assegurances-privades-va-deixar-a-utiel-sense-samu\/","title":{"rendered":"Comprom\u00eds denuncia que el conveni que cedeix el servei de trasllat sanitari a les assegurances privades &#8220;va deixar a Utiel sense SAMU&#8221;"},"content":{"rendered":"\n<h3 class=\"wp-block-heading\">Carles Esteve: \u201cS&#8217;han confirmat tots els temors sobre com s&#8217;aplicaria aquesta mesura adoptada pel govern de Maz\u00f3n, desprotegiendo poblacions davant possibles emerg\u00e8ncies m\u00e8diques per prevaldre els interessos de la sanitat privada\u201d.<\/h3>\n\n\n\n<p class=\"wp-block-paragraph\">El diputat de Comprom\u00eds en les Corts Valencianes, Carles Esteve, ha denunciat hui que el conveni del Consell per a la cessi\u00f3 del servei de trasllat sanitari d&#8217;emerg\u00e8ncies a les assegurances privades &#8220;ja est\u00e0 tenint greus conseq\u00fc\u00e8ncies per a la ciutadania valenciana&#8221;.<\/p>\n\n\n\n<p class=\"wp-block-paragraph\">Comprom\u00eds ha tingut coneixement que el passat 30 d&#8217;agost, &#8220;Utiel es va quedar sense servei de SAMU durant bona part del dia perqu\u00e8, at\u00e9s el nou conveni, l&#8217;ambul\u00e0ncia amb base en eixa localitat va ser enviada a una de les instal\u00b7lacions de la Cl\u00ednica Universit\u00e0ria de &#8220;Navarra a Madrid per a arreplegar un pacient ingressat all\u00ed i traslladar-lo a l&#8217;Hospital Cl\u00ednic de Val\u00e8ncia.<\/p>\n\n\n\n<p class=\"wp-block-paragraph\">&#8220;Com ja denunciem -ha afegit Esteve- aquest conveni implementat pel govern de Maz\u00f3n posa en risc la salut i la seguretat dels ciutadans per a beneficiar a la sanitat privada. S&#8217;han confirmat tots els temors sobre com s&#8217;aplicaria el conveni, deixant en aquest cas a la poblaci\u00f3 d&#8217;Utiel desprotegida davant possibles emerg\u00e8ncies m\u00e8diques per prevaldre els interessos d&#8217;una asseguran\u00e7a privada&#8221;.<\/p>\n\n\n\n<p class=\"wp-block-paragraph\">Per a Comprom\u00eds \u00e9s &#8220;inadmissible que la sanitat p\u00fablica valenciana cedisca serveis p\u00fablics essencials a la sanitat privada, posant en perill la vida dels nostres ciutadans. El que va passar a Utiel \u00e9s nom\u00e9s un exemple de les greus conseq\u00fc\u00e8ncies que pot tindre aquesta mesura, que s&#8217;est\u00e0 aplicant en tot el territori quan una asseguran\u00e7a privada reclama l&#8217;\u00fas del servei p\u00fablic de trasllat sanitari&#8221;.<\/p>\n\n\n\n<p class=\"wp-block-paragraph\">&#8220;La disponibilitat de les ambul\u00e0ncies continuar\u00e0 disminuint, deixant algunes zones sense cobertura adequada durant per\u00edodes cr\u00edtics. A m\u00e9s, amb aquests recursos desviats a serveis privats, els temps de resposta en emerg\u00e8ncies augmentar\u00e0, posant en risc la salut dels pacients que necessiten atenci\u00f3 immediata&#8221;.<\/p>\n\n\n\n<p class=\"wp-block-paragraph\">&#8220;L&#8217;aplicaci\u00f3 d&#8217;aquest conveni deixa clar que a Maz\u00f3n li importa poc posar les nostres vides en risc si amb aix\u00f2 aconsegueix afavorir els interessos de la sanitat privada. Exigim una revisi\u00f3 immediata del conveni i la restituci\u00f3 dels serveis p\u00fablics d&#8217;emerg\u00e8ncia sanit\u00e0ria a la seua plena capacitat, \u00e9s inadmissible que es beneficie d&#8217;aquesta manera a les assegurances privades, perjudicant el sistema sanitari p\u00fablic&#8221;, ha concl\u00f2s Esteve.<\/p>\n","protected":false},"excerpt":{"rendered":"<div class=\"mh-excerpt\">Carles Esteve: \u201cS&#8217;han confirmat tots els temors sobre com s&#8217;aplicaria aquesta mesura adoptada pel govern de Maz\u00f3n, desprotegiendo poblacions davant possibles emerg\u00e8ncies m\u00e8diques per prevaldre els interessos de la sanitat privada\u201d. El diputat de Comprom\u00eds <a class=\"mh-excerpt-more\" href=\"https:\/\/tucomarca.whitekongsoftware.com\/ca\/compromis-denuncia-que-el-conveni-que-cedeix-el-servei-de-trasllat-sanitari-a-les-assegurances-privades-va-deixar-a-utiel-sense-samu\/\" title=\"Comprom\u00eds denuncia que el conveni que cedeix el servei de trasllat sanitari a les assegurances privades &#8220;va deixar a Utiel sense SAMU&#8221;\">[+] <\/a><\/div>\n","protected":false},"author":12,"featured_media":236462,"comment_status":"open","ping_status":"open","sticky":false,"template":"","format":"standard","meta":{"footnotes":""},"categories":[10948,10894,10947,10909,10896,11059],"tags":[11519,10910,11174],"class_list":["post-236465","post","type-post","status-publish","format-standard","has-post-thumbnail","category-infraestructuras-ca","category-la-comarca-ca","category-politica","category-requena-utiel-ca","category-seccion-ca","category-utiel-ca","tag-compromis-ca","tag-requena-utiel-ca","tag-utiel-ca"],"_links":{"self":[{"href":"https:\/\/tucomarca.whitekongsoftware.com\/ca\/wp-json\/wp\/v2\/posts\/236465","targetHints":{"allow":["GET"]}}],"collection":[{"href":"https:\/\/tucomarca.whitekongsoftware.com\/ca\/wp-json\/wp\/v2\/posts"}],"about":[{"href":"https:\/\/tucomarca.whitekongsoftware.com\/ca\/wp-json\/wp\/v2\/types\/post"}],"author":[{"embeddable":true,"href":"https:\/\/tucomarca.whitekongsoftware.com\/ca\/wp-json\/wp\/v2\/users\/12"}],"replies":[{"embeddable":true,"href":"https:\/\/tucomarca.whitekongsoftware.com\/ca\/wp-json\/wp\/v2\/comments?post=236465"}],"version-history":[{"count":0,"href":"https:\/\/tucomarca.whitekongsoftware.com\/ca\/wp-json\/wp\/v2\/posts\/236465\/revisions"}],"wp:featuredmedia":[{"embeddable":true,"href":"https:\/\/tucomarca.whitekongsoftware.com\/ca\/wp-json\/wp\/v2\/media\/236462"}],"wp:attachment":[{"href":"https:\/\/tucomarca.whitekongsoftware.com\/ca\/wp-json\/wp\/v2\/media?parent=236465"}],"wp:term":[{"taxonomy":"category","embeddable":true,"href":"https:\/\/tucomarca.whitekongsoftware.com\/ca\/wp-json\/wp\/v2\/categories?post=236465"},{"taxonomy":"post_tag","embeddable":true,"href":"https:\/\/tucomarca.whitekongsoftware.com\/ca\/wp-json\/wp\/v2\/tags?post=236465"}],"curies":[{"name":"wp","href":"https:\/\/api.w.org\/{rel}","templated":true}]}}