{"id":236432,"date":"2024-09-11T11:45:00","date_gmt":"2024-09-11T09:45:00","guid":{"rendered":"https:\/\/www.tucomarca.com\/wordpress\/segunda\/?p=236432"},"modified":"2024-09-11T12:30:23","modified_gmt":"2024-09-11T10:30:23","slug":"mes-dun-centenar-de-mitjans-de-la-provincia-de-valencia-entre-ells-tucomarca-com-formen-part-del-primer-mapa-de-la-comunicacio-rural-a-espanya","status":"publish","type":"post","link":"https:\/\/tucomarca.whitekongsoftware.com\/ca\/mes-dun-centenar-de-mitjans-de-la-provincia-de-valencia-entre-ells-tucomarca-com-formen-part-del-primer-mapa-de-la-comunicacio-rural-a-espanya\/","title":{"rendered":"M\u00e9s d&#8217;un centenar de mitjans de la prov\u00edncia de Val\u00e8ncia, entre ells tucomarca.com, formen part del primer mapa de la comunicaci\u00f3 rural a Espanya"},"content":{"rendered":"\n<h3 class=\"wp-block-heading\">Teresa Ribera, Vicepresidenta del Govern: \u201cEls periodistes rurals fan possible que els pobles tinguen la seua pr\u00f2pia veu i siguen presents en el nostre univers comunicatiu\u201d.<\/h3>\n\n\n\n<h3 class=\"wp-block-heading\">El mapa interactiu s&#8217;ha presentat en la seu del Ministeri per a la Transici\u00f3 Ecol\u00f2gica i el Repte Demogr\u00e0fic.<\/h3>\n\n\n\n<h3 class=\"wp-block-heading\">Permet identificar quasi 3.000 mitjans locals i periodistes rurals del nostre pa\u00eds i detectar al mateix temps zones d&#8217;ombra que poden ser una oportunitat d&#8217;emprenedoria per a periodistes.<\/h3>\n\n\n\n<h3 class=\"wp-block-heading\">Els mitjans valencians responen davant la demanda d&#8217;informaci\u00f3 m\u00e9s pr\u00f2xima i incrementen el contingut oferit en valenci\u00e0.<\/h3>\n\n\n\n<p class=\"wp-block-paragraph\">Aquest dimarts s&#8217;ha presentat el primer mapa nacional de mitjans de comunicaci\u00f3 de car\u00e0cter local a la Sala Domingo Jim\u00e9nez Beltr\u00e1n del Ministeri per a la Transici\u00f3 Ecol\u00f2gica i Repte Demogr\u00e0fic. Es tracta d&#8217;un treball elaborat per la C\u00e0tedra de Repte Demogr\u00e0fic i Despoblaci\u00f3 de Next Educaci\u00f3, dirigida pel periodista Dr. Manuel Campo Vidal, al llarg dels \u00faltims mesos que arreplega tots els tipus de mitjans que hi ha actualment en funcionament en zones rurals del nostre pa\u00eds. (Mapa disponible en: <a href=\"https:\/\/reddeperiodistasrurales.com\/mapa-de-la-comunicacion-rural-en-espana\/\">https:\/\/reddeperiodistasrurales.com\/mapa-de-la-comunicacion-rural-en-espana\/<\/a>)<\/p>\n\n\n\n<p class=\"wp-block-paragraph\">L&#8217;acte ha comptat amb la participaci\u00f3 de Teresa Ribera, Vicepresidenta del Govern; Francesc Boya, Secretari General per al Repte Demogr\u00e0fic; Manuel Campo Vidal, periodista i President de Next Educaci\u00f3 i Cam\u00ed Cabanyes, coordinadora del projecte.<\/p>\n\n\n\n<p class=\"wp-block-paragraph\">Un total de 203 mitjans, entre ells, <strong>tucomarca.com<\/strong>, componen el mapa de la comunicaci\u00f3 a la Comunitat Valenciana: 70 a Alacant, 28 a Castell\u00f3 i 105 a Val\u00e8ncia. En les \u00faltimes dues d\u00e8cades, la Comunitat Valenciana ha experimentat una significativa transformaci\u00f3 en el seu panorama medi\u00e0tic, impulsada per la crisi econ\u00f2mica i els avan\u00e7os tecnol\u00f2gics. La premsa escrita, encara que continua sent rellevant, ha sigut impactada per aquests canvis. Els diaris regionals consolidats mantenen la seua import\u00e0ncia, per\u00f2 es troben acompanyats per una forta pres\u00e8ncia de mitjans digitals, que han guanyat una gran audi\u00e8ncia.<\/p>\n\n\n\n<p class=\"wp-block-paragraph\">Un dels trets distintius dels mitjans a la Comunitat Valenciana \u00e9s el hiperlocalismo. Els mitjans han respost a la demanda d&#8217;informaci\u00f3 m\u00e9s pr\u00f2xima mitjan\u00e7ant la creaci\u00f3 d&#8217;edicions comarcals, tant en format impr\u00e9s com digital. Aquesta estrat\u00e8gia permet una connexi\u00f3 m\u00e9s directa amb les comunitats locals.<br>A m\u00e9s, la Generalitat Valenciana ha fomentat la producci\u00f3 de contingut en valenci\u00e0 mitjan\u00e7ant subvencions, la qual cosa ha portat a diversos mitjans a oferir m\u00e9s contingut en aquesta llengua. Aquesta pol\u00edtica refor\u00e7a la identitat cultural i ling\u00fc\u00edstica de la regi\u00f3.<\/p>\n\n\n\n<p class=\"wp-block-paragraph\">En l&#8217;\u00e0mbit radiof\u00f2nic, la Comunitat Valenciana compta amb una \u00e0mplia varietat d&#8217;emissores que ofereixen continguts tant en valenci\u00e0 com en espanyol, consolidant-se com un pilar essencial de l&#8217;ecosistema medi\u00e0tic regional.<\/p>\n\n\n\n<p class=\"wp-block-paragraph\"><strong>La comunicaci\u00f3 en el medi rural<\/strong><\/p>\n\n\n\n<p class=\"wp-block-paragraph\">Els 2862 mitjans que componen el mapa interactiu han sigut revisats i validats per la Xarxa de Periodistes Rurals. L&#8217;estudi dut a terme conclou que el panorama medi\u00e0tic a Espanya est\u00e0 dominat per huit grans grups empresarials: Grupo Planeta, Mediaset Espa\u00f1a, Pressa, Unitat Editorial, God\u00f3, Vocento, Henneo i Premsa Ib\u00e8rica, que concentren la majoria dels mitjans de comunicaci\u00f3. Al seu costat, existeixen xicotets editors locals i professionals independents, per\u00f2 amb arrelament en les seues zones d&#8217;influ\u00e8ncia que, especialment en mitjans digitals, busquen oferir informaci\u00f3 m\u00e9s vera\u00e7 i plural.<\/p>\n\n\n\n<p class=\"wp-block-paragraph\">Els mitjans locals i hiperlocales operen amb recursos limitats, depenent en gran manera de la publicitat local i institucional. Malgrat les dificultats, aquests mitjans estan en creixement degut a la demanda d&#8217;informaci\u00f3 pr\u00f2xima i representen una oportunitat d&#8217;emprenedoria on a penes hi ha representaci\u00f3 medi\u00e0tica local.<\/p>\n\n\n\n<p class=\"wp-block-paragraph\"><strong>Estructura i desenvolupament del mapa<\/strong><\/p>\n\n\n\n<p class=\"wp-block-paragraph\">L&#8217;elaboraci\u00f3 del mapa s&#8217;estructura amb el seg\u00fcent format: nom de mitj\u00e0, tipus de mitj\u00e0, email, tel\u00e8fon, web, pa\u00eds, comunitat aut\u00f2noma, prov\u00edncia, comarca, poblaci\u00f3, adre\u00e7a, persona de contacte, freq\u00fc\u00e8ncia, grup editorial i observacions. Al seu torn, els tipus de mitjans han sigut agrupats segons la seua tipologia: ag\u00e8ncies, diaris en paper, mitjans digitals i mitjans locals (format paper gratu\u00eft setmanal o mensual), r\u00e0dios, televisions i publicacions especialitzades.<\/p>\n\n\n\n<p class=\"wp-block-paragraph\">El mapa ha sigut concebut per a ser un recurs viu, amb esperit de cooperaci\u00f3, que podr\u00e0 anar canviant en funci\u00f3 de les aportacions i suggeriments de mitjans, periodistes o de qualsevol persona interessada, la qual cosa contribuir\u00e0 a enriquir i mantindre actualitzada l&#8217;eina. Aquestes aportacions es podran realitzar des d&#8217;un formulari habilitat en la web.<\/p>\n\n\n\n<p class=\"wp-block-paragraph\">El projecte compta amb el suport del Ministeri per a la Transici\u00f3 Ecol\u00f2gica i el Repte Demogr\u00e0fic. Ha sigut desenvolupat per l&#8217;escola universit\u00e0ria de negocis Next Educaci\u00f3 i compta amb la col\u00b7laboraci\u00f3 de Vivaces, alian\u00e7a d&#8217;empreses pel medi rural.<\/p>\n\n\n\n<p class=\"wp-block-paragraph\"><strong>Sobre Next Educaci\u00f3<\/strong><\/p>\n\n\n\n<p class=\"wp-block-paragraph\">Next Educaci\u00f3 \u00e9s una escola de negocis innovadora que prepara als professionals m\u00e9s avan\u00e7ats i qualificats que demanda el mercat, especialment en les \u00e0rees de negoci emergents.<\/p>\n","protected":false},"excerpt":{"rendered":"<div class=\"mh-excerpt\">Teresa Ribera, Vicepresidenta del Govern: \u201cEls periodistes rurals fan possible que els pobles tinguen la seua pr\u00f2pia veu i siguen presents en el nostre univers comunicatiu\u201d. El mapa interactiu s&#8217;ha presentat en la seu del <a class=\"mh-excerpt-more\" href=\"https:\/\/tucomarca.whitekongsoftware.com\/ca\/mes-dun-centenar-de-mitjans-de-la-provincia-de-valencia-entre-ells-tucomarca-com-formen-part-del-primer-mapa-de-la-comunicacio-rural-a-espanya\/\" title=\"M\u00e9s d&#8217;un centenar de mitjans de la prov\u00edncia de Val\u00e8ncia, entre ells tucomarca.com, formen part del primer mapa de la comunicaci\u00f3 rural a Espanya\">[+] <\/a><\/div>\n","protected":false},"author":12,"featured_media":236426,"comment_status":"open","ping_status":"open","sticky":false,"template":"","format":"standard","meta":{"footnotes":""},"categories":[10911,10898,10894,10904,10912,11007,10896],"tags":[10914,21168],"class_list":["post-236432","post","type-post","status-publish","format-standard","has-post-thumbnail","category-bunol-ca","category-ventana-ca","category-la-comarca-ca","category-sin-categorizar-ca","category-la-hoya-ca","category-ocio-y-cultura-ca","category-seccion-ca","tag-la-hoya-de-bunol-chiva-ca","tag-mapa-de-la-comunicacion-rural-ca"],"_links":{"self":[{"href":"https:\/\/tucomarca.whitekongsoftware.com\/ca\/wp-json\/wp\/v2\/posts\/236432","targetHints":{"allow":["GET"]}}],"collection":[{"href":"https:\/\/tucomarca.whitekongsoftware.com\/ca\/wp-json\/wp\/v2\/posts"}],"about":[{"href":"https:\/\/tucomarca.whitekongsoftware.com\/ca\/wp-json\/wp\/v2\/types\/post"}],"author":[{"embeddable":true,"href":"https:\/\/tucomarca.whitekongsoftware.com\/ca\/wp-json\/wp\/v2\/users\/12"}],"replies":[{"embeddable":true,"href":"https:\/\/tucomarca.whitekongsoftware.com\/ca\/wp-json\/wp\/v2\/comments?post=236432"}],"version-history":[{"count":0,"href":"https:\/\/tucomarca.whitekongsoftware.com\/ca\/wp-json\/wp\/v2\/posts\/236432\/revisions"}],"wp:featuredmedia":[{"embeddable":true,"href":"https:\/\/tucomarca.whitekongsoftware.com\/ca\/wp-json\/wp\/v2\/media\/236426"}],"wp:attachment":[{"href":"https:\/\/tucomarca.whitekongsoftware.com\/ca\/wp-json\/wp\/v2\/media?parent=236432"}],"wp:term":[{"taxonomy":"category","embeddable":true,"href":"https:\/\/tucomarca.whitekongsoftware.com\/ca\/wp-json\/wp\/v2\/categories?post=236432"},{"taxonomy":"post_tag","embeddable":true,"href":"https:\/\/tucomarca.whitekongsoftware.com\/ca\/wp-json\/wp\/v2\/tags?post=236432"}],"curies":[{"name":"wp","href":"https:\/\/api.w.org\/{rel}","templated":true}]}}