{"id":236412,"date":"2024-09-11T09:45:00","date_gmt":"2024-09-11T07:45:00","guid":{"rendered":"https:\/\/www.tucomarca.com\/wordpress\/segunda\/?p=236412"},"modified":"2024-09-11T12:15:26","modified_gmt":"2024-09-11T10:15:26","slug":"el-club-de-gimnastica-ritmica-de-bunyol-turis-comenca-la-temporada-amb-una-exhibicio-en-el-pavello-municipal-del-planell","status":"publish","type":"post","link":"https:\/\/tucomarca.whitekongsoftware.com\/ca\/el-club-de-gimnastica-ritmica-de-bunyol-turis-comenca-la-temporada-amb-una-exhibicio-en-el-pavello-municipal-del-planell\/","title":{"rendered":"El Club de Gimn\u00e0stica R\u00edtmica de Bunyol-Tur\u00eds-Monserrat comen\u00e7a la temporada amb una exhibici\u00f3 en el Pavell\u00f3 Municipal del Planell"},"content":{"rendered":"<div class=\"wp-block-image\">\n<figure class=\"alignleft size-full is-resized\"><img loading=\"lazy\" decoding=\"async\" width=\"886\" height=\"886\" src=\"http:\/\/www.tucomarca.com\/wordpress\/segunda\/wp-content\/uploads\/2024\/09\/GimnasiaRitmica24.jpg\" alt=\"\" class=\"wp-image-236409\" style=\"width:354px;height:auto\" srcset=\"https:\/\/tucomarca.whitekongsoftware.com\/wp-content\/uploads\/2024\/09\/GimnasiaRitmica24.jpg 886w, https:\/\/tucomarca.whitekongsoftware.com\/wp-content\/uploads\/2024\/09\/GimnasiaRitmica24-300x300.jpg 300w, https:\/\/tucomarca.whitekongsoftware.com\/wp-content\/uploads\/2024\/09\/GimnasiaRitmica24-290x290.jpg 290w, https:\/\/tucomarca.whitekongsoftware.com\/wp-content\/uploads\/2024\/09\/GimnasiaRitmica24-768x768.jpg 768w\" sizes=\"auto, (max-width: 886px) 100vw, 886px\" \/><\/figure>\n<\/div>\n\n\n<p class=\"wp-block-paragraph\">Aquest dissabte, 14 de setembre, a partir de les 9,30 del mat\u00ed, el Club de Gimn\u00e0stica R\u00edtmica de Bunyol-Tur\u00eds donar\u00e0 inici a la seua nova temporada amb una exhibici\u00f3 en el Pavell\u00f3 Municipal del Planell de Bunyol. La jornada, que promet estar plena de talent i destresa, reunir\u00e0 gimnastes de diferents categories per a mostrar les seues habilitats en un esdeveniment esportiu obert al p\u00fablic.<\/p>\n\n\n\n<p class=\"wp-block-paragraph\">Aquesta exhibici\u00f3 \u00e9s una oportunitat perqu\u00e8 les joves esportistes demostren la seua preparaci\u00f3 i esfor\u00e7 despr\u00e9s de setmanes d&#8217;entrenament, i tamb\u00e9 per a atraure a nous aficionats a aquest esport.<\/p>\n","protected":false},"excerpt":{"rendered":"<div class=\"mh-excerpt\">Aquest dissabte, 14 de setembre, a partir de les 9,30 del mat\u00ed, el Club de Gimn\u00e0stica R\u00edtmica de Bunyol-Tur\u00eds donar\u00e0 inici a la seua nova temporada amb una exhibici\u00f3 en el Pavell\u00f3 Municipal del Planell <a class=\"mh-excerpt-more\" href=\"https:\/\/tucomarca.whitekongsoftware.com\/ca\/el-club-de-gimnastica-ritmica-de-bunyol-turis-comenca-la-temporada-amb-una-exhibicio-en-el-pavello-municipal-del-planell\/\" title=\"El Club de Gimn\u00e0stica R\u00edtmica de Bunyol-Tur\u00eds-Monserrat comen\u00e7a la temporada amb una exhibici\u00f3 en el Pavell\u00f3 Municipal del Planell\">[+] <\/a><\/div>\n","protected":false},"author":12,"featured_media":236410,"comment_status":"open","ping_status":"open","sticky":false,"template":"","format":"standard","meta":{"footnotes":""},"categories":[11019,10911,11003,10894,10912,10902,11000,11009,10896,11047],"tags":[10913,21166,10914],"class_list":["post-236412","post","type-post","status-publish","format-standard","has-post-thumbnail","category-agenda-ca","category-bunol-ca","category-sports","category-la-comarca-ca","category-la-hoya-ca","category-la-ribera-ca","category-monserrat-ca","category-polideportivo-ca","category-seccion-ca","category-turis-ca","tag-bunol-ca","tag-glub-de-gimnasia-ritmica-de-bunol-turis-ca","tag-la-hoya-de-bunol-chiva-ca"],"_links":{"self":[{"href":"https:\/\/tucomarca.whitekongsoftware.com\/ca\/wp-json\/wp\/v2\/posts\/236412","targetHints":{"allow":["GET"]}}],"collection":[{"href":"https:\/\/tucomarca.whitekongsoftware.com\/ca\/wp-json\/wp\/v2\/posts"}],"about":[{"href":"https:\/\/tucomarca.whitekongsoftware.com\/ca\/wp-json\/wp\/v2\/types\/post"}],"author":[{"embeddable":true,"href":"https:\/\/tucomarca.whitekongsoftware.com\/ca\/wp-json\/wp\/v2\/users\/12"}],"replies":[{"embeddable":true,"href":"https:\/\/tucomarca.whitekongsoftware.com\/ca\/wp-json\/wp\/v2\/comments?post=236412"}],"version-history":[{"count":0,"href":"https:\/\/tucomarca.whitekongsoftware.com\/ca\/wp-json\/wp\/v2\/posts\/236412\/revisions"}],"wp:featuredmedia":[{"embeddable":true,"href":"https:\/\/tucomarca.whitekongsoftware.com\/ca\/wp-json\/wp\/v2\/media\/236410"}],"wp:attachment":[{"href":"https:\/\/tucomarca.whitekongsoftware.com\/ca\/wp-json\/wp\/v2\/media?parent=236412"}],"wp:term":[{"taxonomy":"category","embeddable":true,"href":"https:\/\/tucomarca.whitekongsoftware.com\/ca\/wp-json\/wp\/v2\/categories?post=236412"},{"taxonomy":"post_tag","embeddable":true,"href":"https:\/\/tucomarca.whitekongsoftware.com\/ca\/wp-json\/wp\/v2\/tags?post=236412"}],"curies":[{"name":"wp","href":"https:\/\/api.w.org\/{rel}","templated":true}]}}