{"id":236375,"date":"2024-09-11T10:00:00","date_gmt":"2024-09-11T08:00:00","guid":{"rendered":"https:\/\/www.tucomarca.com\/wordpress\/segunda\/?p=236375"},"modified":"2024-09-11T10:04:50","modified_gmt":"2024-09-11T08:04:50","slug":"la-xv-trobada-de-hateros-de-bunyol-se-celebra-aquest-cap-de-setmana-amb-una-varietat-dactivitats-que-posen-en-valor-les-tradicions-locals","status":"publish","type":"post","link":"https:\/\/tucomarca.whitekongsoftware.com\/ca\/la-xv-trobada-de-hateros-de-bunyol-se-celebra-aquest-cap-de-setmana-amb-una-varietat-dactivitats-que-posen-en-valor-les-tradicions-locals\/","title":{"rendered":"La XV Trobada de Hateros de Bunyol se celebra aquest cap de setmana amb una varietat d&#8217;activitats que posen en valor les tradicions locals"},"content":{"rendered":"<div class=\"wp-block-image\">\n<figure class=\"alignleft size-full is-resized\"><img loading=\"lazy\" decoding=\"async\" width=\"886\" height=\"1181\" src=\"http:\/\/www.tucomarca.com\/wordpress\/segunda\/wp-content\/uploads\/2024\/09\/Hateros24.jpg\" alt=\"\" class=\"wp-image-236364\" style=\"width:394px;height:auto\" srcset=\"https:\/\/tucomarca.whitekongsoftware.com\/wp-content\/uploads\/2024\/09\/Hateros24.jpg 886w, https:\/\/tucomarca.whitekongsoftware.com\/wp-content\/uploads\/2024\/09\/Hateros24-225x300.jpg 225w, https:\/\/tucomarca.whitekongsoftware.com\/wp-content\/uploads\/2024\/09\/Hateros24-768x1024.jpg 768w\" sizes=\"auto, (max-width: 886px) 100vw, 886px\" \/><\/figure>\n<\/div>\n\n\n<p class=\"wp-block-paragraph\">La XV Trobada de Hateros a Bunyol \u00e9s un esdeveniment festiu que se celebra aquest cap de setmana amb una varietat d&#8217;activitats que destaquen les tradicions locals. Entre elles s&#8217;inclou el singular &#8220;Concurs de Gossos Templaus&#8221;, patrocinat per Ari\u00f3n, a m\u00e9s de l&#8217;oportunitat de gaudir del conegut &#8220;Cinqu\u00e9 i Tapa&#8221; al migdia.<br>La jornada culin\u00e0ria culmina amb el tradicional sopar de germanor en la Pla\u00e7a de Las Ventas, un lloc clau per a aquesta trobada. Aquest esdeveniment, organitzat per l&#8217;Associaci\u00f3 de Ca\u00e7adors &#8220;L&#8217;Amistat&#8221; amb la col\u00b7laboraci\u00f3 de l&#8217;Ajuntament de Bunyol, ressalta la for\u00e7a de la gastronomia de local i de ca\u00e7a, que continua animant a la comunitat a participar al setembre.<br>L&#8217;esdeveniment continua a la vesprada amb la demostraci\u00f3 culin\u00e0ria &#8220;Guisant en la Pla\u00e7a de Les Vendes\u201d a les 20,00h, on els millors hateros mostraran les seues habilitats gastron\u00f2miques. Despr\u00e9s, a partir de les 21,30h, hi haur\u00e0 un sopar per a tots els participants, una gran oportunitat per a gaudir del menjar tradicional i de l&#8217;ambient festiu. La jornada finalitzar\u00e0 amb una discom\u00f3vil a partir de les 12 de la nit en el barrac\u00f3 de la Falla de Les Vendes, assegurant diversi\u00f3 fins a altes hores.<br>Les festes a Bunyol continuen vives aquest setembre, oferint m\u00e9s oportunitats per a gaudir de la cultura local.<\/p>\n","protected":false},"excerpt":{"rendered":"<div class=\"mh-excerpt\">La XV Trobada de Hateros a Bunyol \u00e9s un esdeveniment festiu que se celebra aquest cap de setmana amb una varietat d&#8217;activitats que destaquen les tradicions locals. Entre elles s&#8217;inclou el singular &#8220;Concurs de Gossos <a class=\"mh-excerpt-more\" href=\"https:\/\/tucomarca.whitekongsoftware.com\/ca\/la-xv-trobada-de-hateros-de-bunyol-se-celebra-aquest-cap-de-setmana-amb-una-varietat-dactivitats-que-posen-en-valor-les-tradicions-locals\/\" title=\"La XV Trobada de Hateros de Bunyol se celebra aquest cap de setmana amb una varietat d&#8217;activitats que posen en valor les tradicions locals\">[+] <\/a><\/div>\n","protected":false},"author":12,"featured_media":236372,"comment_status":"open","ping_status":"open","sticky":false,"template":"","format":"standard","meta":{"footnotes":""},"categories":[11019,10911,10894,10912,11007,10896],"tags":[10913,10914,21164],"class_list":["post-236375","post","type-post","status-publish","format-standard","has-post-thumbnail","category-agenda-ca","category-bunol-ca","category-la-comarca-ca","category-la-hoya-ca","category-ocio-y-cultura-ca","category-seccion-ca","tag-bunol-ca","tag-la-hoya-de-bunol-chiva-ca","tag-xv-encuentro-de-hateros-ca"],"_links":{"self":[{"href":"https:\/\/tucomarca.whitekongsoftware.com\/ca\/wp-json\/wp\/v2\/posts\/236375","targetHints":{"allow":["GET"]}}],"collection":[{"href":"https:\/\/tucomarca.whitekongsoftware.com\/ca\/wp-json\/wp\/v2\/posts"}],"about":[{"href":"https:\/\/tucomarca.whitekongsoftware.com\/ca\/wp-json\/wp\/v2\/types\/post"}],"author":[{"embeddable":true,"href":"https:\/\/tucomarca.whitekongsoftware.com\/ca\/wp-json\/wp\/v2\/users\/12"}],"replies":[{"embeddable":true,"href":"https:\/\/tucomarca.whitekongsoftware.com\/ca\/wp-json\/wp\/v2\/comments?post=236375"}],"version-history":[{"count":0,"href":"https:\/\/tucomarca.whitekongsoftware.com\/ca\/wp-json\/wp\/v2\/posts\/236375\/revisions"}],"wp:featuredmedia":[{"embeddable":true,"href":"https:\/\/tucomarca.whitekongsoftware.com\/ca\/wp-json\/wp\/v2\/media\/236372"}],"wp:attachment":[{"href":"https:\/\/tucomarca.whitekongsoftware.com\/ca\/wp-json\/wp\/v2\/media?parent=236375"}],"wp:term":[{"taxonomy":"category","embeddable":true,"href":"https:\/\/tucomarca.whitekongsoftware.com\/ca\/wp-json\/wp\/v2\/categories?post=236375"},{"taxonomy":"post_tag","embeddable":true,"href":"https:\/\/tucomarca.whitekongsoftware.com\/ca\/wp-json\/wp\/v2\/tags?post=236375"}],"curies":[{"name":"wp","href":"https:\/\/api.w.org\/{rel}","templated":true}]}}