{"id":236341,"date":"2024-09-10T09:33:00","date_gmt":"2024-09-10T07:33:00","guid":{"rendered":"https:\/\/www.tucomarca.com\/wordpress\/segunda\/?p=236341"},"modified":"2024-09-10T18:16:24","modified_gmt":"2024-09-10T16:16:24","slug":"la-secretaria-autonomica-de-cultura-assegura-que-la-nova-programacio-del-ivc-consolidara-a-la-comunitat-valenciana-com-a-referent-de-les-arts-esceniques","status":"publish","type":"post","link":"https:\/\/tucomarca.whitekongsoftware.com\/ca\/la-secretaria-autonomica-de-cultura-assegura-que-la-nova-programacio-del-ivc-consolidara-a-la-comunitat-valenciana-com-a-referent-de-les-arts-esceniques\/","title":{"rendered":"La secret\u00e0ria auton\u00f2mica de Cultura assegura que la nova programaci\u00f3 del IVC consolidar\u00e0 a la Comunitat Valenciana com a referent de les arts esc\u00e8niques"},"content":{"rendered":"\n<h3 class=\"wp-block-heading\">Els teatres Principal i Rialto acullen 24 propostes de diferents llenguatges esc\u00e8nics entre setembre de 2024 i gener de 2025.<\/h3>\n\n\n\n<h3 class=\"wp-block-heading\">El teatre cl\u00e0ssic, la creaci\u00f3 contempor\u00e0nia i la professi\u00f3 valenciana componen una temporada que pret\u00e9n refor\u00e7ar els lla\u00e7os amb el p\u00fablic.<\/h3>\n\n\n\n<p class=\"wp-block-paragraph\">La Conselleria d&#8217;Educaci\u00f3, Cultura, Universitats i Ocupaci\u00f3 ha presentat aquest dimarts la programaci\u00f3 d&#8217;Arts Esc\u00e8niques del Institut Valenci\u00e0 de Cultura per a la Temporada de setembre a gener de 2024-2025, la primera dissenyada per la nova direcci\u00f3 del IVC.<\/p>\n\n\n\n<p class=\"wp-block-paragraph\">La secret\u00e0ria auton\u00f2mica de Cultura, Pilar Tebar, ha manifestat durant l&#8217;acte de presentaci\u00f3 que enguany s&#8217;ha treballat en una temporada que \u201cconsolide el IVC com a referent de les arts esc\u00e8niques dins i fora de la Comunitat Valenciana, no sols per la qualitat de les seues propostes sin\u00f3 per la seua aposta pel sector professional valenci\u00e0 i la participaci\u00f3 activa dels espectadors\u201d.<br>\u2028\u2028\u201cPer a aix\u00f2, -ha explicat- el IVC ha apostat per crear una programaci\u00f3 diversa, compromesa amb el teatre cl\u00e0ssic i la creaci\u00f3 contempor\u00e0nia, la qualitat, la innovaci\u00f3 i la igualtat, procurant l&#8217;equilibri entre llenguatges, est\u00e8tiques i formats de teatre, dansa i circ\u201d.<\/p>\n\n\n\n<figure class=\"wp-block-gallery has-nested-images columns-default is-cropped wp-block-gallery-1 is-layout-flex wp-block-gallery-is-layout-flex\">\n<figure class=\"wp-block-image size-large\"><img loading=\"lazy\" decoding=\"async\" width=\"1024\" height=\"818\" data-id=\"236336\" src=\"https:\/\/www.tucomarca.com\/wordpress\/segunda\/wp-content\/uploads\/2024\/09\/IVCTeatros3-1-1024x818.jpg\" alt=\"\" class=\"wp-image-236336\" srcset=\"https:\/\/tucomarca.whitekongsoftware.com\/wp-content\/uploads\/2024\/09\/IVCTeatros3-1-1024x818.jpg 1024w, https:\/\/tucomarca.whitekongsoftware.com\/wp-content\/uploads\/2024\/09\/IVCTeatros3-1-300x240.jpg 300w, https:\/\/tucomarca.whitekongsoftware.com\/wp-content\/uploads\/2024\/09\/IVCTeatros3-1-768x613.jpg 768w, https:\/\/tucomarca.whitekongsoftware.com\/wp-content\/uploads\/2024\/09\/IVCTeatros3-1.jpg 1181w\" sizes=\"auto, (max-width: 1024px) 100vw, 1024px\" \/><\/figure>\n\n\n\n<figure class=\"wp-block-image size-large\"><img loading=\"lazy\" decoding=\"async\" width=\"1024\" height=\"768\" data-id=\"236334\" src=\"https:\/\/www.tucomarca.com\/wordpress\/segunda\/wp-content\/uploads\/2024\/09\/IVCTeatros2-1-1024x768.jpg\" alt=\"\" class=\"wp-image-236334\" srcset=\"https:\/\/tucomarca.whitekongsoftware.com\/wp-content\/uploads\/2024\/09\/IVCTeatros2-1-1024x768.jpg 1024w, https:\/\/tucomarca.whitekongsoftware.com\/wp-content\/uploads\/2024\/09\/IVCTeatros2-1-300x225.jpg 300w, https:\/\/tucomarca.whitekongsoftware.com\/wp-content\/uploads\/2024\/09\/IVCTeatros2-1-768x576.jpg 768w, https:\/\/tucomarca.whitekongsoftware.com\/wp-content\/uploads\/2024\/09\/IVCTeatros2-1-678x509.jpg 678w, https:\/\/tucomarca.whitekongsoftware.com\/wp-content\/uploads\/2024\/09\/IVCTeatros2-1-326x245.jpg 326w, https:\/\/tucomarca.whitekongsoftware.com\/wp-content\/uploads\/2024\/09\/IVCTeatros2-1-80x60.jpg 80w, https:\/\/tucomarca.whitekongsoftware.com\/wp-content\/uploads\/2024\/09\/IVCTeatros2-1.jpg 1181w\" sizes=\"auto, (max-width: 1024px) 100vw, 1024px\" \/><\/figure>\n<\/figure>\n\n\n\n<p class=\"wp-block-paragraph\">En l&#8217;acte de presentaci\u00f3 ha participat tamb\u00e9 el director general del IVC, \u00c1lvaro L\u00f3pez-Jamar, que ha ressaltat l&#8217;especial aposta per \u201cla dinamitzaci\u00f3 del sector professional valenci\u00e0\u201d.<\/p>\n\n\n\n<p class=\"wp-block-paragraph\">En aquest sentit, ha afirmat que un dels objectius principals del IVC per a aquesta temporada \u00e9s \u201cestimular l&#8217;evoluci\u00f3 del sector professional valenci\u00e0 de les arts esc\u00e8niques a trav\u00e9s de l&#8217;exhibici\u00f3, per\u00f2 tamb\u00e9 incrementant el suport a la creaci\u00f3 valenciana mitjan\u00e7ant producci\u00f3 pr\u00f2pia, coproduccions, resid\u00e8ncies art\u00edstiques, programes d&#8217;autoria i laboratoris d&#8217;Investigaci\u00f3\u201d.<\/p>\n\n\n\n<p class=\"wp-block-paragraph\">La temporada compta amb 24 espectacles, dels quals un total de 14 projectes entre companyies, creadors i producci\u00f3 pr\u00f2pia tenen segell valenci\u00e0. Es tracta d&#8217;una programaci\u00f3 amb noms propis de l&#8217;escena que compten amb importants reconeixements.<\/p>\n\n\n\n<p class=\"wp-block-paragraph\">La directora art\u00edstica d&#8217;arts esc\u00e8niques del IVC, Mar\u00eda Jos\u00e9 Mora, ha sigut l&#8217;encarregada de desgranar la programaci\u00f3 i ha declarat que ha afrontat aquest programa \u201camb la convicci\u00f3 que un teatre del segle XXI \u00e9s un espai per al desenvolupament cultural individual i col\u00b7lectiu, en el qual l&#8217;exhibici\u00f3 ha d&#8217;estar acompanyada del di\u00e0leg i la participaci\u00f3 dels espectadors\u201d.<\/p>\n\n\n\n<p class=\"wp-block-paragraph\">\u201cPer aquest motiu, s&#8217;ha creat al voltant de la programaci\u00f3 una s\u00e8rie d&#8217;accions que busquen \u201ccrear vincles amb diferents comunitats intergeneracionals per a generar una ciutadania activa i compromesa amb la cultura\u201d, ha afegit.<\/p>\n\n\n\n<p class=\"wp-block-paragraph\"><strong>\u2028Teatre Principal<\/strong><\/p>\n\n\n\n<p class=\"wp-block-paragraph\">El Teatre Principal centra la seua programaci\u00f3 en l&#8217;aproximaci\u00f3 a textos cl\u00e0ssics des d&#8217;una renovada lectura, la revisi\u00f3 del teatre espanyol del Segle d&#8217;Or, l&#8217;exhibici\u00f3 del teatre universal atemporal i la creaci\u00f3 esc\u00e8nica contempor\u00e0nia.<\/p>\n\n\n\n<p class=\"wp-block-paragraph\">Comen\u00e7a la temporada amb el projecte esc\u00e8nic \u2018Vania x Vania\u2019. Dos acostaments diferents a un mateix text: Oncle Vania, de Ch\u00e9jov, reescrit en dues versions noves i originals, en estils completament distints. Dues obres independents, interpretades pels mateixos actors que es podran veure de manera seguida o per separat en el Teatre Principal i en el Teatre Rialto els dies 27, 28 i 29 de setembre.<\/p>\n\n\n\n<p class=\"wp-block-paragraph\">Els dies 5 i 6 d&#8217;octubre Pedro Casablanc puja a l&#8217;escenari amb \u2018Don Ram\u00f3n Mar\u00eda de la Vall-Incl\u00e1n a trav\u00e9s De Ram\u00f3n G\u00f3mez de la Serna\u2019 de Teatre Espanyol de Madrid i Bravo Teatre. L&#8217;obra \u00e9s un di\u00e0leg entre els dos Ramones, Valle Incl\u00e1n i G\u00f3mez de la Serna interpretat per un actor magistral (Premi Tal\u00eda 2024); un cant a la literatura i a una \u00e8poca on l&#8217;art i la vida es donaven la m\u00e0.<\/p>\n\n\n\n<p class=\"wp-block-paragraph\">El cl\u00e0ssic de Leopoldo Alas, Clar\u00ed \u2018La Regenta\u2019 revisitat per Eduardo Gal\u00e1n i Helena Pimenta (Premi Nacional de Teatre 1993) arriba els dies 12 i 13 d&#8217;octubre per a mostrar tota la complexitat del personatge d&#8217;Ana Ozores, una dona d&#8217;esperit lliure asfixiada per la societat del seu temps.<\/p>\n\n\n\n<p class=\"wp-block-paragraph\">El core\u00f2graf d&#8217;Ontinyent Marcos Morau ens porta la dansa el 20 d&#8217;octubre amb l&#8217;espectacle \u2018Firmament\u2019, una invitaci\u00f3 a somiar a partir de l&#8217;imaginari de la inf\u00e0ncia que concep un univers de representaci\u00f3 \u00fanic amb el segell inconfusible de la companyia de dansa La Veronal. \u2018Firmament\u2019 \u00e9s Premi Millor Espectacle de Dansa Premis Talia 2024.<\/p>\n\n\n\n<p class=\"wp-block-paragraph\">El circ contemporani \u00e9s present en el Principal del 25 al 27 d&#8217;octubre de la m\u00e0 de Kolectiv Lapse Cirk amb \u2018Qoroc\u2019, un po\u00e8tic espectacle de circ i equilibris amb m\u00fasica en escena. que va obtindre el Premi Millor Espectacle de Circ TAC 2024. L&#8217;espectacle ser\u00e0 un dels quals busquen la proximitat del p\u00fablic pel que es podr\u00e0 veure sobre el mateix escenari.<\/p>\n\n\n\n<p class=\"wp-block-paragraph\">Una de les pel\u00b7l\u00edcules m\u00e9s brillants de la cinematografia espanyola portada a escena, \u2018Els dilluns al sol\u2019, es podr\u00e0 veure els dies 9 i 10 de novembre. Amb un gran elenc, el film reflexiona sobre la societat, l&#8217;\u00e8xit i el frac\u00e0s, l&#8217;individual i el col\u00b7lectiu.<\/p>\n\n\n\n<p class=\"wp-block-paragraph\">D&#8217;altra banda, es presentar\u00e0 de nou sobre l&#8217;escenari \u2018Hist\u00f2ria d\u2019un Senglar\u2019 (o Alguna cosa de Ricard), un mon\u00f2leg en valenci\u00e0 escrit i dirigit per Gabriel Calder\u00f3n i interpretat per Joan Carreras, que es podr\u00e0 veure el 16 i 17 de novembre. Es tracta d&#8217;un text inspirat en Ricard III, que discorre al voltant dels mecanismes de poder contemporanis i els l\u00edmits de l&#8217;ambici\u00f3 humana.<\/p>\n\n\n\n<p class=\"wp-block-paragraph\">Aix\u00ed mateix, el 23 i 24 de novembre es podr\u00e0 veure \u2018Cortazar en joc\u2019, un homenatge teatral a la inabastable obra de Julio Cort\u00e1zar que ens transportar\u00e0 al seu fascinant i l\u00fadic univers. L&#8217;obra compta amb la dramat\u00fargia de Jos\u00e9 Sanchis Sinisterra i Clara Sanchis i est\u00e0 dirigit per Natalia Men\u00e9ndez i interpretada per Pablo Rivero i Clara Sanchis.<\/p>\n\n\n\n<p class=\"wp-block-paragraph\">La companyia Lucas Escobedo i la Companyia Nacional de Teatre Cl\u00e0ssic, amb la col\u00b7laboraci\u00f3 del IVC, presenten els dies 29, 30 de novembre i 1, 7 i 8 de desembre l&#8217;estrena absoluta de \u2018Farra\u2019. Circ, moviment, m\u00fasica en directe, m\u00e0gia i bogeria obrin la porta a la festa del Carnestoltes en una farra barroca imperdible.<\/p>\n\n\n\n<p class=\"wp-block-paragraph\">La temporada continua els dies 18 i 19 amb Nao d\u2019Amores i Companyia Nacional de Teatre Cl\u00e0ssic que presenten \u2018El Castell de Lindabridis\u2019, una obra novel\u00b7lesc-cavalleresca de Calder\u00f3n de la Barca, amb un embolic propi de les com\u00e8dies de capa i espasa dirigida per Ana Zamora, acabada de guardonar amb el Premi Nacional de Teatre 2023.<\/p>\n\n\n\n<p class=\"wp-block-paragraph\">Finalment, el ball flamenc arriba al Principal, el 26 de gener, amb una balladora brillant, magistral, tocada per la grandesa, Eva Yerbabuena amb el seu espectacle \u2018Yerbag\u00fcena\u2019.<\/p>\n\n\n\n<p class=\"wp-block-paragraph\"><strong>Teatre Rialto<\/strong><\/p>\n\n\n\n<p class=\"wp-block-paragraph\">Mar\u00eda Jos\u00e9 Mora ha continuat la seua exposici\u00f3 presentant la temporada en el Rialto: \u201cEntenem la Programaci\u00f3 Esc\u00e8nica del IVC en el seu equilibri entre el Teatre Principal i el Teatre Rialto. En el cas del Rialto, \u00e9s l&#8217;escenari idoni per al text contemporani, les arts del moviment, la hibridaci\u00f3 i en el qual donar cabuda a projectes basats en la diversitat. hibridaci\u00f3 i en el qual donar cabuda a projectes basats en la diversitat\u201d.<\/p>\n\n\n\n<p class=\"wp-block-paragraph\">Despr\u00e9s de l&#8217;inici de la temporada amb l&#8217;espectacle \u2018Vania x Vania\u2019 arriba del 3 al 6 d&#8217;octubre \u2018Dona en cinta de c\u00f3rrer sobre fons negre\u2019, Premi MAX al Millor Espectacle Revelaci\u00f3 2021. Aquesta com\u00e8dia aborda la consci\u00e8ncia de classe des de la perspectiva de g\u00e8nere, per\u00f2 sobretot aquesta hist\u00f2ria \u00e9s riure i pensament.<\/p>\n\n\n\n<p class=\"wp-block-paragraph\">Del 10 al 13 d&#8217;octubre altre espectacle premiat en els Max, \u2018Elektra\u2019, Espectacle Revelaci\u00f3 i Millor Versi\u00f3 2024. Un interessant acostament personal i \u00fanic a la trag\u00e8dia grega de la m\u00e0 de Fernanda Orazi.<\/p>\n\n\n\n<p class=\"wp-block-paragraph\">\u2018C\u00e0sting Lear\u2019 arriba del 17 al 20 d&#8217;octubre al Rialto. Una versi\u00f3 performativa del Rei Lear irreverent i acte ficcional amb actors convidats a un c\u00e0sting de pares tan sorprenent com emocionant.<\/p>\n\n\n\n<p class=\"wp-block-paragraph\">L&#8217;obra \u2018N\u00ednive\u2019 de la dramaturga valenciana Guadalupe S\u00e1ez es podr\u00e0 veure en estrena absoluta, del 24 al 27. \u00c9s la uni\u00f3 de dues hist\u00f2ries, la d&#8217;una neta i la del seu avi.<\/p>\n\n\n\n<p class=\"wp-block-paragraph\">Al novembre, el 2 i 3, arriba \u2018Not my monkeys\u2019, una cr\u00edtica sobre la dictadura de la felicitat que promou el fals benestar de la cultura occidental en clau de com\u00e8dia.<\/p>\n\n\n\n<p class=\"wp-block-paragraph\">Ni velles gl\u00f2ries ni joves promeses. Aix\u00ed s\u00f3n Els Ossada. Una banda de rock en hores baixes que tenen l&#8217;oportunitat de tornar a estar en la pomada. La companyia valenciana La Teta Calba compleix deu anys (Els Ossada tamb\u00e9) amb l&#8217;estrena absoluta de l&#8217;espectacle \u2018Tribut\u2019 que estar\u00e0 en el Rialto del 7 al 10 de novembre.<\/p>\n\n\n\n<p class=\"wp-block-paragraph\">La Sala 7 del Rialto acull els dies 15 i 16 \u2018For(D) Festa\u2019, una experi\u00e8ncia performativa, dirigida per la valenciana Olga Clavel, amb m\u00fasica en directe on cada sessi\u00f3 \u00e9s diferent i nom\u00e9s es completa amb la pres\u00e8ncia del p\u00fablic.<\/p>\n\n\n\n<p class=\"wp-block-paragraph\">Del 21 de novembre al 8 de desembre el IVC arriba a escena la seua producci\u00f3 pr\u00f2pia \u2018La taca\u2019, una obra de Sergio Serrano, fruit del text generat en el Laboratori d&#8217;escriptura \u00cdnsula Dramataria Josep Llu\u00eds Sirera. Una hist\u00f2ria sobre la fam\u00edlia i el dret a somiar.<\/p>\n\n\n\n<p class=\"wp-block-paragraph\">D&#8217;aquest laboratori d&#8217;escriptura dram\u00e0tica impulsat pel IVC en el seu programa de suport a la creaci\u00f3 local i dramat\u00fargia viva, sorgeixen nous textos les lectures dramatitzades dels quals es realitzaran de l&#8217;11 al 22 de desembre.<\/p>\n\n\n\n<p class=\"wp-block-paragraph\">Gener arriba amb \u2018Barbados en 2022\u2019 Un text de Pablo Rem\u00f3n, Premi Nacional Literatura Dram\u00e0tica 2021, que l&#8217;autor ha decidit revisitar cada 5 anys, que parla sobre la parella i les infinites versions que cont\u00e9 la seua pr\u00f2pia hist\u00f2ria.<\/p>\n\n\n\n<p class=\"wp-block-paragraph\">Del 16 al 19 de gener l&#8217;artista valenciana Patr\u00edcia Pardo ens proposa \u2018Cuina!\u2019, un espectacle de circ per a p\u00fablic adult: clown, acrob\u00e0cia exc\u00e8ntrica i cuina en directe.<\/p>\n\n\n\n<p class=\"wp-block-paragraph\">Pablo Rosal presenta \u2018Hui tinc alguna cosa a fer\u2019 del 23 al 26 de gener. Un mon\u00f2leg c\u00f2mic a la recerca d&#8217;una confessi\u00f3 p\u00fablica de la fragilitat i meravella de les nostres ocupacions vitals.<\/p>\n\n\n\n<p class=\"wp-block-paragraph\">La pe\u00e7a de dansa contempor\u00e0nia \u2018L&#8217;os\u2019, de la companyia alacantina de dansa Marroch ens parla de l&#8217;ansietat i com poder enfrontar-la del 30 de gener al 2 de febrer.<\/p>\n\n\n\n<p class=\"wp-block-paragraph\"><strong>Comunitat IVC<\/strong><\/p>\n\n\n\n<p class=\"wp-block-paragraph\">El Institut Valenci\u00e0 de Cultura t\u00e9 present al p\u00fablic com a part fonamental de l&#8217;ecosistema, per aix\u00f2 aquesta temporada es treballa des d&#8217;una nova \u00e0rea de mediaci\u00f3 i participaci\u00f3 per a atraure&#8217;l, omplir les sales i generar una comunitat de persones aficionades i vinculades als teatres del IVC.<\/p>\n\n\n\n<p class=\"wp-block-paragraph\">Tal com ha avan\u00e7at Mar\u00eda Jos\u00e9 Mora en la seua intervenci\u00f3 aquesta temporada el IVC centra els seus esfor\u00e7os a crear un teixit viu d&#8217;espectadors pel que s&#8217;ha posat el focus en la creaci\u00f3 de diferents comunitats intergeneracionals.<\/p>\n\n\n\n<p class=\"wp-block-paragraph\">Aquesta temporada s&#8217;ha creat la \u2018Comunitat IVC\u2019, un grup redu\u00eft d&#8217;espectadors que assistiran a obres i faran treballs reflexius i art\u00edstics referent a aquestes. Tamb\u00e9 \u00e9s important la creaci\u00f3 de lla\u00e7os amb diferents estudiants universitaris de Filologia o Periodisme amb els quals el IVC vol establir una relaci\u00f3 pr\u00f2xima per a activar en ells una mirada cr\u00edtica cap al teatre proposant diferents activitats entorn de l&#8217;escriptura paral\u00b7leles a la nostra programaci\u00f3. Tamb\u00e9 es realitzaran xarrades, col\u00b7loquis i trobades amb el p\u00fablic.<\/p>\n\n\n\n<p class=\"wp-block-paragraph\">Aix\u00ed mateix, s&#8217;oferiran Funcions Accessibles incorporant subtitulat, audiodescripci\u00f3 i llengua de signes en alguns espectacles perqu\u00e8 els nostres espectacles arriben a totes les persones.<\/p>\n\n\n\n<p class=\"wp-block-paragraph\">Tamb\u00e9 hi haur\u00e0 espai per a la formaci\u00f3 de professionals amb tallers de dramat\u00fargia, entrenaments de dansa i diferents programes de suport a la creaci\u00f3 local.<\/p>\n","protected":false},"excerpt":{"rendered":"<div class=\"mh-excerpt\">Els teatres Principal i Rialto acullen 24 propostes de diferents llenguatges esc\u00e8nics entre setembre de 2024 i gener de 2025. El teatre cl\u00e0ssic, la creaci\u00f3 contempor\u00e0nia i la professi\u00f3 valenciana componen una temporada que pret\u00e9n <a class=\"mh-excerpt-more\" href=\"https:\/\/tucomarca.whitekongsoftware.com\/ca\/la-secretaria-autonomica-de-cultura-assegura-que-la-nova-programacio-del-ivc-consolidara-a-la-comunitat-valenciana-com-a-referent-de-les-arts-esceniques\/\" title=\"La secret\u00e0ria auton\u00f2mica de Cultura assegura que la nova programaci\u00f3 del IVC consolidar\u00e0 a la Comunitat Valenciana com a referent de les arts esc\u00e8niques\">[+] <\/a><\/div>\n","protected":false},"author":12,"featured_media":236329,"comment_status":"open","ping_status":"open","sticky":false,"template":"","format":"standard","meta":{"footnotes":""},"categories":[10898,10894,10904,11007,10947,10896],"tags":[13274,17761,21161,21162],"class_list":["post-236341","post","type-post","status-publish","format-standard","has-post-thumbnail","category-ventana-ca","category-la-comarca-ca","category-sin-categorizar-ca","category-ocio-y-cultura-ca","category-politica","category-seccion-ca","tag-institut-valencia-de-cultura-ca","tag-ivc-ca","tag-nueva-programacion-ca","tag-pilar-tebar-ca"],"_links":{"self":[{"href":"https:\/\/tucomarca.whitekongsoftware.com\/ca\/wp-json\/wp\/v2\/posts\/236341","targetHints":{"allow":["GET"]}}],"collection":[{"href":"https:\/\/tucomarca.whitekongsoftware.com\/ca\/wp-json\/wp\/v2\/posts"}],"about":[{"href":"https:\/\/tucomarca.whitekongsoftware.com\/ca\/wp-json\/wp\/v2\/types\/post"}],"author":[{"embeddable":true,"href":"https:\/\/tucomarca.whitekongsoftware.com\/ca\/wp-json\/wp\/v2\/users\/12"}],"replies":[{"embeddable":true,"href":"https:\/\/tucomarca.whitekongsoftware.com\/ca\/wp-json\/wp\/v2\/comments?post=236341"}],"version-history":[{"count":0,"href":"https:\/\/tucomarca.whitekongsoftware.com\/ca\/wp-json\/wp\/v2\/posts\/236341\/revisions"}],"wp:featuredmedia":[{"embeddable":true,"href":"https:\/\/tucomarca.whitekongsoftware.com\/ca\/wp-json\/wp\/v2\/media\/236329"}],"wp:attachment":[{"href":"https:\/\/tucomarca.whitekongsoftware.com\/ca\/wp-json\/wp\/v2\/media?parent=236341"}],"wp:term":[{"taxonomy":"category","embeddable":true,"href":"https:\/\/tucomarca.whitekongsoftware.com\/ca\/wp-json\/wp\/v2\/categories?post=236341"},{"taxonomy":"post_tag","embeddable":true,"href":"https:\/\/tucomarca.whitekongsoftware.com\/ca\/wp-json\/wp\/v2\/tags?post=236341"}],"curies":[{"name":"wp","href":"https:\/\/api.w.org\/{rel}","templated":true}]}}