{"id":236259,"date":"2024-09-09T17:00:00","date_gmt":"2024-09-09T15:00:00","guid":{"rendered":"https:\/\/www.tucomarca.com\/wordpress\/segunda\/?p=236259"},"modified":"2024-09-09T19:14:51","modified_gmt":"2024-09-09T17:14:51","slug":"esquerra-alternativa-de-bunyol-iab-qualifica-la-gestio-del-carrer-gomez-ferrer-de-pitjor-impossible","status":"publish","type":"post","link":"https:\/\/tucomarca.whitekongsoftware.com\/ca\/esquerra-alternativa-de-bunyol-iab-qualifica-la-gestio-del-carrer-gomez-ferrer-de-pitjor-impossible\/","title":{"rendered":"Esquerra Alternativa de Bunyol (IAB) qualifica la gesti\u00f3 del carrer G\u00f3mez Ferrer de &#8220;pitjor impossible&#8221;"},"content":{"rendered":"\n<p class=\"wp-block-paragraph\">&#8220;Des que unes pluges torrencials van fer estralls el 12 de Juny al Carrer G\u00f3mez Ferrer, Jose M\u00aa Pereda i Guillem Sorolla fins al dia de hui ha sigut una s\u00e8rie de catastr\u00f2fiques dissorts, fins a 4 vegades el carrer i les seues ve\u00efnes han sigut afectats per inundacions, desperfectes, brut\u00edcia i rates&#8221;, tal com asseguren des de la formaci\u00f3 Esquerra Alternativa de Bunyol (IAB) en un comunicat.&nbsp;<\/p>\n\n\n\n<p class=\"wp-block-paragraph\">&#8220;El regidor d&#8217;Obres, Sergio Galarza, admet que existeixen nombroses queixes des de 2022, per qu\u00e8 no van actuar en els 12 mesos que portaven de Govern. Inexplicable. El 29 de Juny va a m\u00e9s, es retira enderrocs i asfalt en molt mal estat i s&#8217;habilita pas per als vehicles a pur estil Par\u00eds-Dakar, i aix\u00ed fins a les pluges torrencials de setembre que ens converteix en not\u00edcia a nivell nacional de m\u00e0 de Mario Picazo. Abans el divendres de Fira 23 d&#8217;Agost una moci\u00f3 del PSPV-PSOE per a declarar la urg\u00e8ncia de les obres, i dotar econ\u00f2micament el projecte \u00e9s rebutjada per PP i X Bunyol, moci\u00f3 que puja tard al no convocar-se com tocava el ple ordinari de Juliol. Durant els \u00faltims episodis torrencials avisats per AEMET el regidor d&#8217;Obres i Festes decideix anar-se de vacances a Roma, segones vacances de l&#8217;estiu, desconnectant el seu dispositiu m\u00f2bil, mentre la teulada dels locals d&#8217;assaig de Molino Gal\u00e1n col\u00b7lapsa i causa greus desperfectes en els equips delos grups i en els propis locals, estava avisat fa 18 mesos sense actuar i evitar danys evidents i quantiosos&#8221;, tal com critiquen des de IAB.&nbsp;<\/p>\n\n\n\n<p class=\"wp-block-paragraph\">&#8220;Aquesta cronologia a l&#8217;estil carrer Morat\u00edn dicta que existeix una clara i profund desistiment de funcions, incompet\u00e8ncia i que la prioritat \u00e9s la vida personal, les vacances, els sous i les festes i fer-se selfies fins i tot quan salten els ploms en plena cavalcada del dia de les M\u00fasiques, inaudit. Bunyol no mereix aquest Govern mal anomenat del canvi dedicat a la Dolce Vita, treballen tan poc que porten sense fer el \u201cInforma Bunyol\u201d des del 28 de Juny, abans era quasi setmanal, i l&#8217;activitat de l&#8217;Ajuntament s&#8217;ha redu\u00eft ostensiblement&#8221;.&nbsp;<\/p>\n\n\n\n<p class=\"wp-block-paragraph\">&#8220;Des de IAB hem sol\u00b7licitat acc\u00e9s a tota la documentaci\u00f3 disponible per a con\u00e9ixer fets i dades de forma m\u00e9s comprensible, registres d&#8217;entrada ve\u00efns, expedient de contractaci\u00f3, projectes si n&#8217;hi ha. Aquesta obra havia d&#8217;haver-se declarat d&#8217;emerg\u00e8ncia al juny permetent unes s\u00e8rie d&#8217;actuacions que s\u00f3n m\u00e9s r\u00e0pides i \u00e0gils per a l&#8217;administraci\u00f3 municipal com a contractacions i adjudicacions. L&#8217;Ajuntament disposa des del 9 d&#8217;abril de 2.300.000 \u20ac de Diputaci\u00f3 del PLA OBERT, dels quals \u00e9s obligat invertir el 10% en obres de canalitzaci\u00f3 d&#8217;aig\u00fces i cicle integral d&#8217;aig\u00fces, Hi ha diners suficients i disponibles&#8221;, finalitzen des de IAB en el seu comunicat.<\/p>\n","protected":false},"excerpt":{"rendered":"<div class=\"mh-excerpt\">&#8220;Des que unes pluges torrencials van fer estralls el 12 de Juny al Carrer G\u00f3mez Ferrer, Jose M\u00aa Pereda i Guillem Sorolla fins al dia de hui ha sigut una s\u00e8rie de catastr\u00f2fiques dissorts, fins <a class=\"mh-excerpt-more\" href=\"https:\/\/tucomarca.whitekongsoftware.com\/ca\/esquerra-alternativa-de-bunyol-iab-qualifica-la-gestio-del-carrer-gomez-ferrer-de-pitjor-impossible\/\" title=\"Esquerra Alternativa de Bunyol (IAB) qualifica la gesti\u00f3 del carrer G\u00f3mez Ferrer de &#8220;pitjor impossible&#8221;\">[+] <\/a><\/div>\n","protected":false},"author":13,"featured_media":236257,"comment_status":"open","ping_status":"open","sticky":false,"template":"","format":"standard","meta":{"footnotes":""},"categories":[10911,10948,10894,10912,10947,10896],"tags":[10913,10914,11140],"class_list":["post-236259","post","type-post","status-publish","format-standard","has-post-thumbnail","category-bunol-ca","category-infraestructuras-ca","category-la-comarca-ca","category-la-hoya-ca","category-politica","category-seccion-ca","tag-bunol-ca","tag-la-hoya-de-bunol-chiva-ca","tag-politica-ca"],"_links":{"self":[{"href":"https:\/\/tucomarca.whitekongsoftware.com\/ca\/wp-json\/wp\/v2\/posts\/236259","targetHints":{"allow":["GET"]}}],"collection":[{"href":"https:\/\/tucomarca.whitekongsoftware.com\/ca\/wp-json\/wp\/v2\/posts"}],"about":[{"href":"https:\/\/tucomarca.whitekongsoftware.com\/ca\/wp-json\/wp\/v2\/types\/post"}],"author":[{"embeddable":true,"href":"https:\/\/tucomarca.whitekongsoftware.com\/ca\/wp-json\/wp\/v2\/users\/13"}],"replies":[{"embeddable":true,"href":"https:\/\/tucomarca.whitekongsoftware.com\/ca\/wp-json\/wp\/v2\/comments?post=236259"}],"version-history":[{"count":0,"href":"https:\/\/tucomarca.whitekongsoftware.com\/ca\/wp-json\/wp\/v2\/posts\/236259\/revisions"}],"wp:featuredmedia":[{"embeddable":true,"href":"https:\/\/tucomarca.whitekongsoftware.com\/ca\/wp-json\/wp\/v2\/media\/236257"}],"wp:attachment":[{"href":"https:\/\/tucomarca.whitekongsoftware.com\/ca\/wp-json\/wp\/v2\/media?parent=236259"}],"wp:term":[{"taxonomy":"category","embeddable":true,"href":"https:\/\/tucomarca.whitekongsoftware.com\/ca\/wp-json\/wp\/v2\/categories?post=236259"},{"taxonomy":"post_tag","embeddable":true,"href":"https:\/\/tucomarca.whitekongsoftware.com\/ca\/wp-json\/wp\/v2\/tags?post=236259"}],"curies":[{"name":"wp","href":"https:\/\/api.w.org\/{rel}","templated":true}]}}