{"id":236022,"date":"2024-09-07T10:00:00","date_gmt":"2024-09-07T08:00:00","guid":{"rendered":"https:\/\/www.tucomarca.com\/wordpress\/segunda\/?p=236022"},"modified":"2024-09-07T10:12:20","modified_gmt":"2024-09-07T08:12:20","slug":"el-cd-bunyol-arranca-la-seua-temporada-24-25-en-el-beltran-baguena-contra-el-silla-cf-aquest-diumenge","status":"publish","type":"post","link":"https:\/\/tucomarca.whitekongsoftware.com\/ca\/el-cd-bunyol-arranca-la-seua-temporada-24-25-en-el-beltran-baguena-contra-el-silla-cf-aquest-diumenge\/","title":{"rendered":"El CD Bunyol arranca la seua temporada 24-25 en el Beltr\u00e1n B\u00e1guena contra el Silla CF aquest diumenge"},"content":{"rendered":"\n<p class=\"wp-block-paragraph\">Aquest diumenge, 8 de setembre, a les 18,00 hores, el CD Bunyol arranca la seua temporada enfrontant-se al Silla CF en el camp Beltr\u00e1n B\u00e1guena. <\/p>\n\n\n\n<p class=\"wp-block-paragraph\">Ser\u00e0 un partit clau d&#8217;inici de lliga per a tots dos equips. El CD Bunyol buscar\u00e0 comen\u00e7ar amb bon peu enfront de la seua afici\u00f3, mentre que el Silla CF intentar\u00e0 sumar els seus primers punts de la temporada com a visitant. <\/p>\n\n\n\n<p class=\"wp-block-paragraph\">Aix\u00ed mateix, el Juvenil s&#8217;enfrontar\u00e0 a la mateixa hora del diumenge al B\u00e9tera CF A en el Poliesportiu Municipal de B\u00e9tera.<\/p>\n","protected":false},"excerpt":{"rendered":"<div class=\"mh-excerpt\">Aquest diumenge, 8 de setembre, a les 18,00 hores, el CD Bunyol arranca la seua temporada enfrontant-se al Silla CF en el camp Beltr\u00e1n B\u00e1guena. Ser\u00e0 un partit clau d&#8217;inici de lliga per a tots <a class=\"mh-excerpt-more\" href=\"https:\/\/tucomarca.whitekongsoftware.com\/ca\/el-cd-bunyol-arranca-la-seua-temporada-24-25-en-el-beltran-baguena-contra-el-silla-cf-aquest-diumenge\/\" title=\"El CD Bunyol arranca la seua temporada 24-25 en el Beltr\u00e1n B\u00e1guena contra el Silla CF aquest diumenge\">[+] <\/a><\/div>\n","protected":false},"author":12,"featured_media":220478,"comment_status":"open","ping_status":"open","sticky":false,"template":"","format":"standard","meta":{"footnotes":""},"categories":[10911,11015,11003,10894,10912,10896],"tags":[10913,11126,10914],"class_list":["post-236022","post","type-post","status-publish","format-standard","has-post-thumbnail","category-bunol-ca","category-canal-futbol","category-sports","category-la-comarca-ca","category-la-hoya-ca","category-seccion-ca","tag-bunol-ca","tag-cd-bunol-ca","tag-la-hoya-de-bunol-chiva-ca"],"_links":{"self":[{"href":"https:\/\/tucomarca.whitekongsoftware.com\/ca\/wp-json\/wp\/v2\/posts\/236022","targetHints":{"allow":["GET"]}}],"collection":[{"href":"https:\/\/tucomarca.whitekongsoftware.com\/ca\/wp-json\/wp\/v2\/posts"}],"about":[{"href":"https:\/\/tucomarca.whitekongsoftware.com\/ca\/wp-json\/wp\/v2\/types\/post"}],"author":[{"embeddable":true,"href":"https:\/\/tucomarca.whitekongsoftware.com\/ca\/wp-json\/wp\/v2\/users\/12"}],"replies":[{"embeddable":true,"href":"https:\/\/tucomarca.whitekongsoftware.com\/ca\/wp-json\/wp\/v2\/comments?post=236022"}],"version-history":[{"count":0,"href":"https:\/\/tucomarca.whitekongsoftware.com\/ca\/wp-json\/wp\/v2\/posts\/236022\/revisions"}],"wp:featuredmedia":[{"embeddable":true,"href":"https:\/\/tucomarca.whitekongsoftware.com\/ca\/wp-json\/wp\/v2\/media\/220478"}],"wp:attachment":[{"href":"https:\/\/tucomarca.whitekongsoftware.com\/ca\/wp-json\/wp\/v2\/media?parent=236022"}],"wp:term":[{"taxonomy":"category","embeddable":true,"href":"https:\/\/tucomarca.whitekongsoftware.com\/ca\/wp-json\/wp\/v2\/categories?post=236022"},{"taxonomy":"post_tag","embeddable":true,"href":"https:\/\/tucomarca.whitekongsoftware.com\/ca\/wp-json\/wp\/v2\/tags?post=236022"}],"curies":[{"name":"wp","href":"https:\/\/api.w.org\/{rel}","templated":true}]}}