{"id":235913,"date":"2024-09-05T14:00:00","date_gmt":"2024-09-05T12:00:00","guid":{"rendered":"https:\/\/www.tucomarca.com\/wordpress\/segunda\/?p=235913"},"modified":"2024-09-05T15:55:38","modified_gmt":"2024-09-05T13:55:38","slug":"el-festival-nomade-ontinyent-alforins-aferma-la-seua-proposta-gastronomica-amb-ajuda-de-la-diputacio-de-valencia","status":"publish","type":"post","link":"https:\/\/tucomarca.whitekongsoftware.com\/ca\/el-festival-nomade-ontinyent-alforins-aferma-la-seua-proposta-gastronomica-amb-ajuda-de-la-diputacio-de-valencia\/","title":{"rendered":"El Festival N\u00f3made Ontinyent-Alforins aferma la seua proposta gastron\u00f2mica amb ajuda de la Diputaci\u00f3 de Val\u00e8ncia"},"content":{"rendered":"\n<h3 class=\"wp-block-heading\"><strong><strong>Els restaurants Tracabar i A Roig Viu oferiran les seues degustacions el dissabte 14 de setembre en diferents escenaris d&#8217;Ontinyent. Les mancomunitats de la Vall i la Costera-Canal col\u00b7laboren en el festival de m\u00fasica, paisatge i gastronomia que tamb\u00e9 arribar\u00e0 a Moixent i Bocairent<\/strong><\/strong>.<\/h3>\n\n\n\n<h3 class=\"wp-block-heading\"><strong><strong>La vicepresidenta Nat\u00e0lia Enguix considera els Festivals Territori \u201cun impuls per al producte local i un ant\u00eddot ideal contra la turismef\u00f2bia\u201d<\/strong><\/strong>.<\/h3>\n\n\n\n<p class=\"wp-block-paragraph\">El festival N\u00f3made Ontinyent-Alforins, que pertany a la marca Festivals Territori i compta amb la col\u00b7laboraci\u00f3 de la Diputaci\u00f3 de Val\u00e8ncia, celebrar\u00e0 del 13 al 15 de setembre la seua tercera edici\u00f3 entre els municipis d&#8217;Ontinyent, Moixent i Bocairent. El grup indie Shinova encap\u00e7ala el cartell d&#8217;actuacions musicals juntament amb Guillem Gisbert (ex Manel) i Tito Ram\u00edrez, entre altres.<\/p>\n\n\n\n<p class=\"wp-block-paragraph\">El certamen que acollir\u00e0 estos dies la Vall d&#8217;Albaida i la Costera aferma la seua proposta gastron\u00f2mica, una de les quatre potes d&#8217;esta iniciativa que la vicepresidenta primera de la Diputaci\u00f3, Nat\u00e0lia Enguix, considera \u201cun gran impuls per al producte local, de proximitat, i un ant\u00eddot ideal contra la turismef\u00f2bia, ja que ens permet disfrutar de la m\u00fasica, la naturalesa, l&#8217;art i la restauraci\u00f3 amb tranquil\u00b7litat, sense esdeveniments massius i respectant la conviv\u00e8ncia\u201d.<\/p>\n\n\n\n<p class=\"wp-block-paragraph\">El festival N\u00f3made Ontinyent-Alforins dona a con\u00e9ixer la proposta gastron\u00f2mica d&#8217;esta edici\u00f3, que tindr\u00e0 lloc el dissabte 14 en els escenaris situats en la localitat d&#8217;Ontinyent: el Museu T\u00e8xtil de la Comunitat Valenciana i el Parc de la Glorieta. L&#8217;oferta culin\u00e0ria estar\u00e0 a c\u00e0rrec dels restaurants Tracabar i A Roig Viu, amb plats de qualitat elaborats amb ingredients de proximitat&nbsp; que faran les del\u00edcies del p\u00fablic.<\/p>\n\n\n\n<p class=\"wp-block-paragraph\">El restaurant A Roig Viu, situat en Albaida, es caracteritza per oferir una diversitat de plats basats en cada temporada i en la creativitat dels seus cuiners. A m\u00e9s, fa un especial \u00e8mfasi en productes locals a la brasa, col\u00b7laborant amb xicotets productors.<\/p>\n\n\n\n<p class=\"wp-block-paragraph\">Tracabar, localitzat a la capital de la Vall, destaca per la seua varietat de tapes i pintxos amb el toc d&#8217;Arturo Roig com a xef i posant en el centre la qualitat de cadascun dels ingredients amb els quals treballen. El festival t\u00e9 una forta vinculaci\u00f3 amb la gastronomia, amb l&#8217;objectiu que el p\u00fablic tamb\u00e9 puga descobrir la riquesa del territori a trav\u00e9s del paladar.<\/p>\n\n\n\n<p class=\"wp-block-paragraph\"><strong>Festivals Territori<\/strong><\/p>\n\n\n\n<p class=\"wp-block-paragraph\">La marca \u2019Festivals Territori\u2019 engloba a cinc festivals de xicotet format repartits per diferents entorns naturals de la pen\u00ednsula. La seua posada en com\u00fa \u00e9s maridar la m\u00fasica, el paisatge, la gastronomia i l&#8217;art en enclavaments \u00fanics per a oferir una experi\u00e8ncia completa per a tots els sentits. La prov\u00edncia de Val\u00e9ncia acull enguany dos d&#8217;estos Festivals Territori, el Festival N\u00f3made i Tierra Bobal Fest, que es va celebrar el mes de juny. La Diputaci\u00f3 col\u00b7labora en els dos cert\u00e0mens a trav\u00e9s de les seues \u00e0rees de Comarcalitzaci\u00f3 i Turisme.<\/p>\n\n\n\n<p class=\"wp-block-paragraph\">N\u00f3made \u00e9s una aposta diferent per a posar en valor la riquesa paisatg\u00edstica i cultural del territori, i per aix\u00f2 oferix experi\u00e8ncies d&#8217;aforament limitat al p\u00fablic que vulga con\u00e9ixer el seu patrimoni. Queden poques places disponibles per a disfrutar del programa d&#8217;experi\u00e8ncies del festival, podent triar entre visites guiades, rutes patrimonials o experi\u00e8ncies en bodegues de la zona.<\/p>\n\n\n\n<p class=\"wp-block-paragraph\">Les entrades que donen acc\u00e9s a la programaci\u00f3 musical del dissabte es troben disponibles en el web <a href=\"https:\/\/www.entradasatualcance.com\/tickets-nomade-ontinyent-alforins-2054\">https:\/\/www.entradasatualcance.com\/tickets-nomade-ontinyent-alforins-2054<\/a>, aix\u00ed com les entrades del servici especial de transport, ja que el festival t\u00e9 un pla de mobilitat per a reduir l&#8217;\u00fas de vehicles i disminuir aix\u00ed l&#8217;impacte ambiental.<\/p>\n\n\n\n<p class=\"wp-block-paragraph\">Com la resta de Festivals Territori, en col\u00b7laboraci\u00f3 amb els municipis d&#8217;Ontinyent, Bocairent i Moixent, N\u00f3made es caracteritza per oferir una programaci\u00f3 diferent, allunyada de les multituds, i respectant l&#8217;entorn. La Diputaci\u00f3 de Val\u00e8ncia, des de Comarcalitzaci\u00f3 i Turisme, participa en esta nova edici\u00f3 al costat de les Mancomunitats de la Vall d\u2019Albaida i la Costera-Canal.<\/p>\n\n\n\n<figure class=\"wp-block-image size-large\"><img loading=\"lazy\" decoding=\"async\" width=\"1024\" height=\"682\" src=\"https:\/\/www.tucomarca.com\/wordpress\/segunda\/wp-content\/uploads\/2024\/09\/1-Nomade-1024x682.jpeg\" alt=\"\" class=\"wp-image-235914\" srcset=\"https:\/\/tucomarca.whitekongsoftware.com\/wp-content\/uploads\/2024\/09\/1-Nomade-1024x682.jpeg 1024w, https:\/\/tucomarca.whitekongsoftware.com\/wp-content\/uploads\/2024\/09\/1-Nomade-300x200.jpeg 300w, https:\/\/tucomarca.whitekongsoftware.com\/wp-content\/uploads\/2024\/09\/1-Nomade-768x512.jpeg 768w, https:\/\/tucomarca.whitekongsoftware.com\/wp-content\/uploads\/2024\/09\/1-Nomade-1536x1023.jpeg 1536w, https:\/\/tucomarca.whitekongsoftware.com\/wp-content\/uploads\/2024\/09\/1-Nomade.jpeg 1600w\" sizes=\"auto, (max-width: 1024px) 100vw, 1024px\" \/><\/figure>\n","protected":false},"excerpt":{"rendered":"<div class=\"mh-excerpt\">Els restaurants Tracabar i A Roig Viu oferiran les seues degustacions el dissabte 14 de setembre en diferents escenaris d&#8217;Ontinyent. Les mancomunitats de la Vall i la Costera-Canal col\u00b7laboren en el festival de m\u00fasica, paisatge <a class=\"mh-excerpt-more\" href=\"https:\/\/tucomarca.whitekongsoftware.com\/ca\/el-festival-nomade-ontinyent-alforins-aferma-la-seua-proposta-gastronomica-amb-ajuda-de-la-diputacio-de-valencia\/\" title=\"El Festival N\u00f3made Ontinyent-Alforins aferma la seua proposta gastron\u00f2mica amb ajuda de la Diputaci\u00f3 de Val\u00e8ncia\">[+] <\/a><\/div>\n","protected":false},"author":13,"featured_media":235911,"comment_status":"open","ping_status":"open","sticky":false,"template":"","format":"standard","meta":{"footnotes":""},"categories":[20529,11005,10898,10904,20456,11007,10896],"tags":[20516,11199,21108,20262,15856],"class_list":["post-235913","post","type-post","status-publish","format-standard","has-post-thumbnail","category-patrimonio-cultural-ca","category-canal-musica","category-ventana-ca","category-sin-categorizar-ca","category-la-diputacio-de-valencia-informa-ca","category-ocio-y-cultura-ca","category-seccion-ca","tag-cooperacion-municipal-ca","tag-la-comunitat-ca","tag-la-diputacio-en-las-comarcas-ca","tag-natalia-enguix-ca","tag-ocio-y-cultura-ca"],"_links":{"self":[{"href":"https:\/\/tucomarca.whitekongsoftware.com\/ca\/wp-json\/wp\/v2\/posts\/235913","targetHints":{"allow":["GET"]}}],"collection":[{"href":"https:\/\/tucomarca.whitekongsoftware.com\/ca\/wp-json\/wp\/v2\/posts"}],"about":[{"href":"https:\/\/tucomarca.whitekongsoftware.com\/ca\/wp-json\/wp\/v2\/types\/post"}],"author":[{"embeddable":true,"href":"https:\/\/tucomarca.whitekongsoftware.com\/ca\/wp-json\/wp\/v2\/users\/13"}],"replies":[{"embeddable":true,"href":"https:\/\/tucomarca.whitekongsoftware.com\/ca\/wp-json\/wp\/v2\/comments?post=235913"}],"version-history":[{"count":0,"href":"https:\/\/tucomarca.whitekongsoftware.com\/ca\/wp-json\/wp\/v2\/posts\/235913\/revisions"}],"wp:featuredmedia":[{"embeddable":true,"href":"https:\/\/tucomarca.whitekongsoftware.com\/ca\/wp-json\/wp\/v2\/media\/235911"}],"wp:attachment":[{"href":"https:\/\/tucomarca.whitekongsoftware.com\/ca\/wp-json\/wp\/v2\/media?parent=235913"}],"wp:term":[{"taxonomy":"category","embeddable":true,"href":"https:\/\/tucomarca.whitekongsoftware.com\/ca\/wp-json\/wp\/v2\/categories?post=235913"},{"taxonomy":"post_tag","embeddable":true,"href":"https:\/\/tucomarca.whitekongsoftware.com\/ca\/wp-json\/wp\/v2\/tags?post=235913"}],"curies":[{"name":"wp","href":"https:\/\/api.w.org\/{rel}","templated":true}]}}