{"id":235832,"date":"2024-09-05T12:00:00","date_gmt":"2024-09-05T10:00:00","guid":{"rendered":"https:\/\/www.tucomarca.com\/wordpress\/segunda\/?p=235832"},"modified":"2024-09-05T13:20:18","modified_gmt":"2024-09-05T11:20:18","slug":"la-diputacio-de-valencia-i-el-gremi-dartistes-fallers-plantaran-monuments-en-els-municipis-del-rincon-de-ademuz","status":"publish","type":"post","link":"https:\/\/tucomarca.whitekongsoftware.com\/ca\/la-diputacio-de-valencia-i-el-gremi-dartistes-fallers-plantaran-monuments-en-els-municipis-del-rincon-de-ademuz\/","title":{"rendered":"La Diputaci\u00f3 de Val\u00e8ncia i el Gremi d&#8217;Artistes Fallers plantaran monuments en els municipis del Rinc\u00f3n de Ademuz"},"content":{"rendered":"\n<h3 class=\"wp-block-heading\">El nou conveni contempla una inversi\u00f3 de 300.000 euros de la corporaci\u00f3 que presidix Vicent Momp\u00f3 per a plantar falles en 30 municipis sense tradici\u00f3 fallera de nou comarques valencianes.<\/h3>\n\n\n\n<h3 class=\"wp-block-heading\">Ademuz, Castielfabib, Casas Altas, Casas Bajas, Torrebaja i Vallanca, en el Rinc\u00f3n, i Dome\u00f1o, en la Serran\u00eda, tindran les seues falles. La idea \u00e9s \u201cacostar l&#8217;art i la tradici\u00f3 fallera a tots els racons de la prov\u00edncia\u201d.<\/h3>\n\n\n\n<p class=\"wp-block-paragraph\">Sis dels set municipis del Rinc\u00f3n de Ademuz plantaran monuments entre els mesos de setembre i novembre gr\u00e0cies a la col\u00b7laboraci\u00f3 entre la Diputaci\u00f3 de Val\u00e8ncia i el Gremi d&#8217;Artistes Fallers per a difondre l&#8217;art i la tradici\u00f3 entre els municipis menys acostumats a esta festa. Ademuz, Castielfabib, Casas Altas, Casas Bajas, Torrebaja i Vallanca, en el Rinc\u00f3n, i Dome\u00f1o, en la Serran\u00eda, disfrutaran enguany de les Falles.<\/p>\n\n\n\n<p class=\"wp-block-paragraph\">Precisament el municipi de Castielfabib estrena la ruta fallera de la Diputaci\u00f3 per les comarques valencianes. La falla plantada per Fran Tarazona \u00e9s el primer dels 30 monuments que la corporaci\u00f3 provincial i el Gremi plantaran en altres tants municipis sense tradici\u00f3 o amb escassa activitat fallera, en el marc de les ajudes que la Diputaci\u00f3 que presidix Vicent Momp\u00f3 ve concedint a diferents sectors tradicionals vinculats a les festes.<\/p>\n\n\n\n<p class=\"wp-block-paragraph\">La subvenci\u00f3 arriba als 300.000 euros i es tradu\u00efx en la iniciativa del Gremi de plantar falles en pobles de nou comarques valencianes, la major part durant el mes d&#8217;octubre. Els m\u00e9s matiners seran, a m\u00e9s de Castielfabib, Torrebaja, Alfarb i L&#8217;\u00c8nova, que plantaran els seus monuments a la fi d&#8217;este mes. El president Momp\u00f3 considera que les festes \u201cs\u00f3n part de les nostres senyes d&#8217;identitat i, com a tals, continuarem contribuint a la seua difusi\u00f3\u201d.<\/p>\n\n\n\n<p class=\"wp-block-paragraph\">Vicent Momp\u00f3 destaca \u201cel treball que realitzen estos sectors tradicionals, als quals la Diputaci\u00f3 va recolzar especialment en temps de pand\u00e8mia i amb els quals hem prolongat la col\u00b7laboraci\u00f3 com a part important que s\u00f3n del nostre teixit productiu\u201d. \u201cLa iniciativa del Gremi d&#8217;Artistes Fallers, i tamb\u00e9 la dels pirot\u00e8cnics, ha funcionat molt b\u00e9 en estos \u00faltims anys, acostant l&#8217;art i la tradici\u00f3 fallera a racons de la prov\u00edncia, especialment de l&#8217;interior, que no tenien eixe contacte amb la festa, i per aix\u00f2 mantenim el projecte per a arribar a m\u00e9s municipis\u201d, afig Momp\u00f3.<\/p>\n\n\n\n<p class=\"wp-block-paragraph\">La major part dels monuments es plantaran a l&#8217;octubre, coincidint amb la celebraci\u00f3 del Dia de la Comunitat Valenciana, encara que en casos concrets, com Alfarras\u00ed, Benig\u00e0nim, Jarafuel, Navarr\u00e9s, R\u00e0fol de Salem i Villargordo del Cabriel esperaran a novembre. L&#8217;\u00faltim municipi a plantar ser\u00e0 Zarra durant el pont de desembre.<\/p>\n\n\n\n<p class=\"wp-block-paragraph\"><strong>30 pobles de nou comarques<\/strong><\/p>\n\n\n\n<p class=\"wp-block-paragraph\">La cinquena col\u00b7laboraci\u00f3 consecutiva entre el Gremi i la Diputaci\u00f3 es plasma en la creaci\u00f3 de 30 monuments que es plantaran a Aielo de Rugat, Alfarras\u00ed, Benicolet, Benissuera, Benissoda, Montaverner, Montitxelvo, Pinet, R\u00e0fol de Salem i Benig\u00e0nim (la Vall d&#8217;Albaida); Ador, Benifl\u00e0, Castellonet de la Conquesta i Guardamar de la Safor (la Safor); Dome\u00f1o (la Serran\u00eda); Villargordo del Cabriel i Sinarcas (Plana Utiel-Requena); L&#8217;\u00c9nova i Alfarb (la Ribera Alta); Quartell i Torres Torres (Camp de Morvedre); Jarafuel i Zarra (Valle de Ayora); i Navarr\u00e9s (la Canal).<\/p>\n\n\n\n<p class=\"wp-block-paragraph\">Una trentena d&#8217;artistes, molts d&#8217;ells joves que donen els seus primers passos en l&#8217;univers creatiu de les falles, participen en esta nova col\u00b7laboraci\u00f3 de la Diputaci\u00f3 i el Gremi que es traduir\u00e0 en la plant\u00e0 de monuments als carrers de pobles poc acostumats a disfrutar de l&#8217;art faller.<\/p>\n","protected":false},"excerpt":{"rendered":"<div class=\"mh-excerpt\">El nou conveni contempla una inversi\u00f3 de 300.000 euros de la corporaci\u00f3 que presidix Vicent Momp\u00f3 per a plantar falles en 30 municipis sense tradici\u00f3 fallera de nou comarques valencianes. Ademuz, Castielfabib, Casas Altas, Casas <a class=\"mh-excerpt-more\" href=\"https:\/\/tucomarca.whitekongsoftware.com\/ca\/la-diputacio-de-valencia-i-el-gremi-dartistes-fallers-plantaran-monuments-en-els-municipis-del-rincon-de-ademuz\/\" title=\"La Diputaci\u00f3 de Val\u00e8ncia i el Gremi d&#8217;Artistes Fallers plantaran monuments en els municipis del Rinc\u00f3n de Ademuz\">[+] <\/a><\/div>\n","protected":false},"author":12,"featured_media":235830,"comment_status":"open","ping_status":"open","sticky":false,"template":"","format":"standard","meta":{"footnotes":""},"categories":[10926,10890,10923,10924,10925,11035,11046,10898,10948,10894,10947,10896,10961,10962],"tags":[11097,11870,11871,17521,15612,21009,11080,13926,18256,18825],"class_list":["post-235832","post","type-post","status-publish","format-standard","has-post-thumbnail","category-ademus-ca","category-ademus","category-cases-altes","category-cases-baixes","category-castielfabib-ca","category-domeno-ca","category-los-serranos-ca","category-ventana-ca","category-infraestructuras-ca","category-la-comarca-ca","category-politica","category-seccion-ca","category-torrebaja-ca","category-vallanca-ca","tag-ademuz-ca","tag-casas-altas-ca","tag-casas-bajas-ca","tag-castielfabib-ca","tag-domeno-ca","tag-la-diputacio-de-valencia-ca","tag-los-serranos-ca","tag-torrebaja-ca","tag-vallanca-ca","tag-vicent-mompo-ca"],"_links":{"self":[{"href":"https:\/\/tucomarca.whitekongsoftware.com\/ca\/wp-json\/wp\/v2\/posts\/235832","targetHints":{"allow":["GET"]}}],"collection":[{"href":"https:\/\/tucomarca.whitekongsoftware.com\/ca\/wp-json\/wp\/v2\/posts"}],"about":[{"href":"https:\/\/tucomarca.whitekongsoftware.com\/ca\/wp-json\/wp\/v2\/types\/post"}],"author":[{"embeddable":true,"href":"https:\/\/tucomarca.whitekongsoftware.com\/ca\/wp-json\/wp\/v2\/users\/12"}],"replies":[{"embeddable":true,"href":"https:\/\/tucomarca.whitekongsoftware.com\/ca\/wp-json\/wp\/v2\/comments?post=235832"}],"version-history":[{"count":0,"href":"https:\/\/tucomarca.whitekongsoftware.com\/ca\/wp-json\/wp\/v2\/posts\/235832\/revisions"}],"wp:featuredmedia":[{"embeddable":true,"href":"https:\/\/tucomarca.whitekongsoftware.com\/ca\/wp-json\/wp\/v2\/media\/235830"}],"wp:attachment":[{"href":"https:\/\/tucomarca.whitekongsoftware.com\/ca\/wp-json\/wp\/v2\/media?parent=235832"}],"wp:term":[{"taxonomy":"category","embeddable":true,"href":"https:\/\/tucomarca.whitekongsoftware.com\/ca\/wp-json\/wp\/v2\/categories?post=235832"},{"taxonomy":"post_tag","embeddable":true,"href":"https:\/\/tucomarca.whitekongsoftware.com\/ca\/wp-json\/wp\/v2\/tags?post=235832"}],"curies":[{"name":"wp","href":"https:\/\/api.w.org\/{rel}","templated":true}]}}