{"id":235799,"date":"2024-09-04T12:30:00","date_gmt":"2024-09-04T10:30:00","guid":{"rendered":"https:\/\/www.tucomarca.com\/wordpress\/segunda\/?p=235799"},"modified":"2024-09-04T18:04:55","modified_gmt":"2024-09-04T16:04:55","slug":"lajuntament-de-cortes-de-pallas-organitza-el-musical-mamma-mia-el-14-de-setembre-en-la-placa-de-lesglesia","status":"publish","type":"post","link":"https:\/\/tucomarca.whitekongsoftware.com\/ca\/lajuntament-de-cortes-de-pallas-organitza-el-musical-mamma-mia-el-14-de-setembre-en-la-placa-de-lesglesia\/","title":{"rendered":"L&#8217;Ajuntament de Cortes de Pall\u00e1s organitza el musical Mamma Mia! el 14 de setembre en la Pla\u00e7a de l&#8217;Esgl\u00e9sia"},"content":{"rendered":"\n<p class=\"wp-block-paragraph\">L&#8217;Ajuntament de Cortes de Pall\u00e1s ha programat per al pr\u00f2xim 14 de setembre, a les 20,30 hores, la representaci\u00f3 del musical Mamma Mia! en la Pla\u00e7a de l&#8217;Esgl\u00e9sia, un esdeveniment organitzat per l&#8217;\u00e0rea de Benestar Social i Igualtat.<\/p>\n\n\n<div class=\"wp-block-image\">\n<figure class=\"alignleft size-large is-resized\"><img loading=\"lazy\" decoding=\"async\" width=\"723\" height=\"1024\" src=\"http:\/\/www.tucomarca.com\/wordpress\/segunda\/wp-content\/uploads\/2024\/09\/CortesMammaMia-723x1024.jpg\" alt=\"\" class=\"wp-image-235795\" style=\"width:390px;height:auto\" srcset=\"https:\/\/tucomarca.whitekongsoftware.com\/wp-content\/uploads\/2024\/09\/CortesMammaMia-723x1024.jpg 723w, https:\/\/tucomarca.whitekongsoftware.com\/wp-content\/uploads\/2024\/09\/CortesMammaMia-212x300.jpg 212w, https:\/\/tucomarca.whitekongsoftware.com\/wp-content\/uploads\/2024\/09\/CortesMammaMia-768x1087.jpg 768w, https:\/\/tucomarca.whitekongsoftware.com\/wp-content\/uploads\/2024\/09\/CortesMammaMia.jpg 886w\" sizes=\"auto, (max-width: 723px) 100vw, 723px\" \/><\/figure>\n<\/div>\n\n\n<p class=\"wp-block-paragraph\">Per a facilitar l&#8217;assist\u00e8ncia dels ve\u00efns i ve\u00efnes dels llogarets, s&#8217;ha disposat un servei d&#8217;autob\u00fas. Aquells interessats han d&#8217;inscriure&#8217;s abans de l&#8217;11 de setembre, comunicant-ho als seus respectius pedanis per a assegurar la seua pla\u00e7a en el transport. Aquesta iniciativa cerca fomentar la participaci\u00f3 i l&#8217;acc\u00e9s a la cultura en la localitat, brindant una vesprada d&#8217;entreteniment per a tots els p\u00fablics.<\/p>\n","protected":false},"excerpt":{"rendered":"<div class=\"mh-excerpt\">L&#8217;Ajuntament de Cortes de Pall\u00e1s ha programat per al pr\u00f2xim 14 de setembre, a les 20,30 hores, la representaci\u00f3 del musical Mamma Mia! en la Pla\u00e7a de l&#8217;Esgl\u00e9sia, un esdeveniment organitzat per l&#8217;\u00e0rea de Benestar <a class=\"mh-excerpt-more\" href=\"https:\/\/tucomarca.whitekongsoftware.com\/ca\/lajuntament-de-cortes-de-pallas-organitza-el-musical-mamma-mia-el-14-de-setembre-en-la-placa-de-lesglesia\/\" title=\"L&#8217;Ajuntament de Cortes de Pall\u00e1s organitza el musical Mamma Mia! el 14 de setembre en la Pla\u00e7a de l&#8217;Esgl\u00e9sia\">[+] <\/a><\/div>\n","protected":false},"author":12,"featured_media":235796,"comment_status":"open","ping_status":"open","sticky":false,"template":"","format":"standard","meta":{"footnotes":""},"categories":[11019,10951,10953,10894,11007,10896],"tags":[11230,11934],"class_list":["post-235799","post","type-post","status-publish","format-standard","has-post-thumbnail","category-agenda-ca","category-ayora-cofrentes-ca","category-cortes-de-pallas-ca","category-la-comarca-ca","category-ocio-y-cultura-ca","category-seccion-ca","tag-cortes-de-pallas-ca","tag-el-valle-de-ayora-cofrentes-ca"],"_links":{"self":[{"href":"https:\/\/tucomarca.whitekongsoftware.com\/ca\/wp-json\/wp\/v2\/posts\/235799","targetHints":{"allow":["GET"]}}],"collection":[{"href":"https:\/\/tucomarca.whitekongsoftware.com\/ca\/wp-json\/wp\/v2\/posts"}],"about":[{"href":"https:\/\/tucomarca.whitekongsoftware.com\/ca\/wp-json\/wp\/v2\/types\/post"}],"author":[{"embeddable":true,"href":"https:\/\/tucomarca.whitekongsoftware.com\/ca\/wp-json\/wp\/v2\/users\/12"}],"replies":[{"embeddable":true,"href":"https:\/\/tucomarca.whitekongsoftware.com\/ca\/wp-json\/wp\/v2\/comments?post=235799"}],"version-history":[{"count":0,"href":"https:\/\/tucomarca.whitekongsoftware.com\/ca\/wp-json\/wp\/v2\/posts\/235799\/revisions"}],"wp:featuredmedia":[{"embeddable":true,"href":"https:\/\/tucomarca.whitekongsoftware.com\/ca\/wp-json\/wp\/v2\/media\/235796"}],"wp:attachment":[{"href":"https:\/\/tucomarca.whitekongsoftware.com\/ca\/wp-json\/wp\/v2\/media?parent=235799"}],"wp:term":[{"taxonomy":"category","embeddable":true,"href":"https:\/\/tucomarca.whitekongsoftware.com\/ca\/wp-json\/wp\/v2\/categories?post=235799"},{"taxonomy":"post_tag","embeddable":true,"href":"https:\/\/tucomarca.whitekongsoftware.com\/ca\/wp-json\/wp\/v2\/tags?post=235799"}],"curies":[{"name":"wp","href":"https:\/\/api.w.org\/{rel}","templated":true}]}}