{"id":235777,"date":"2024-09-04T11:00:00","date_gmt":"2024-09-04T09:00:00","guid":{"rendered":"https:\/\/www.tucomarca.com\/wordpress\/segunda\/?p=235777"},"modified":"2024-09-04T18:34:43","modified_gmt":"2024-09-04T16:34:43","slug":"els-quintos-del-65-de-bunyol-es-reuneixen-un-any-mes-per-a-celebrar-el-seu-tradicional-menjar-de-fira-i-festes","status":"publish","type":"post","link":"https:\/\/tucomarca.whitekongsoftware.com\/ca\/els-quintos-del-65-de-bunyol-es-reuneixen-un-any-mes-per-a-celebrar-el-seu-tradicional-menjar-de-fira-i-festes\/","title":{"rendered":"Els &#8220;quintos&#8221; del 65 de Bunyol es reuneixen un any m\u00e9s per a celebrar el seu tradicional menjar de Fira i Festes"},"content":{"rendered":"\n<p class=\"wp-block-paragraph\">Els &#8220;quintos&#8221; del 65 s&#8217;ha reunit novament enguany per a celebrar el seu tradicional menjar de Fires, un esdeveniment que s&#8217;ha convertit en un costum per als quals van fer el servei militar en 1965.<\/p>\n\n\n\n<p class=\"wp-block-paragraph\">La reuni\u00f3, que es realitza durant les festes de Bunyol, \u00e9s una ocasi\u00f3 especial perqu\u00e8 els companys de &#8220;mili&#8221; i les seues esposes es retroben, compartisquen records i enfortisquen els lla\u00e7os que els uneixen des de fa d\u00e8cades.<\/p>\n\n\n\n<p class=\"wp-block-paragraph\">El menjar, caracteritzada per un ambient de companyonia i nost\u00e0lgia reviu an\u00e8cdotes de joventut i es gaudeix d&#8217;una jornada marcada per l&#8217;alegria i la conviv\u00e8ncia.<\/p>\n","protected":false},"excerpt":{"rendered":"<div class=\"mh-excerpt\">Els &#8220;quintos&#8221; del 65 s&#8217;ha reunit novament enguany per a celebrar el seu tradicional menjar de Fires, un esdeveniment que s&#8217;ha convertit en un costum per als quals van fer el servei militar en 1965. <a class=\"mh-excerpt-more\" href=\"https:\/\/tucomarca.whitekongsoftware.com\/ca\/els-quintos-del-65-de-bunyol-es-reuneixen-un-any-mes-per-a-celebrar-el-seu-tradicional-menjar-de-fira-i-festes\/\" title=\"Els &#8220;quintos&#8221; del 65 de Bunyol es reuneixen un any m\u00e9s per a celebrar el seu tradicional menjar de Fira i Festes\">[+] <\/a><\/div>\n","protected":false},"author":12,"featured_media":235776,"comment_status":"open","ping_status":"open","sticky":false,"template":"","format":"image","meta":{"footnotes":""},"categories":[10911,10894,10912,10896],"tags":[10913,10914,21145],"class_list":["post-235777","post","type-post","status-publish","format-image","has-post-thumbnail","category-bunol-ca","category-la-comarca-ca","category-la-hoya-ca","category-seccion-ca","tag-bunol-ca","tag-la-hoya-de-bunol-chiva-ca","tag-quinta-del-65-ca","post_format-post-format-image"],"_links":{"self":[{"href":"https:\/\/tucomarca.whitekongsoftware.com\/ca\/wp-json\/wp\/v2\/posts\/235777","targetHints":{"allow":["GET"]}}],"collection":[{"href":"https:\/\/tucomarca.whitekongsoftware.com\/ca\/wp-json\/wp\/v2\/posts"}],"about":[{"href":"https:\/\/tucomarca.whitekongsoftware.com\/ca\/wp-json\/wp\/v2\/types\/post"}],"author":[{"embeddable":true,"href":"https:\/\/tucomarca.whitekongsoftware.com\/ca\/wp-json\/wp\/v2\/users\/12"}],"replies":[{"embeddable":true,"href":"https:\/\/tucomarca.whitekongsoftware.com\/ca\/wp-json\/wp\/v2\/comments?post=235777"}],"version-history":[{"count":0,"href":"https:\/\/tucomarca.whitekongsoftware.com\/ca\/wp-json\/wp\/v2\/posts\/235777\/revisions"}],"wp:featuredmedia":[{"embeddable":true,"href":"https:\/\/tucomarca.whitekongsoftware.com\/ca\/wp-json\/wp\/v2\/media\/235776"}],"wp:attachment":[{"href":"https:\/\/tucomarca.whitekongsoftware.com\/ca\/wp-json\/wp\/v2\/media?parent=235777"}],"wp:term":[{"taxonomy":"category","embeddable":true,"href":"https:\/\/tucomarca.whitekongsoftware.com\/ca\/wp-json\/wp\/v2\/categories?post=235777"},{"taxonomy":"post_tag","embeddable":true,"href":"https:\/\/tucomarca.whitekongsoftware.com\/ca\/wp-json\/wp\/v2\/tags?post=235777"}],"curies":[{"name":"wp","href":"https:\/\/api.w.org\/{rel}","templated":true}]}}