{"id":235200,"date":"2024-09-02T10:00:00","date_gmt":"2024-09-02T08:00:00","guid":{"rendered":"https:\/\/www.tucomarca.com\/wordpress\/segunda\/?p=235200"},"modified":"2024-09-02T12:47:21","modified_gmt":"2024-09-02T10:47:21","slug":"el-ple-aprova-definitivament-el-pressupost-2024-i-ladjudicacio-de-14-parcelles-municipals-en-pi-blay","status":"publish","type":"post","link":"https:\/\/tucomarca.whitekongsoftware.com\/ca\/el-ple-aprova-definitivament-el-pressupost-2024-i-ladjudicacio-de-14-parcelles-municipals-en-pi-blay\/","title":{"rendered":"El ple de Xest aprova definitivament el Pressupost 2024 i l&#8217;adjudicaci\u00f3 de 14 parcel\u00b7les municipals en Pi Blay"},"content":{"rendered":"\n<p class=\"wp-block-paragraph\">Divendres passat, 30 d&#8217;agost, es van resoldre en una sessi\u00f3 de ple extraordin\u00e0ria dues al\u00b7legacions presentades al Pressupost municipal i a la plantilla de personal de l&#8217;exercici 2024. A m\u00e9s, es va aprovar l&#8217;adjudicaci\u00f3 de 14 parcel\u00b7les municipals del pol\u00edgon Pi Blay a l&#8217;empresa Embotits F. Mart\u00ednez R. S. a.<\/p>\n\n\n\n<p class=\"wp-block-paragraph\"><strong>Resoluci\u00f3 d&#8217;al\u00b7legacions\u00a0<\/strong><\/p>\n\n\n\n<p class=\"wp-block-paragraph\">Les al\u00b7legacions presentades al Pressupost municipal i a la plantilla de personal de l&#8217;exercici 2024 van ser desestimades, mitjan\u00e7ant el pertinent informe d&#8217;Intervenci\u00f3, pel fet que no es corresponien amb els motius d&#8217;impugnaci\u00f3 del pressupost de l&#8217;article 170 de la Llei Reguladora de les Hisendes Locals, tal com va explicar la regidora d&#8217;Hisenda, M\u00aa \u00c1ngeles Llorente. \u201cEn alguns punts s&#8217;al\u00b7lega a la insufici\u00e8ncia de cr\u00e8dit per a determinades actuacions. Eixa reclamaci\u00f3 naix des d&#8217;un punt de vista d&#8217;\u00edndole pol\u00edtic, ja que est\u00e0 dins de l&#8217;\u00e0mbit de l&#8217;opinable quant a les prioritats i necessitats de despesa, declaraci\u00f3 que de cap mode pot ser tinguda en compte a trav\u00e9s dels llits que possibilita l&#8217;article 170\u201d, apuntava Llorente. \u201cD&#8217;altra banda, cal assenyalar que el tr\u00e0mit seguit per a l&#8217;elaboraci\u00f3 i aprovaci\u00f3 del Pressupost ha sigut l&#8217;estrictament indicat conforme a la normativa vigent i les refer\u00e8ncies de les al\u00b7legacions s\u00f3n accions de car\u00e0cter complementari que no invaliden el procediment seguit per aquesta Corporaci\u00f3\u201d.<\/p>\n\n\n\n<p class=\"wp-block-paragraph\">Despr\u00e9s dels aclariments, es va procedir a votar l&#8217;aprovaci\u00f3 definitiva del Pressupost Municipal 2024 i de la plantilla de personal, que va comptar amb els vots a favor de PSOE i Esquerra Unida i els vots en contra del Partit Popular (PP), que va mantindre el seu argument del ple celebrat el passat 18 de juliol, en el qual es va presentar del Pressupost Municipal, i on el PP va manifestar no compartir el repartiment de despesa proposada per l&#8217;equip de govern.<\/p>\n\n\n\n<p class=\"wp-block-paragraph\"><strong>Venda de parcel\u00b7les municipals<\/strong><\/p>\n\n\n\n<p class=\"wp-block-paragraph\">D&#8217;altra banda, es va aprovar l&#8217;adjudicaci\u00f3 mitjan\u00e7ant venda directa de 14 parcel\u00b7les municipals del Pol\u00edgon Pi Blay a l&#8217;empresa Embotits F. Mart\u00ednez R. S. a., seguint els requisits del plec d&#8217;alienaci\u00f3 de parcel\u00b7les aprovat pel Ple el passat 1 de juny.<\/p>\n\n\n\n<p class=\"wp-block-paragraph\">L&#8217;adjudicaci\u00f3 va comptar amb els vots a favor de PSOE i Esquerra Unida i l&#8217;abstenci\u00f3 del Partit Popular, que va al\u00b7legar no disposar de la informaci\u00f3 a temps per a poder contrastar-la.<\/p>\n\n\n\n<p class=\"wp-block-paragraph\">Per part seua, l&#8217;alcalde de Xest, Jos\u00e9 Morell, va explicar que tota la documentaci\u00f3 est\u00e0 disponible per a la seua sol\u00b7licitud i va posar en valor la venda de les catorze parcel\u00b7les, que suposar\u00e0 uns ingressos per a l&#8217;Ajuntament de prop de 2 milions d&#8217;euros. \u201cPi Blay compta amb terrenys municipals i industrials i peri\u00f2dicament els portem a concurs. En aquest cas s&#8217;ha presentat una empresa que omplir\u00e0 el pol\u00edgon d&#8217;activitat, generant ingressos per a l&#8217;Ajuntament i llocs de treball, per\u00f2 el Partit Popular va presentar un recurs que ara posa en risc aquesta inversi\u00f3 mil\u00b7len\u00e0ria, per la qual cosa si no es retira aquest recurs no podem aprovar l&#8217;adjudicaci\u00f3\u201d, plantejava Morell.&nbsp;<\/p>\n\n\n\n<p class=\"wp-block-paragraph\">\u201cEs tracta d&#8217;un recurs relacionat amb una defici\u00e8ncia administrativa i no podem continuar amb els tr\u00e0mits sense retirar-lo\u201d, subratllava la regidora d&#8217;Hisenda i portaveu d&#8217;Esquerra Unida, M\u00aa \u00c1ngeles Llorente. \u201cPer\u00f2 tampoc t\u00e9 sentit fer-ho si el Partit Popular no garanteix que no va continuar recorrent despr\u00e9s\u201d.<\/p>\n\n\n\n<p class=\"wp-block-paragraph\">Davant l&#8217;exposat per l&#8217;alcalde i la regidora, el portaveu del Partit Popular, Enrique Peinado, va sol\u00b7licitar un rec\u00e9s que va culminar amb la retirada verbal del recurs presentat i l&#8217;abstenci\u00f3 del PP en la votaci\u00f3 del punt.<\/p>\n","protected":false},"excerpt":{"rendered":"<div class=\"mh-excerpt\">Divendres passat, 30 d&#8217;agost, es van resoldre en una sessi\u00f3 de ple extraordin\u00e0ria dues al\u00b7legacions presentades al Pressupost municipal i a la plantilla de personal de l&#8217;exercici 2024. A m\u00e9s, es va aprovar l&#8217;adjudicaci\u00f3 de <a class=\"mh-excerpt-more\" href=\"https:\/\/tucomarca.whitekongsoftware.com\/ca\/el-ple-aprova-definitivament-el-pressupost-2024-i-ladjudicacio-de-14-parcelles-municipals-en-pi-blay\/\" title=\"El ple de Xest aprova definitivament el Pressupost 2024 i l&#8217;adjudicaci\u00f3 de 14 parcel\u00b7les municipals en Pi Blay\">[+] <\/a><\/div>\n","protected":false},"author":13,"featured_media":235198,"comment_status":"open","ping_status":"open","sticky":false,"template":"","format":"standard","meta":{"footnotes":""},"categories":[10948,10894,10912,10947,10896,10974],"tags":[11071,12903,10914,11140],"class_list":["post-235200","post","type-post","status-publish","format-standard","has-post-thumbnail","category-infraestructuras-ca","category-la-comarca-ca","category-la-hoya-ca","category-politica","category-seccion-ca","category-cheste-ca","tag-cheste","tag-infraestructuras-ca","tag-la-hoya-de-bunol-chiva-ca","tag-politica-ca"],"_links":{"self":[{"href":"https:\/\/tucomarca.whitekongsoftware.com\/ca\/wp-json\/wp\/v2\/posts\/235200","targetHints":{"allow":["GET"]}}],"collection":[{"href":"https:\/\/tucomarca.whitekongsoftware.com\/ca\/wp-json\/wp\/v2\/posts"}],"about":[{"href":"https:\/\/tucomarca.whitekongsoftware.com\/ca\/wp-json\/wp\/v2\/types\/post"}],"author":[{"embeddable":true,"href":"https:\/\/tucomarca.whitekongsoftware.com\/ca\/wp-json\/wp\/v2\/users\/13"}],"replies":[{"embeddable":true,"href":"https:\/\/tucomarca.whitekongsoftware.com\/ca\/wp-json\/wp\/v2\/comments?post=235200"}],"version-history":[{"count":0,"href":"https:\/\/tucomarca.whitekongsoftware.com\/ca\/wp-json\/wp\/v2\/posts\/235200\/revisions"}],"wp:featuredmedia":[{"embeddable":true,"href":"https:\/\/tucomarca.whitekongsoftware.com\/ca\/wp-json\/wp\/v2\/media\/235198"}],"wp:attachment":[{"href":"https:\/\/tucomarca.whitekongsoftware.com\/ca\/wp-json\/wp\/v2\/media?parent=235200"}],"wp:term":[{"taxonomy":"category","embeddable":true,"href":"https:\/\/tucomarca.whitekongsoftware.com\/ca\/wp-json\/wp\/v2\/categories?post=235200"},{"taxonomy":"post_tag","embeddable":true,"href":"https:\/\/tucomarca.whitekongsoftware.com\/ca\/wp-json\/wp\/v2\/tags?post=235200"}],"curies":[{"name":"wp","href":"https:\/\/api.w.org\/{rel}","templated":true}]}}