{"id":234987,"date":"2024-08-31T11:00:00","date_gmt":"2024-08-31T09:00:00","guid":{"rendered":"https:\/\/www.tucomarca.com\/wordpress\/segunda\/?p=234987"},"modified":"2024-08-31T11:35:01","modified_gmt":"2024-08-31T09:35:01","slug":"estudis-del-ivcri-constaten-la-presencia-de-neandertals-a-la-plana-dutiel-requena","status":"publish","type":"post","link":"https:\/\/tucomarca.whitekongsoftware.com\/ca\/estudis-del-ivcri-constaten-la-presencia-de-neandertals-a-la-plana-dutiel-requena\/","title":{"rendered":"Estudis del IVCR+i constaten la pres\u00e8ncia de neandertals a la Plana d&#8217;Utiel-Requena"},"content":{"rendered":"\n<h3 class=\"wp-block-heading\">A la comarca de Requena Utiel van existir neandertals des dels inicis del Plistoc\u00e9 superior, fa aproximadament 100.000 anys.<\/h3>\n\n\n\n<h3 class=\"wp-block-heading\">En sis jaciments del Paleol\u00edtic mitj\u00e0 s&#8217;ha trobat ind\u00fastria l\u00edtica realitzada per aquests hom\u00ednids.<\/h3>\n\n\n\n<p class=\"wp-block-paragraph\">Recents treballs arqueol\u00f2gics realitzats pel Institut Valenci\u00e0 de Conservaci\u00f3, Restauraci\u00f3 i Investigaci\u00f3 (IVCR+i), dependent de la Conselleria d&#8217;Educaci\u00f3, Cultura, Universitats i Ocupaci\u00f3, en col\u00b7laboraci\u00f3 amb el Museu Arqueol\u00f2gic de Requena, posen de manifest la pres\u00e8ncia de neandertals a la comarca de Requena Utiel, en els inicis del Plistoc\u00e9 superior, fa aproximadament 100.000 anys.<\/p>\n\n\n\n<p class=\"wp-block-paragraph\">L&#8217;estudi de materials de prospecci\u00f3 arqueol\u00f2gica procedents de la Rambla dels Bruns (Requena), recuperats amb motiu de la delimitaci\u00f3 del Parc Cultural del vi en l&#8217;Antiguitat, demostren l&#8217;exist\u00e8ncia de sis jaciments del Paleol\u00edtic mitj\u00e0 amb nombroses restes d&#8217;ind\u00fastria l\u00edtica realitzada per neandertals. Entre la tipologia l\u00edtica trobada es troben raederas, ganivets i percutores.<\/p>\n\n\n\n<p class=\"wp-block-paragraph\">Aquests jaciments van estar ocupats en els inicis del Plistoc\u00e9 superior, fa aproximadament 100.000 anys, en el que va ser l&#8217;entorn d&#8217;una antiga llacuna, hui desapareguda.<\/p>\n\n\n\n<p class=\"wp-block-paragraph\">Aquest conjunt arqueol\u00f2gic suposa un element patrimonial de summe inter\u00e9s en l&#8217;espai delimitat dins d&#8217;aquest Parc Cultural, que t\u00e9 al vi com el seu centre gravitatori, i que ha sigut promogut per l&#8217;Ajuntament de Requena per a la conservaci\u00f3 i difusi\u00f3 d&#8217;un paisatge singularitzat per l&#8217;exist\u00e8ncia de jaciments relacionats amb el cultiu de la vinya i la producci\u00f3 i emmagatzematge de vi en \u00e8poca ib\u00e8rica (segles VI-V a de C), com la Solana de les Pilillas i altres jaciments del seu entorn.<\/p>\n\n\n\n<figure class=\"wp-block-image size-large\"><img loading=\"lazy\" decoding=\"async\" width=\"1024\" height=\"752\" src=\"http:\/\/www.tucomarca.com\/wordpress\/segunda\/wp-content\/uploads\/2024\/08\/Neandertal-1024x752.jpg\" alt=\"\" class=\"wp-image-234984\" srcset=\"https:\/\/tucomarca.whitekongsoftware.com\/wp-content\/uploads\/2024\/08\/Neandertal-1024x752.jpg 1024w, https:\/\/tucomarca.whitekongsoftware.com\/wp-content\/uploads\/2024\/08\/Neandertal-300x220.jpg 300w, https:\/\/tucomarca.whitekongsoftware.com\/wp-content\/uploads\/2024\/08\/Neandertal-768x564.jpg 768w, https:\/\/tucomarca.whitekongsoftware.com\/wp-content\/uploads\/2024\/08\/Neandertal-1536x1129.jpg 1536w, https:\/\/tucomarca.whitekongsoftware.com\/wp-content\/uploads\/2024\/08\/Neandertal-2048x1505.jpg 2048w, https:\/\/tucomarca.whitekongsoftware.com\/wp-content\/uploads\/2024\/08\/Neandertal-80x60.jpg 80w\" sizes=\"auto, (max-width: 1024px) 100vw, 1024px\" \/><\/figure>\n","protected":false},"excerpt":{"rendered":"<div class=\"mh-excerpt\">A la comarca de Requena Utiel van existir neandertals des dels inicis del Plistoc\u00e9 superior, fa aproximadament 100.000 anys. En sis jaciments del Paleol\u00edtic mitj\u00e0 s&#8217;ha trobat ind\u00fastria l\u00edtica realitzada per aquests hom\u00ednids. Recents treballs <a class=\"mh-excerpt-more\" href=\"https:\/\/tucomarca.whitekongsoftware.com\/ca\/estudis-del-ivcri-constaten-la-presencia-de-neandertals-a-la-plana-dutiel-requena\/\" title=\"Estudis del IVCR+i constaten la pres\u00e8ncia de neandertals a la Plana d&#8217;Utiel-Requena\">[+] <\/a><\/div>\n","protected":false},"author":1,"featured_media":234983,"comment_status":"open","ping_status":"open","sticky":false,"template":"","format":"image","meta":{"footnotes":""},"categories":[10898,10894,10904,11007,10908,10909,10896],"tags":[21127,11099,10910],"class_list":["post-234987","post","type-post","status-publish","format-image","has-post-thumbnail","category-ventana-ca","category-la-comarca-ca","category-sin-categorizar-ca","category-ocio-y-cultura-ca","category-requena-ca","category-requena-utiel-ca","category-seccion-ca","tag-neandertales-ca","tag-requena-ca","tag-requena-utiel-ca","post_format-post-format-image"],"_links":{"self":[{"href":"https:\/\/tucomarca.whitekongsoftware.com\/ca\/wp-json\/wp\/v2\/posts\/234987","targetHints":{"allow":["GET"]}}],"collection":[{"href":"https:\/\/tucomarca.whitekongsoftware.com\/ca\/wp-json\/wp\/v2\/posts"}],"about":[{"href":"https:\/\/tucomarca.whitekongsoftware.com\/ca\/wp-json\/wp\/v2\/types\/post"}],"author":[{"embeddable":true,"href":"https:\/\/tucomarca.whitekongsoftware.com\/ca\/wp-json\/wp\/v2\/users\/1"}],"replies":[{"embeddable":true,"href":"https:\/\/tucomarca.whitekongsoftware.com\/ca\/wp-json\/wp\/v2\/comments?post=234987"}],"version-history":[{"count":0,"href":"https:\/\/tucomarca.whitekongsoftware.com\/ca\/wp-json\/wp\/v2\/posts\/234987\/revisions"}],"wp:featuredmedia":[{"embeddable":true,"href":"https:\/\/tucomarca.whitekongsoftware.com\/ca\/wp-json\/wp\/v2\/media\/234983"}],"wp:attachment":[{"href":"https:\/\/tucomarca.whitekongsoftware.com\/ca\/wp-json\/wp\/v2\/media?parent=234987"}],"wp:term":[{"taxonomy":"category","embeddable":true,"href":"https:\/\/tucomarca.whitekongsoftware.com\/ca\/wp-json\/wp\/v2\/categories?post=234987"},{"taxonomy":"post_tag","embeddable":true,"href":"https:\/\/tucomarca.whitekongsoftware.com\/ca\/wp-json\/wp\/v2\/tags?post=234987"}],"curies":[{"name":"wp","href":"https:\/\/api.w.org\/{rel}","templated":true}]}}