{"id":234742,"date":"2024-08-29T18:00:00","date_gmt":"2024-08-29T16:00:00","guid":{"rendered":"https:\/\/www.tucomarca.com\/wordpress\/segunda\/?p=234742"},"modified":"2024-08-30T11:15:12","modified_gmt":"2024-08-30T09:15:12","slug":"el-festival-nomade-ontinyent-alforins-incorpora-a-nita-bonet-i-luis-pardo-en-el-cartell-musical-que-lideren-shinova-i-guillem-gisbert","status":"publish","type":"post","link":"https:\/\/tucomarca.whitekongsoftware.com\/ca\/el-festival-nomade-ontinyent-alforins-incorpora-a-nita-bonet-i-luis-pardo-en-el-cartell-musical-que-lideren-shinova-i-guillem-gisbert\/","title":{"rendered":"El \u2018Festival N\u00f3made Ontinyent-Alforins\u2019 incorpora a Nita Bonet i Luis Pardo en el cartell musical que lideren Shinova i Guillem Gisbert"},"content":{"rendered":"\n<h3 class=\"wp-block-heading\">Les DJs Lady Moon i Tangerine Sistas tamb\u00e9 formen part de la programaci\u00f3 musical. Luis Prado tancar\u00e0 el festival el diumenge en un nou escenari situat en la Pla\u00e7a de l\u2019Ajuntament de Bocairent.<\/h3>\n\n\n\n<h3 class=\"wp-block-heading\">La vicepresidenta primera de la Diputaci\u00f3 de Val\u00e8ncia, Natalia Enguix, afirma que &#8220;festivals com N\u00f3made o Boval Fest s\u00f3n un ant\u00eddot contra la turismefobia&#8221;.<\/h3>\n\n\n\n<h3 class=\"wp-block-heading\">La Diputaci\u00f3, els ajuntaments implicats i les mancomunitats de la Vall d&#8217;Albaida i la Costera-Canal col\u00b7laboren en el certamen, les entrades del qual per als concerts del 14 de setembre a Ontinyent estan ja disponibles en www.festivalnomade.com.<\/h3>\n\n\n<div class=\"wp-block-image\">\n<figure class=\"alignleft size-large is-resized\"><img loading=\"lazy\" decoding=\"async\" width=\"1024\" height=\"1024\" src=\"http:\/\/www.tucomarca.com\/wordpress\/segunda\/wp-content\/uploads\/2024\/08\/CartellNomade-1024x1024.jpg\" alt=\"\" class=\"wp-image-234739\" style=\"width:485px;height:auto\" srcset=\"https:\/\/tucomarca.whitekongsoftware.com\/wp-content\/uploads\/2024\/08\/CartellNomade-1024x1024.jpg 1024w, https:\/\/tucomarca.whitekongsoftware.com\/wp-content\/uploads\/2024\/08\/CartellNomade-300x300.jpg 300w, https:\/\/tucomarca.whitekongsoftware.com\/wp-content\/uploads\/2024\/08\/CartellNomade-290x290.jpg 290w, https:\/\/tucomarca.whitekongsoftware.com\/wp-content\/uploads\/2024\/08\/CartellNomade-768x768.jpg 768w, https:\/\/tucomarca.whitekongsoftware.com\/wp-content\/uploads\/2024\/08\/CartellNomade.jpg 1181w\" sizes=\"auto, (max-width: 1024px) 100vw, 1024px\" \/><\/figure>\n<\/div>\n\n\n<p class=\"wp-block-paragraph\">El \u2018Festival N\u00f3made Ontinyent-Alforins\u2019, el qual pertany a la marca \u2018Festivales Territorio\u2019, celebrar\u00e0 del 13 al 15 de setembre la seua tercera edici\u00f3 entre els municipis d&#8217;Ontinyent, Moixent i Bocairent.<\/p>\n\n\n\n<p class=\"wp-block-paragraph\">La Diputaci\u00f3 de Val\u00e8ncia col\u00b7labora en este certamen que compta enguany amb diferents artistes de renom en el panorama musical nacional com Shinova, Guillem Gisbert, Santero y Los Muchachos i Tito Ram\u00edrez. L&#8217;artista valenciana Nita Bonet i el cantant i compositor alacant\u00ed Luis Prado s&#8217;incorporen al cartell musical al costat de les DJs Tangerine Sistas i Lady Moon. La valenciana es pujar\u00e0 a l&#8217;escenari del Parc de la Glorieta el dissabte, mentres que Prado ho far\u00e0 el diumenge en la Pla\u00e7a de l&#8217;Ajuntament de Bocairent.<\/p>\n\n\n\n<p class=\"wp-block-paragraph\">La marca \u2018Festivales Territorio\u2019 engloba a cinc festivals de xicotet format repartits per diferents entorns naturals de la pen\u00ednsula. La seua posada en com\u00fa \u00e9s maridar la m\u00fasica, el paisatge, la gastronomia i l&#8217;art en enclavaments \u00fanics per a oferir una experi\u00e8ncia completa per a tots els sentits. La prov\u00edncia de Val\u00e8ncia acull este any dos dels \u2018Festivals Territori\u2019, el \u2018Festival N\u00f3made\u2019 i \u2018Tierra Bobal Fest\u2019, que es va celebrar el mes de juny. Els dos cert\u00e0mens estan patrocinats per la Diputaci\u00f3 de Val\u00e8ncia a trav\u00e9s de les seues \u00e0rees de Comarcalitzaci\u00f3 i Turisme, i pels ajuntaments i mancomunitats de municipis que els acullen.<\/p>\n\n\n\n<p class=\"wp-block-paragraph\">\u2018N\u00f3made\u2019 \u00e9s una aposta diferent per a posar en valor la riquesa paisatg\u00edstica i cultural del territori, i per aix\u00f2 oferix experi\u00e8ncies d&#8217;aforament limitat al p\u00fablic que vulga con\u00e9ixer el seu patrimoni. Les experi\u00e8ncies es troben disponibles en la p\u00e0gina web del festival, podent triar des de visites guiades a tast de vins o un aperitiu a l&#8217;aire lliure acompanyat de m\u00fasica.<\/p>\n\n\n\n<p class=\"wp-block-paragraph\">La vicepresidenta primera i responsable de Comarcalitzaci\u00f3 de la Diputaci\u00f3 de Val\u00e9ncia, Nat\u00e0lia Enguix, ha destacat que, iniciatives com \u2018N\u00f3made\u2019 o \u2018Tierra Bobal Fest\u2019, en les quals es combina m\u00fasica, gastronomia i territori, pretenen &#8220;atraure un turisme amable, tranquil i de qualitat a les comarques valencianes de l&#8217;interior. S\u00f3n festivals que actuen com un ant\u00eddot perfecte contra la turismefobia&#8221;, ha subratllat Enguix. La vicepresidenta de la Diputaci\u00f3 ha agra\u00eft a l&#8217;organitzaci\u00f3 la seua &#8220;aposta&#8221; per unes comarques que &#8220;s&#8217;estan obrint al turisme d&#8217;una manera prudent i sense perdre la seua identitat&#8221;.<\/p>\n\n\n\n<p class=\"wp-block-paragraph\">El director del festival, Carlos Montilla, assenyala que \u201camb esta proposta es busca que, l&#8217;art, la gastronomia, el patrimoni i el valor de cada comarca es transmeten a trav\u00e9s de \u2018N\u00f3made\u2019, que compta amb un ampli programa d&#8217;activitats\u201d. En este sentit, apunta que \u201ccada edici\u00f3 \u00e9s diferent, canvien les ubicacions i les activitats, per aix\u00f2 el p\u00fablic el viu com si fora la primera vegada. \u00c9s la nostra senya d&#8217;identitat\u201d.<\/p>\n\n\n\n<p class=\"wp-block-paragraph\">Les entrades que donen acc\u00e9s a la programaci\u00f3 musical del dissabte 14 de setembre es troben disponibles a trav\u00e9s de la web, i les entrades per al transport es posaran a la venda en les pr\u00f2ximes setmanes.<\/p>\n\n\n\n<p class=\"wp-block-paragraph\">Al igual que la resta de \u2018Festivales Territorio\u2019 i, en col\u00b7laboraci\u00f3 amb els municipis d&#8217;Ontinyent, Bocairent i Moixent, \u2018N\u00f3made\u2019 es caracteritza per oferir una programaci\u00f3 diferent, allunyada de les multituds, i respectant l&#8217;entorn. Tamb\u00e9 col\u00b7laboren en este festival les Mancomunitats de la Costera \u2013 Canal i de la Vall d&#8217;Albaida<\/p>\n\n\n\n<p class=\"wp-block-paragraph\"><strong>Una programaci\u00f3 musical ecl\u00e8ctica<\/strong><\/p>\n\n\n\n<p class=\"wp-block-paragraph\">Shinova, grup de rock amb cinc discos a la seua esquena, es troba de gira presentat el seu \u00faltim treball titulat Presente, que ha sigut n\u00ba1 en la llista oficial de vendes del pa\u00eds. Guillem Gisbert arranca projecte en solitari despr\u00e9s de quinze anys en la reconeguda banda catalana Manel. Balla la masurca! \u00e9s el seu primer disc en el qual explora diversos g\u00e8neres musicals. Mentrestant, Tito Ram\u00edrez ens presenta el seu segon treball, titulat El Prince, fent seus diferents sons i \u00e8poques, influenciat per ritmes com la psicodelia, Latin Soul, Garaje, Mambo o el Boogaloo, entre altres.<\/p>\n\n\n\n<p class=\"wp-block-paragraph\">Els valencians Santero y Los Muchachos, arribaran a \u2018N\u00f3made\u2019 per a traslladar al p\u00fablic el seu \u201crock reposat\u201d, un repertori ple de can\u00e7ons amb un toc mel\u00f2dic i captivador. La valenciana Nita Bonet sorprendr\u00e0 el p\u00fablic amb la seua diversitat de registres, des de sons m\u00e9s suaus i arenosos fins a tocs grunge i esquin\u00e7adors. Finalment, el cantant Luis Prado, tamb\u00e9 conegut per ser fundador de la banda Se\u00f1or Mostaza, portar\u00e0 a Bocairent els seus temes en solitari, principalment del seu tercer i \u00faltim disc La estafa de la vida adulta.<\/p>\n\n\n\n<p class=\"wp-block-paragraph\">Press kit d&#8217;artistes de \u2018N\u00f3made\u2019 i imatges de l&#8217;edici\u00f3 anterior ac\u00ed <a href=\"https:\/\/drive.google.com\/drive\/folders\/1u3eL5BxOcDfmxiv20xsQrKzXnwH6SY7i?usp=sharing\">en este enlla\u00e7<\/a><\/p>\n\n\n\n<p class=\"wp-block-paragraph\"><strong>\u2018Festivales Territorio\u2019<\/strong><\/p>\n\n\n\n<p class=\"wp-block-paragraph\">\u2018Festivales Territorio\u2019 \u00e9s un projecte d&#8217;experi\u00e8ncies culturals creat per l&#8217;empresa I-Radia Crea, que treballa per a desenvolupar accions exclusives en espais de gran riquesa patrimonial i natural. Territoris amb forts valors culturals que necessiten dialogar amb si mateixos i els seus visitants, per a plantejar un futur sostenible en termes de cultura, turisme, consum i desenvolupament.<\/p>\n\n\n\n<p class=\"wp-block-paragraph\">Esta marca acull els festivals \u201817\u00b0 Ribeira Sacra\u2019, \u2018Esf\u00e9rica Rioja Alavesa\u2019, \u2018N\u00f3made Alcusses- Alforins\u2019, \u2018Tierra Bobal Fest\u2019 i \u2018Canari\u2019. Els dos primers es consideren ja festivals de refer\u00e8ncia que, amb huit i quatre edicions a la seua esquena, respectivament, continuen amb el repte de treballar en territoris privilegiats com s\u00f3n Ribeira Sacra, una zona candidata a Patrimoni de la Humanitat, i Rioja Alabesa, que es caracteritzen per la seua riquesa patrimonial, art\u00edstica, hist\u00f2rica i vin\u00edcola, amb grans perspectives de desenvolupament. Mentres que \u2018N\u00f3made\u2019 va n\u00e0ixer en 2022 en Terres dels Alforins, \u2018Tierra Bobal Fest\u2019 va fer el mateix en 2023 a la Plana de Utiel-Requena. Els dos festivals representen la riquesa natural i vin\u00edcola de la Comunitat Valenciana.<\/p>\n\n\n\n<p class=\"wp-block-paragraph\">Cada esdeveniment est\u00e0 dissenyat a mesura del seu territori, cultura i riquesa, i es mou amb l&#8217;objectiu de consolidar un nou esdeveniment referent i amb car\u00e0cter internacional. Una experi\u00e8ncia singular per a redescobrir la riquesa i el potencial de cada zona.<\/p>\n","protected":false},"excerpt":{"rendered":"<div class=\"mh-excerpt\">Les DJs Lady Moon i Tangerine Sistas tamb\u00e9 formen part de la programaci\u00f3 musical. Luis Prado tancar\u00e0 el festival el diumenge en un nou escenari situat en la Pla\u00e7a de l\u2019Ajuntament de Bocairent. La vicepresidenta <a class=\"mh-excerpt-more\" href=\"https:\/\/tucomarca.whitekongsoftware.com\/ca\/el-festival-nomade-ontinyent-alforins-incorpora-a-nita-bonet-i-luis-pardo-en-el-cartell-musical-que-lideren-shinova-i-guillem-gisbert\/\" title=\"El \u2018Festival N\u00f3made Ontinyent-Alforins\u2019 incorpora a Nita Bonet i Luis Pardo en el cartell musical que lideren Shinova i Guillem Gisbert\">[+] <\/a><\/div>\n","protected":false},"author":12,"featured_media":234738,"comment_status":"open","ping_status":"open","sticky":false,"template":"","format":"standard","meta":{"footnotes":""},"categories":[20520,10898,10904,20456,11007,10896],"tags":[11246,21124,20871],"class_list":["post-234742","post","type-post","status-publish","format-standard","has-post-thumbnail","category-cooperacio-municipal","category-ventana-ca","category-sin-categorizar-ca","category-la-diputacio-de-valencia-informa-ca","category-ocio-y-cultura-ca","category-seccion-ca","tag-diputacio-de-valencia-ca","tag-festival-nomade-ontinyent-alforins-ca","tag-festivales-territorio-ca"],"_links":{"self":[{"href":"https:\/\/tucomarca.whitekongsoftware.com\/ca\/wp-json\/wp\/v2\/posts\/234742","targetHints":{"allow":["GET"]}}],"collection":[{"href":"https:\/\/tucomarca.whitekongsoftware.com\/ca\/wp-json\/wp\/v2\/posts"}],"about":[{"href":"https:\/\/tucomarca.whitekongsoftware.com\/ca\/wp-json\/wp\/v2\/types\/post"}],"author":[{"embeddable":true,"href":"https:\/\/tucomarca.whitekongsoftware.com\/ca\/wp-json\/wp\/v2\/users\/12"}],"replies":[{"embeddable":true,"href":"https:\/\/tucomarca.whitekongsoftware.com\/ca\/wp-json\/wp\/v2\/comments?post=234742"}],"version-history":[{"count":0,"href":"https:\/\/tucomarca.whitekongsoftware.com\/ca\/wp-json\/wp\/v2\/posts\/234742\/revisions"}],"wp:featuredmedia":[{"embeddable":true,"href":"https:\/\/tucomarca.whitekongsoftware.com\/ca\/wp-json\/wp\/v2\/media\/234738"}],"wp:attachment":[{"href":"https:\/\/tucomarca.whitekongsoftware.com\/ca\/wp-json\/wp\/v2\/media?parent=234742"}],"wp:term":[{"taxonomy":"category","embeddable":true,"href":"https:\/\/tucomarca.whitekongsoftware.com\/ca\/wp-json\/wp\/v2\/categories?post=234742"},{"taxonomy":"post_tag","embeddable":true,"href":"https:\/\/tucomarca.whitekongsoftware.com\/ca\/wp-json\/wp\/v2\/tags?post=234742"}],"curies":[{"name":"wp","href":"https:\/\/api.w.org\/{rel}","templated":true}]}}